{"id":920482,"date":"2022-08-12T11:37:52","date_gmt":"2022-08-12T14:37:52","guid":{"rendered":"https:\/\/www.cnbb.org.br\/?p=920482"},"modified":"2022-08-12T11:38:09","modified_gmt":"2022-08-12T14:38:09","slug":"o-valor-da-familia-no-plano-de-deus-no-mundo-e-nos-santos-padres","status":"publish","type":"post","link":"https:\/\/www.cnbb.org.br\/o-valor-da-familia-no-plano-de-deus-no-mundo-e-nos-santos-padres\/","title":{"rendered":"O valor da fam\u00edlia no plano de Deus, no mundo e nos santos padres"},"content":{"rendered":"<p style=\"text-align: right;\"><strong>\u00a0Dom Vital Corbellini<br \/>\nBispo de Marab\u00e1 (PA)\u00a0<\/strong><\/p>\n<p>&nbsp;<\/p>\n<p style=\"text-align: justify;\"><span data-contrast=\"auto\">A Igreja valoriza a fam\u00edlia porque foi criada por Deus, sendo um dom para as pessoas seguidoras de Cristo, do Evangelho e \u00e9 ao mesmo tempo, responsabilidade humana, por tratar-se de uma miss\u00e3o assumida por duas pessoas, homem e mulher. Ela \u00e9 tamb\u00e9m uma realidade eclesial, social fundamental na conviv\u00eancia humana. Para os padres da Igreja a fam\u00edlia era uma comunidade que comportava igualdade entre os seus membros<\/span><span data-contrast=\"auto\">1<\/span><span data-contrast=\"auto\">. Os padres da Igreja seguiam a doutrina crist\u00e3 proveniente da Sagrada Escritura que afirma que o homem e a mulher foram criados por Deus(Gn 1,26) e eram perfeitamente iguais diante de Deus pela dignidade e valor<\/span><span data-contrast=\"auto\">2<\/span><span data-contrast=\"auto\">. Tinha presentes tamb\u00e9m a igualdade entre as pessoas de filhos e filhas de Deus, irm\u00e3os e irm\u00e3s de Jesus Cristo<\/span><span data-contrast=\"auto\">3<\/span><span data-contrast=\"auto\">.\u00a0<\/span><span data-ccp-props=\"{&quot;201341983&quot;:0,&quot;335551550&quot;:6,&quot;335551620&quot;:6,&quot;335559739&quot;:200,&quot;335559740&quot;:276}\">\u00a0<\/span><\/p>\n<p style=\"text-align: justify;\"><span data-contrast=\"auto\">O m\u00eas de agosto oportuniza a reflex\u00e3o sobre as voca\u00e7\u00f5es sendo todas fundamentais diante de Deus porque elas nascem de Deus e tem como fim o servi\u00e7o \u00e0s pessoas humanas<\/span><span data-contrast=\"auto\">, \u00e0 Igreja, \u00e0 sociedade<\/span><span data-contrast=\"auto\"> e \u00e0 gl\u00f3ria do pr\u00f3prio Senhor. Elas colocam a import\u00e2ncia do batismo, da crisma, da eucaristia, os sacramentos da inicia\u00e7\u00e3o \u00e0 vida crist\u00e3. Ap\u00f3s a reflex\u00e3o da vida sacerdotal ocorrida no primeiro domingo, no segundo domingo, a Igreja coloca a vida matrimonial como outra voca\u00e7\u00e3o a ser seguida pelos fieis ao Senhor do qual a grande maioria do povo de Deus a assume para a vida da Igreja, da sociedade, para honra e gl\u00f3ria do Senhor Deus Uno e Trino.\u00a0<\/span><span data-ccp-props=\"{&quot;201341983&quot;:0,&quot;335551550&quot;:6,&quot;335551620&quot;:6,&quot;335559739&quot;:200,&quot;335559740&quot;:276}\">\u00a0<\/span><\/p>\n<p style=\"text-align: justify;\"><span data-contrast=\"auto\">A Igreja olha com carinho e amor todas as situa\u00e7\u00f5es familiares, de modo que a pastoral familiar ajuda muito na resolu\u00e7\u00e3o e no encaminhamento das diversidades de fam\u00edlias. A situa\u00e7\u00e3o familiar exige toda aten\u00e7\u00e3o por parte da comunidade eclesial porque se de um lado muitas fam\u00edlias vivem a unidade, a indissolubilidade no matrim\u00f4nio, existem outras fam\u00edlias, enfrentando dificuldades de relacionamento, de separa\u00e7\u00f5es, de casais de segunda uni\u00e3o, e outras formas de fam\u00edlias.<\/span><span data-contrast=\"auto\"> \u00c9 preciso rezar pelas fam\u00edlias para <\/span><span data-contrast=\"auto\">que vivam na paz, no amor. A Igreja percebe com fervor os jovens que est\u00e3o se preparando para a vida matrimonial de modo que constituam uma boa fam\u00edlia, porque \u00e9 das fam\u00edlias que nascem as voca\u00e7\u00f5es.\u00a0<\/span><span data-ccp-props=\"{&quot;201341983&quot;:0,&quot;335551550&quot;:6,&quot;335551620&quot;:6,&quot;335559739&quot;:200,&quot;335559740&quot;:276}\">\u00a0<\/span><\/p>\n<p style=\"text-align: justify;\"><span data-contrast=\"auto\">Os documentos pontif\u00edcios ressaltaram a import\u00e2ncia da fam\u00edlia. O Papa Jo\u00e3o Paulo II disse que a Igreja iluminada pela f\u00e9, coloca como bens preciosos o matrim\u00f4nio e a fam\u00edlia, de modo que anuncia para eles o Evangelho, a Boa Nova para todos aqueles que s\u00e3o chamados ao matrim\u00f4nio, bem como aos esposos e aos pais do mundo<\/span><span data-contrast=\"auto\">4<\/span><span data-contrast=\"auto\">. O Papa Francisco, seguindo a palavra do Senhor, afirmou que o consentimento e a uni\u00e3o dos seus corpos, homem e mulher, s\u00e3o os instrumentos da a\u00e7\u00e3o divina tornando-os uma s\u00f3 carne (Mc 10,8). Pelo batismo tem as pessoas, a sua capacidade para se unir em matrim\u00f4nio como ministros do Senhor, respondendo \u00e0 voca\u00e7\u00e3o que vem de Deus<\/span><span data-contrast=\"auto\">5<\/span><span data-contrast=\"auto\">. \u201cA fam\u00edlia \u00e9 o \u00e2mbito n\u00e3o s\u00f3 da gera\u00e7\u00e3o, mas tamb\u00e9m do acolhimento da vida que chega como um presente de Deus\u201d<\/span><span data-contrast=\"auto\">6<\/span><span data-contrast=\"auto\">. A seguir veremos n\u00f3s a import\u00e2ncia da fam\u00edlia nos padres da Igreja, os primeiros escritores crist\u00e3os que em unidade com a palavra de Deus, elaboraram uma doutrina a respeito da fam\u00edlia crist\u00e3.\u00a0<\/span><span data-ccp-props=\"{&quot;201341983&quot;:0,&quot;335551550&quot;:6,&quot;335551620&quot;:6,&quot;335559731&quot;:708,&quot;335559739&quot;:200,&quot;335559740&quot;:276}\">\u00a0<\/span><\/p>\n<p style=\"text-align: justify;\"><span data-contrast=\"auto\">O cuidado com a pr\u00f3pria fam\u00edlia.<\/span><span data-ccp-props=\"{&quot;201341983&quot;:0,&quot;335551550&quot;:6,&quot;335551620&quot;:6,&quot;335559739&quot;:200,&quot;335559740&quot;:276}\">\u00a0<\/span><\/p>\n<p style=\"text-align: justify;\"><span data-contrast=\"auto\">S\u00e3o Clemente de Alexandria, padre da Igreja do s\u00e9culo II e III disse que a escolha da fam\u00edlia \u00e9 uma voca\u00e7\u00e3o e pelo matrim\u00f4nio a pessoa educar\u00e1 os seus filhos, filhas para a vida e aos valores crist\u00e3os. A pessoa age para o bem da fam\u00edlia, tendo presente a sua import\u00e2ncia para nunca se afastar do amor de Deus e combate contra todas as tenta\u00e7\u00f5es que atingem os filhos, as filhas, a mulher e outras pessoas da fam\u00edlia. A pessoa toma o cuidado com a fam\u00edlia, para estabelecer o amor a Deus e ao pr\u00f3ximo<\/span><span data-contrast=\"auto\">7<\/span><span data-contrast=\"auto\">.<\/span><span data-ccp-props=\"{&quot;201341983&quot;:0,&quot;335551550&quot;:6,&quot;335551620&quot;:6,&quot;335559739&quot;:200,&quot;335559740&quot;:276}\">\u00a0<\/span><\/p>\n<p style=\"text-align: justify;\"><span data-contrast=\"auto\">A fam\u00edlia, preocupa\u00e7\u00e3o com o pr\u00f3ximo.\u00a0<\/span><span data-ccp-props=\"{&quot;201341983&quot;:0,&quot;335551550&quot;:6,&quot;335551620&quot;:6,&quot;335559739&quot;:200,&quot;335559740&quot;:276}\">\u00a0<\/span><\/p>\n<p style=\"text-align: justify;\"><span data-contrast=\"auto\">S\u00e3o Jo\u00e3o Cris\u00f3stomo, bispo de Constantinopla, s\u00e9culos IV e V, afirmou a import\u00e2ncia da fam\u00edlia, porque ela alude a preocupa\u00e7\u00e3o com o pr\u00f3ximo. Os pais admoestam os seus filhos, suas filhas em vista do bem comum e do amor ao pr\u00f3ximo, de modo que ao realizar tais coisas ter\u00e3o imitadores. Todos os membros da fam\u00edlia s\u00e3o chamados \u00e0 virtude do bem e do amor. Cada pessoa assuma como dever a salva\u00e7\u00e3o do pr\u00f3ximo<\/span><span data-contrast=\"auto\">8<\/span><span data-contrast=\"auto\">.\u00a0<\/span><span data-ccp-props=\"{&quot;201341983&quot;:0,&quot;335551550&quot;:6,&quot;335551620&quot;:6,&quot;335559739&quot;:200,&quot;335559740&quot;:276}\">\u00a0<\/span><\/p>\n<p style=\"text-align: justify;\"><span data-contrast=\"auto\">Na fam\u00edlia cuidam todos de todos<\/span><span data-ccp-props=\"{&quot;201341983&quot;:0,&quot;335551550&quot;:6,&quot;335551620&quot;:6,&quot;335559739&quot;:200,&quot;335559740&quot;:276}\">\u00a0<\/span><\/p>\n<p style=\"text-align: justify;\"><span data-contrast=\"auto\">S\u00e3o Jo\u00e3o Cris\u00f3stomo ainda afirmou que na fam\u00edlia haveria o cuidado de todos para com todos. Cada um dos membros possui uma ovelha para cuidar. O homem com as suas palavras e obras, torna a sua casa e a sua fam\u00edlia mais piedosa; a mulher, por sua parte demonstre ser uma boa dona de casa e ajude para que todos os membros fa\u00e7am obras boas para o reino dos c\u00e9us. Na vida social viva bem a fam\u00edlia, seja nos compromissos pelos pagamentos de impostos, seja pela boa conviv\u00eancia junto com outras fam\u00edlias, de modo que as fam\u00edlias agradem a Deus. \u00c9 muito importante que a fam\u00edlia busque a virtude da caridade e tamb\u00e9m fa\u00e7a obras boas em favor do pr\u00f3ximo<\/span><span data-contrast=\"auto\">9<\/span><span data-contrast=\"auto\">.\u00a0<\/span><span data-ccp-props=\"{&quot;201341983&quot;:0,&quot;335551550&quot;:6,&quot;335551620&quot;:6,&quot;335559739&quot;:200,&quot;335559740&quot;:276}\">\u00a0<\/span><\/p>\n<p style=\"text-align: justify;\"><span data-contrast=\"auto\">A obedi\u00eancia aos pais.<\/span><span data-ccp-props=\"{&quot;201341983&quot;:0,&quot;335551550&quot;:6,&quot;335551620&quot;:6,&quot;335559739&quot;:200,&quot;335559740&quot;:276}\">\u00a0<\/span><\/p>\n<p style=\"text-align: justify;\"><span data-contrast=\"auto\">Teodoreto de Ciro, bispo na S\u00edria, s\u00e9culos IV e V afirmou a miss\u00e3o do chefe de fam\u00edlia na casa. Ele via a import\u00e2ncia de ter algu\u00e9m para coordenar a casa de fam\u00edlia, no caso os pais. Ele disse que existe uma semelhan\u00e7a com uma autoridade que tamb\u00e9m\u00a0 tem os anjos que como disse a Sagrada Escritura no c\u00e9u, \u00e9 habitado n\u00e3o s\u00f3 pelos anjos, mas tamb\u00e9m pelos arcanjos e se estes mandam, os outros obedecem. Se nas alturas obedecem e outros mandam as ordens com sabedoria, assim tamb\u00e9m ocorre na fam\u00edlia, onde os pais mandam sobre os filhos e filhas, para que tudo v\u00e1 para frente. Esta ordem vem do Criador na fam\u00edlia humana e tamb\u00e9m existe tal forma de mandar nos sagrados ministros, pois se alguns o Senhor os fez dignos do sacerd\u00f3cio pelo episcopado, outros os colocou na ordem da obedi\u00eancia de modo que tudo leva as pessoas ao louvor do Criador<\/span><span data-contrast=\"auto\">10<\/span><span data-contrast=\"auto\">.<\/span><span data-ccp-props=\"{&quot;201341983&quot;:0,&quot;335551550&quot;:6,&quot;335551620&quot;:6,&quot;335559739&quot;:200,&quot;335559740&quot;:276}\">\u00a0<\/span><\/p>\n<p style=\"text-align: justify;\"><span data-contrast=\"auto\">O oficio sacerdotal na fam\u00edlia.<\/span><span data-ccp-props=\"{&quot;201341983&quot;:0,&quot;335551550&quot;:6,&quot;335551620&quot;:6,&quot;335559739&quot;:200,&quot;335559740&quot;:276}\">\u00a0<\/span><\/p>\n<p style=\"text-align: justify;\"><span data-contrast=\"auto\">Santo Agostinho, bispo de Hipona, s\u00e9culos IV e V afirmou que os pais exercem uma fun\u00e7\u00e3o eclesial, sacerdotal, junto do lar familiar. Estes s<\/span><span data-contrast=\"auto\">\u00e3o todos servidores de Cristo, cada um segundo as suas possibilidades, vivendo no bem, fazendo esmolas, anunciando o nome do Senhor. Quando os pais de fam\u00edlia<\/span><span data-contrast=\"auto\">s assumem a miss\u00e3o de servos de Cristo, fazem o dever de amar os seus familiares com afeto paterno e materno. Eles tamb\u00e9m ajudam na educa\u00e7\u00e3o dos filhos, os exorta para a vida familiar e crist\u00e3, servindo a Cristo para estar na eternidade com ele. Segundo o bispo de Hipona, muitos n\u00e3o eram nem bispos, nem sacerdotes, mas somente crian\u00e7as, virgens, jovens, velhos, esposos, esposas, pais, m\u00e3es de fam\u00edlia, servindo Cristo, aos irm\u00e3os e irm\u00e3s<\/span><span data-contrast=\"auto\">11<\/span><span data-contrast=\"auto\">.\u00a0<\/span><span data-ccp-props=\"{&quot;201341983&quot;:0,&quot;335551550&quot;:6,&quot;335551620&quot;:6,&quot;335559739&quot;:200,&quot;335559740&quot;:276}\">\u00a0<\/span><\/p>\n<p style=\"text-align: justify;\"><span data-contrast=\"auto\">Um exemplo de vida familiar, M\u00f4nica\u00a0<\/span><span data-ccp-props=\"{&quot;201341983&quot;:0,&quot;335551550&quot;:6,&quot;335551620&quot;:6,&quot;335559739&quot;:200,&quot;335559740&quot;:276}\">\u00a0<\/span><\/p>\n<p style=\"text-align: justify;\"><span data-contrast=\"auto\">Santo Agostinho, ainda teve presente a sua m\u00e3e, M\u00f4nica como um exemplo de pessoa na vida familiar. Ela foi educada na sobriedade, submissa aos seus pais, ao Senhor, e na idade adulta, ela assumiu o matrim\u00f4nio com um marido a quem serviu como senhor. Ela quis levar o marido \u00e0 vida de virtudes. Ela suportou as infidelidades conjugais, e fez de tudo para que as coisas andassem para frente com a gra\u00e7a de Deus. Mesmo que o pai de Santo Agostinho fosse de cora\u00e7\u00e3o afetuoso, ele se encolerizava facilmente. Santo Agostinho disse que a sua m\u00e3e procurava o momento oportuno para mostrar-lhe a ira dada sem reflex\u00e3o. Ele agradecia ao Senhor pela fiel serva em cujo seio ele foi criado. Nas disc\u00f3rdias familiares procurava ela quanto poss\u00edvel a concilia\u00e7\u00e3o. Nos \u00faltimos anos de vida do marido, Patr\u00edcio, M\u00f4nica conquistou-o para o Senhor, buscando uma vida de convers\u00e3o, de modo que ela n\u00e3o se lamentava mais dos ultrajes que antes sofria. Ela teve uma vida santa pelas boas obras. Ela fora esposa de um s\u00f3 marido, tinha cumprido seu dever para com os pais, governado a casa com dedica\u00e7\u00e3o e ela deu um testemunho de vida com boas obras que enalteceram o Senhor<\/span><span data-contrast=\"auto\">12<\/span><span data-contrast=\"auto\">.\u00a0<\/span><span data-ccp-props=\"{&quot;201341983&quot;:0,&quot;335551550&quot;:6,&quot;335551620&quot;:6,&quot;335559739&quot;:200,&quot;335559740&quot;:276}\">\u00a0<\/span><\/p>\n<p style=\"text-align: justify;\"><span data-contrast=\"auto\">A fam\u00edlia \u00e9 uma ben\u00e7\u00e3o de Deus Uno e Trino para a Igreja, para o mundo. Rezemos por todas as fam\u00edlias para que vivam o amor a Deus, ao pr\u00f3ximo como a si mesmo. As fam\u00edlias de ontem e de hoje sejam oportunidades para crescer na paz e no amor no seio familiar, comunit\u00e1rio, social e um dia, elas participem do Reino de Deus.\u00a0<\/span><span data-ccp-props=\"{&quot;201341983&quot;:0,&quot;335551550&quot;:6,&quot;335551620&quot;:6,&quot;335559739&quot;:200,&quot;335559740&quot;:276}\">\u00a0<\/span><\/p>\n","protected":false},"excerpt":{"rendered":"<p>\u00a0Dom Vital Corbellini Bispo de Marab\u00e1 (PA)\u00a0 &nbsp; A Igreja valoriza a fam\u00edlia porque foi criada por Deus, sendo um dom para as pessoas seguidoras de Cristo, do Evangelho e \u00e9 ao mesmo tempo, responsabilidade humana, por tratar-se de uma miss\u00e3o assumida por duas pessoas, homem e mulher. Ela \u00e9 tamb\u00e9m uma realidade eclesial, social &hellip;<\/p>\n<p class=\"read-more\"> <a class=\"\" href=\"https:\/\/www.cnbb.org.br\/o-valor-da-familia-no-plano-de-deus-no-mundo-e-nos-santos-padres\/\"> <span class=\"screen-reader-text\">O valor da fam\u00edlia no plano de Deus, no mundo e nos santos padres<\/span> Leia mais &raquo;<\/a><\/p>\n","protected":false},"author":16,"featured_media":0,"comment_status":"open","ping_status":"open","sticky":false,"template":"","format":"standard","meta":{"site-sidebar-layout":"default","site-content-layout":"default","ast-global-header-display":"","ast-banner-title-visibility":"","ast-main-header-display":"","ast-hfb-above-header-display":"","ast-hfb-below-header-display":"","ast-hfb-mobile-header-display":"","site-post-title":"","ast-breadcrumbs-content":"","ast-featured-img":"","footer-sml-layout":"","theme-transparent-header-meta":"default","adv-header-id-meta":"","stick-header-meta":"","header-above-stick-meta":"","header-main-stick-meta":"","header-below-stick-meta":""},"categories":[758],"tags":[],"acf":[],"_links":{"self":[{"href":"https:\/\/www.cnbb.org.br\/cnbb-app\/wp\/v2\/posts\/920482"}],"collection":[{"href":"https:\/\/www.cnbb.org.br\/cnbb-app\/wp\/v2\/posts"}],"about":[{"href":"https:\/\/www.cnbb.org.br\/cnbb-app\/wp\/v2\/types\/post"}],"author":[{"embeddable":true,"href":"https:\/\/www.cnbb.org.br\/cnbb-app\/wp\/v2\/users\/16"}],"replies":[{"embeddable":true,"href":"https:\/\/www.cnbb.org.br\/cnbb-app\/wp\/v2\/comments?post=920482"}],"version-history":[{"count":0,"href":"https:\/\/www.cnbb.org.br\/cnbb-app\/wp\/v2\/posts\/920482\/revisions"}],"wp:attachment":[{"href":"https:\/\/www.cnbb.org.br\/cnbb-app\/wp\/v2\/media?parent=920482"}],"wp:term":[{"taxonomy":"category","embeddable":true,"href":"https:\/\/www.cnbb.org.br\/cnbb-app\/wp\/v2\/categories?post=920482"},{"taxonomy":"post_tag","embeddable":true,"href":"https:\/\/www.cnbb.org.br\/cnbb-app\/wp\/v2\/tags?post=920482"}],"curies":[{"name":"wp","href":"https:\/\/api.w.org\/{rel}","templated":true}]}}