{"id":920509,"date":"2022-08-12T15:20:26","date_gmt":"2022-08-12T18:20:26","guid":{"rendered":"https:\/\/www.cnbb.org.br\/?p=920509"},"modified":"2022-08-14T21:21:02","modified_gmt":"2022-08-15T00:21:02","slug":"conselho-missionario-nacional-realiza-sua-37a-assembleia-de-11-a-14-de-agosto-em-brasilia-na-sede-das-pom","status":"publish","type":"post","link":"https:\/\/www.cnbb.org.br\/conselho-missionario-nacional-realiza-sua-37a-assembleia-de-11-a-14-de-agosto-em-brasilia-na-sede-das-pom\/","title":{"rendered":"Conselho Mission\u00e1rio Nacional realizou sua 37\u00aa Assembleia, de 11 a 14 de agosto, em Bras\u00edlia na sede das POM"},"content":{"rendered":"<p style=\"text-align: justify;\">A Igreja do Brasil se encontrou entre os dias 11 e 14 de agosto, na sede das Pontif\u00edcias Obras Mission\u00e1rias em Bras\u00edlia, para aprofundar a sua ess\u00eancia mission\u00e1ria durante a 37\u00aa Assembleia do Conselho Mission\u00e1rio Nacional (COMINA). A assembleia re\u00fane bispos, padres, religiosas, leigos e leigas que comp\u00f5em os Conselhos Mission\u00e1rios Regionais (COMIRE), membros das comiss\u00f5es Episcopal Pastoral para a A\u00e7\u00e3o Mission\u00e1ria e Coopera\u00e7\u00e3o Intereclesial\u00a0 e Episcopal Especial para a Amaz\u00f4nia da Confer\u00eancia Nacional dos Bispos do Brasil (CNBB), diretor e secret\u00e1rios das Pontif\u00edcias Obras Mission\u00e1rias (POM), representantes das institui\u00e7\u00f5es e organismos mission\u00e1rios membros do COMINA.<\/p>\n<figure id=\"attachment_920513\" aria-describedby=\"caption-attachment-920513\" style=\"width: 300px\" class=\"wp-caption alignleft\"><img decoding=\"async\" loading=\"lazy\" class=\"wp-image-920513 size-medium\" src=\"https:\/\/www.cnbb.org.br\/wp-content\/uploads\/2022\/08\/Dom-Odelir-300x200.jpeg\" alt=\"\" width=\"300\" height=\"200\" srcset=\"https:\/\/www.cnbb.org.br\/wp-content\/uploads\/2022\/08\/Dom-Odelir-300x200.jpeg 300w, https:\/\/www.cnbb.org.br\/wp-content\/uploads\/2022\/08\/Dom-Odelir-1024x682.jpeg 1024w, https:\/\/www.cnbb.org.br\/wp-content\/uploads\/2022\/08\/Dom-Odelir-768x512.jpeg 768w, https:\/\/www.cnbb.org.br\/wp-content\/uploads\/2022\/08\/Dom-Odelir-391x260.jpeg 391w, https:\/\/www.cnbb.org.br\/wp-content\/uploads\/2022\/08\/Dom-Odelir-500x333.jpeg 500w, https:\/\/www.cnbb.org.br\/wp-content\/uploads\/2022\/08\/Dom-Odelir.jpeg 1280w\" sizes=\"(max-width: 300px) 100vw, 300px\" \/><figcaption id=\"caption-attachment-920513\" class=\"wp-caption-text\">Dom Odelir Jos\u00e9 Magri, presidente da Comiss\u00e3o Mission\u00e1ria da CNBB, fala na abertura da Assembleia. | Fotos: Ascom POM<\/figcaption><\/figure>\n<p style=\"text-align: justify;\">Neste ano, o encontro prop\u00f5e aprofundar os conceitos mission\u00e1rios, buscando uma melhor efetividade da anima\u00e7\u00e3o mission\u00e1ria nas dioceses. Haver\u00e1 espa\u00e7o para que os participantes discutam a atualiza\u00e7\u00e3o do Regulamento do COMINA, bem como a avalia\u00e7\u00e3o do Programa Mission\u00e1rio Nacional (PMN), oportunizando que os representantes dos grupos de trabalho apresentem os passos concretos realizados. Tamb\u00e9m estar\u00e3o em pauta os Congressos Mission\u00e1rios Americano, Nacional e Regionais, o incentivo da forma\u00e7\u00e3o mission\u00e1ria do Centro Cultural Mission\u00e1rio e a anima\u00e7\u00e3o das Campanhas Mission\u00e1rias, que neste ano celebram 50 anos de hist\u00f3ria.<\/p>\n<p style=\"text-align: justify;\">O coordenador do Conselho Mission\u00e1rio Regional (COMIRE) do Regional Sul 4, padre Edivandro Frare, da diocese de Chapec\u00f3 (SC), destaca a import\u00e2ncia dos encontros presenciais com lideran\u00e7as mission\u00e1rias de todo o Brasil. \u201cEsse encontro do Conselho Mission\u00e1rio Nacional nos ajuda a aprofundar aqueles aspectos que s\u00e3o essenciais para a anima\u00e7\u00e3o mission\u00e1ria. Percebemos que n\u00e3o estamos sozinhos no caminho da miss\u00e3o, s\u00e3o muitas as m\u00e3os e cora\u00e7\u00f5es que colaboram com a caminhada mission\u00e1ria da Igreja&#8221;, disse.<\/p>\n<blockquote>\n<p style=\"text-align: justify;\">Ele disse que encontros como este ajudam tamb\u00e9m a criar uma unidade naquilo em torno que vai sendo aprofundando, na dimens\u00e3o da linguagem e tamb\u00e9m nos encaminhamentos feitos. &#8220;A troca de experi\u00eancias nos torna fortalecidos para sermos animadores da miss\u00e3o em nossos regionais. Esses encontros presenciais, al\u00e9m de fortalecerem na amizade e na conviv\u00eancia, nos ajudam a aprofundar bons encaminhamentos para a viv\u00eancia da miss\u00e3o\u201d, destacou.<\/p>\n<\/blockquote>\n<h3>A miss\u00e3o no p\u00f3s-vacina<\/h3>\n<p style=\"text-align: justify;\">Renan Ros\u00e1rio colabora com o COMIRE do Regional Norte 2, dos Estados do Par\u00e1 e Amap\u00e1, e refor\u00e7a a contribui\u00e7\u00e3o dos regionais neste espa\u00e7o nacional. \u201cPenso que a Assembleia do COMINA, enquanto oportunidade de reunir as for\u00e7as que j\u00e1 atuam em cada regional, tem em sua import\u00e2ncia a oportunidade de estreitar o di\u00e1logo. Neste contexto de p\u00f3s-vacina, a miss\u00e3o encontrou mecanismos e formas de continuar atuando&#8221;, disse.<\/p>\n<p style=\"text-align: justify;\">O encontro presencial, de acordo com Renan, ajuda a perceber como os organismos ligados \u00e0 miss\u00e3o est\u00e3o se reestruturando ap\u00f3s os impactos da pandemia. &#8220;T\u00e3o importante quanto falar da incid\u00eancia que o encontro realiza nos regionais \u00e9 tamb\u00e9m perceber aquilo que os regionais est\u00e3o trazendo de novo. A presen\u00e7a da Igreja se reestruturou e isso trouxe novos olhares. Isso ajuda a olharmos de uma forma mais sens\u00edvel para a presen\u00e7a dos leigos e da juventude nestes espa\u00e7os, contribuindo para a sinodalidade das a\u00e7\u00f5es, conforme o Papa Francisco tem nos auxiliado a refletir\u201d, falou o secret\u00e1rio do COMIRE.<\/p>\n<p style=\"text-align: justify;\">Representando o Regional Sul 3, a jornalista Vict\u00f3ria Holzbach, destacou que o encontro celebra o Ano Jubilar Mission\u00e1rio. \u201cEsta Assembleia do COMINA tem um tom ainda mais especial em 2022. Al\u00e9m do reencontro, depois deste tempo de tantas reuni\u00f5es online, vivemos a celebra\u00e7\u00e3o do Ano Jubilar Mission\u00e1rio. Celebramos a nossa hist\u00f3ria, a nossa miss\u00e3o, os nossos projetos ad gentes e reconhecemos uma Igreja em abertura mission\u00e1ria&#8221;, disse.<\/p>\n<p style=\"text-align: justify;\">Por outro lado, ela aponta que o encontro tamb\u00e9m vai oportunizar a revis\u00e3o dos passos e seguir, dos desafio de implanta\u00e7\u00e3o e viv\u00eancia do Programa Mission\u00e1rio Nacional em toda a Igreja no Brasil, em cada comunidade, par\u00f3quia, diocese. &#8220;O certo \u00e9 que quando caminhos juntos, vamos mais fortes e esta assembleia refor\u00e7a n\u00e3o s\u00f3 a miss\u00e3o individual de cada um e cada uma de mission\u00e1rio(a) e animador da miss\u00e3o mas tamb\u00e9m o nosso compromisso coletivo enquanto Conselho Mission\u00e1rio Nacional\u201d, lembrou a coordenadora do COMIRE.<\/p>\n<pre><strong>Com informa\u00e7\u00f5es<\/strong> das <a href=\"https:\/\/www.pom.org.br\/conselho-missionario-nacional-realiza-assembleia-em-brasilia\/\" target=\"_blank\" rel=\"noopener\">Pontif\u00edcias Obras Mission\u00e1rias\u00a0<\/a><\/pre>\n<p>&nbsp;<\/p>\n","protected":false},"excerpt":{"rendered":"<p>A assembleia re\u00fane bispos, padres, religiosas, leigos e leigas que comp\u00f5em os Conselhos Mission\u00e1rios Regionais (COMIRE), membros das comiss\u00f5es Episcopal Pastoral para a A\u00e7\u00e3o Mission\u00e1ria e Coopera\u00e7\u00e3o Intereclesial\u00a0 e Episcopal Especial para a Amaz\u00f4nia da Confer\u00eancia Nacional dos Bispos do Brasil (CNBB), diretor e secret\u00e1rios das Pontif\u00edcias Obras Mission\u00e1rias (POM) e representantes das institui\u00e7\u00f5es e organismos mission\u00e1rios<\/p>\n","protected":false},"author":142,"featured_media":920512,"comment_status":"open","ping_status":"open","sticky":false,"template":"","format":"standard","meta":{"site-sidebar-layout":"default","site-content-layout":"default","ast-global-header-display":"","ast-banner-title-visibility":"","ast-main-header-display":"","ast-hfb-above-header-display":"","ast-hfb-below-header-display":"","ast-hfb-mobile-header-display":"","site-post-title":"","ast-breadcrumbs-content":"","ast-featured-img":"","footer-sml-layout":"","theme-transparent-header-meta":"default","adv-header-id-meta":"","stick-header-meta":"","header-above-stick-meta":"","header-main-stick-meta":"","header-below-stick-meta":""},"categories":[854,50],"tags":[4655],"acf":[],"_links":{"self":[{"href":"https:\/\/www.cnbb.org.br\/cnbb-app\/wp\/v2\/posts\/920509"}],"collection":[{"href":"https:\/\/www.cnbb.org.br\/cnbb-app\/wp\/v2\/posts"}],"about":[{"href":"https:\/\/www.cnbb.org.br\/cnbb-app\/wp\/v2\/types\/post"}],"author":[{"embeddable":true,"href":"https:\/\/www.cnbb.org.br\/cnbb-app\/wp\/v2\/users\/142"}],"replies":[{"embeddable":true,"href":"https:\/\/www.cnbb.org.br\/cnbb-app\/wp\/v2\/comments?post=920509"}],"version-history":[{"count":0,"href":"https:\/\/www.cnbb.org.br\/cnbb-app\/wp\/v2\/posts\/920509\/revisions"}],"wp:featuredmedia":[{"embeddable":true,"href":"https:\/\/www.cnbb.org.br\/cnbb-app\/wp\/v2\/media\/920512"}],"wp:attachment":[{"href":"https:\/\/www.cnbb.org.br\/cnbb-app\/wp\/v2\/media?parent=920509"}],"wp:term":[{"taxonomy":"category","embeddable":true,"href":"https:\/\/www.cnbb.org.br\/cnbb-app\/wp\/v2\/categories?post=920509"},{"taxonomy":"post_tag","embeddable":true,"href":"https:\/\/www.cnbb.org.br\/cnbb-app\/wp\/v2\/tags?post=920509"}],"curies":[{"name":"wp","href":"https:\/\/api.w.org\/{rel}","templated":true}]}}