{"id":920688,"date":"2022-08-16T15:23:00","date_gmt":"2022-08-16T18:23:00","guid":{"rendered":"https:\/\/www.cnbb.org.br\/?p=920688"},"modified":"2022-08-22T16:50:42","modified_gmt":"2022-08-22T19:50:42","slug":"relatorios-da-escuta-diocesana-do-brasil-demonstram-que-os-leigos-desejam-ser-voz-mais-ativa-na-tomada-de-decisoes-na-igreja","status":"publish","type":"post","link":"https:\/\/www.cnbb.org.br\/relatorios-da-escuta-diocesana-do-brasil-demonstram-que-os-leigos-desejam-ser-voz-mais-ativa-na-tomada-de-decisoes-na-igreja\/","title":{"rendered":"Relat\u00f3rios da Escuta Diocesana do Brasil demonstram que os leigos desejam ser voz mais ativa na tomada de decis\u00f5es na Igreja"},"content":{"rendered":"<blockquote>\n<p style=\"text-align: justify;\">&#8220;Desde o in\u00edcio da composi\u00e7\u00e3o da equipe eu j\u00e1 tinha considerado este trabalho como de grande responsabilidade. N\u00f3s t\u00ednhamos um desafio mas tamb\u00e9m uma grande responsabilidade de acolher a voz de todo Brasil, de produzir uma s\u00edntese que de fato comunicasse o que as pessoas falaram na fase diocesana. Nesta semana que estivemos reunidos presencialmente essa sensa\u00e7\u00e3o da responsabilidade se intensificou. N\u00f3s ouvimos muitos desafios, muitas opini\u00f5es diferentes e \u00e9 sempre muito dif\u00edcil colocar no papel isto tudo pensado que a voz da pessoa que participou da escuta diocesana chegar\u00e1 na Secret\u00e1ria Geral do S\u00ednodo l\u00e1 em Roma. Vejo primeiro como uma grande responsabilidade mas tamb\u00e9m como uma grande honra. Porque este ponto que eu analisei fala exatamente sobre as pessoas que querem ter voz. E\u00a0 nosso papel, enquanto equipe nacional, \u00e9 dar voz \u00e0 estas pessoas&#8221;.<\/p>\n<\/blockquote>\n<p style=\"text-align: justify;\">O relato acima \u00e9 parte da entrevista que a leiga, assessora da Comiss\u00e3o Episcopal Pastoral para a Anima\u00e7\u00e3o B\u00edblico-Catequ\u00e9tica da Confer\u00eancia Nacional dos Bispos do Brasil (CNBB) e membro da Equipe de Anima\u00e7\u00e3o do S\u00ednodo 2023 no Brasil, Mariana Aparecida Ven\u00e2ncio, ap\u00f3s o trabalho da Equipe de Anima\u00e7\u00e3o do S\u00ednodo 2023 no Brasil, que se encontrou na sede da CNBB, de 8 a 12 de agosto, com a tarefa de realizar a s\u00edntese das contribui\u00e7\u00f5es enviadas da fase de escuta realizada pelas Igrejas Particulares.<\/p>\n<p style=\"text-align: justify;\">De acordo com ela, os relat\u00f3rios revelaram uma grande profundidade de reflex\u00e3o. &#8220;As respostas n\u00e3o foram generalizadas no sentido de dizer que os leigos n\u00e3o t\u00eam voz mas no sentido de mostrar que os leigos desejam ser uma voz mais ativa. De modo geral, os leigos e leigas consideram que h\u00e1 espa\u00e7o dentro da estrutura eclesial para que eles se pronunciem e se expressem. Mas eles t\u00eam o desejo que sua voz seja mais levada em considera\u00e7\u00e3o nas tomadas de decis\u00f5es. O grande problema que percebemos pelas s\u00ednteses recebidas \u00e9 a sensa\u00e7\u00e3o que as pessoas t\u00eam de poderem falar mas que as falas caiam no vazio e n\u00e3o sejam consideradas nas decis\u00f5es&#8221;, disse.<\/p>\n<blockquote><p>O desejo das pessoas, segundo os relatos das dioceses, \u00e9 o de sentir que nas decis\u00f5es finais sua voz tenha sido ouvida e considerada, mesmo que as opini\u00f5es e decis\u00f5es finais sejam diferentes de sua opini\u00e3o.<\/p><\/blockquote>\n<p style=\"text-align: justify;\">Os conselhos eclesiais, de acordo com a assessora da Comiss\u00e3o B\u00edblico-Catequ\u00e9tica da CNBB, foram apontados como instrumentos considerados como lugar de liberdade de express\u00e3o. &#8220;Achamos muito interessante isto, porque o assunto dos conselhos apareceu como transversal em v\u00e1rios dos aspectos perguntados e eles s\u00e3o entendidos como lugar de liberdade de express\u00e3o. Mas ainda no movimento de serem aperfei\u00e7oados para que esta express\u00e3o n\u00e3o seja uma fala escutada mas, de fato, levada em considera\u00e7\u00e3o&#8221;, ponderou.<\/p>\n<h3>A Igreja no Brasil e a comunica\u00e7\u00e3o<\/h3>\n<p style=\"text-align: justify;\">Sobre o aspecto da comunica\u00e7\u00e3o, Mariana afirmou que os relat\u00f3rios apontam, de um modo geral, que a Igreja se pronuncia na sociedade, entendem que ela ainda tem uma voz muito respeitada mas que esta voz precisa ser amadurecida principalmente pela capacita\u00e7\u00e3o dos leigos e leigas para se inserirem na sociedade e falarem de forma coerente com a Igreja.<\/p>\n<blockquote>\n<p style=\"text-align: justify;\">&#8220;Um grande desafio apontado nesta linha foi o da forma\u00e7\u00e3o para que as pessoas se insiram nos diferentes campos da sociedade, como a pol\u00edtica e tamb\u00e9m nas redes sociais. As s\u00ednteses indicaram a presen\u00e7a mas a falta de forma\u00e7\u00e3o para o uso destes meios. \u00c9 interessante a avalia\u00e7\u00e3o de que a Igreja tem voz mas que precisa ser aperfei\u00e7oada e potencializada&#8221;, disse.<\/p>\n<\/blockquote>\n<p style=\"text-align: justify;\">As experi\u00eancias de comunica\u00e7\u00e3o relatadas, especialmente a partir do in\u00edcio da pandemia, s\u00e3o vistas como muito positivas, tempo no qual muitas par\u00f3quias e dioceses criaram seus pr\u00f3prios meios de comunica\u00e7\u00e3o. De uma maneira geral, conforme informou a representante da Equipe de Anima\u00e7\u00e3o do S\u00ednodo 2023 no Brasil, aparece nos relatos que a Igreja tem uma rela\u00e7\u00e3o muito positiva com os meios de comunica\u00e7\u00e3o, especialmente com os cat\u00f3licos mas uma rela\u00e7\u00e3o crescente ainda com os n\u00e3o cat\u00f3licos.<\/p>\n<p style=\"text-align: justify;\">&#8220;Foi visto de forma muito enf\u00e1tica a quest\u00e3o da inser\u00e7\u00e3o particular, par\u00f3quias e dioceses que criaram seus pr\u00f3prios meios, mas tamb\u00e9m se v\u00ea com muita maturidade a necessidade de amplia\u00e7\u00e3o, de forma\u00e7\u00e3o e capacita\u00e7\u00e3o para que esses meios sejam usados em toda a sua potencialidade para a evangeliza\u00e7\u00e3o, n\u00e3o para autopromo\u00e7\u00e3o e para dissemina\u00e7\u00e3o de discursos de \u00f3dio. Falou-se muito tamb\u00e9m da necessidade de capacita\u00e7\u00e3o sobre as <em>fake news<\/em> para que as pessoas saibam identificar e n\u00e3o passem para frente, o que seria um contratestemunho crist\u00e3o&#8221;, concluiu.<\/p>\n<p><strong>Veja, abaixo, a entrevista na \u00edntegra:<\/strong><\/p>\n<div class=\"ast-oembed-container\" style=\"height: 100%;\"><iframe loading=\"lazy\" title=\"S\u00edntese Nacional do S\u00ednodo 2023 | Mariana Ven\u00e2ncio, Comiss\u00e3o para a ABP\" width=\"500\" height=\"281\" src=\"https:\/\/www.youtube.com\/embed\/mMEXPYa1Tp8?list=PLD-bgXwLtAG3BCtOFK_NK8JGMfL8i37pJ\" frameborder=\"0\" allow=\"accelerometer; autoplay; clipboard-write; encrypted-media; gyroscope; picture-in-picture\" allowfullscreen><\/iframe><\/div>\n<h3><strong>\u00a0<\/strong><\/h3>\n<h3>Entrevistas sobre a s\u00edntese das escutas das Igrejas Particulares<\/h3>\n<h3><strong>\u00a0<\/strong><\/h3>\n<p>A Assessoria de Comunica\u00e7\u00e3o da CNBB produziu uma s\u00e9rie de entrevistas com os membros da Equipe de Anima\u00e7\u00e3o do S\u00ednodo 2023 no Brasil que est\u00e3o sendo publicadas no portal e no canal do yotube da entidade. O documento com a s\u00edntese final, de 10 p\u00e1ginas, ser\u00e1 apresentado ao episcopado brasileiro na 59\u00aa Assembleia Geral dos Bispos do Brasil, como parte do processo indicado pela Secretaria Geral do S\u00ednodo 2023, antes de ser enviado \u00e0 etapa continental.<\/p>\n<p>&nbsp;<\/p>\n","protected":false},"excerpt":{"rendered":"<p>O relato acima \u00e9 parte da entrevista da leiga, assessora da Comiss\u00e3o Episcopal Pastoral para a Anima\u00e7\u00e3o B\u00edblico-Catequ\u00e9tica da CNBB e membro da Equipe de Anima\u00e7\u00e3o do S\u00ednodo 2023 no Brasil, Mariana Aparecida Ven\u00e2ncio, ap\u00f3s o trabalho da Equipe de Anima\u00e7\u00e3o do S\u00ednodo 2023 no Brasil que se encontrou na sede da Confer\u00eancia Nacional dos Bispos do Brasil (CNBB), de 8 a 12 de agosto. Confira mais detalhes sobre a s\u00edntese da voz na Igreja <\/p>\n","protected":false},"author":142,"featured_media":920698,"comment_status":"open","ping_status":"open","sticky":false,"template":"","format":"standard","meta":{"site-sidebar-layout":"default","site-content-layout":"default","ast-global-header-display":"","ast-banner-title-visibility":"","ast-main-header-display":"","ast-hfb-above-header-display":"","ast-hfb-below-header-display":"","ast-hfb-mobile-header-display":"","site-post-title":"","ast-breadcrumbs-content":"","ast-featured-img":"","footer-sml-layout":"","theme-transparent-header-meta":"default","adv-header-id-meta":"","stick-header-meta":"","header-above-stick-meta":"","header-main-stick-meta":"","header-below-stick-meta":""},"categories":[50,3717],"tags":[4661,3719,4660],"acf":[],"_links":{"self":[{"href":"https:\/\/www.cnbb.org.br\/cnbb-app\/wp\/v2\/posts\/920688"}],"collection":[{"href":"https:\/\/www.cnbb.org.br\/cnbb-app\/wp\/v2\/posts"}],"about":[{"href":"https:\/\/www.cnbb.org.br\/cnbb-app\/wp\/v2\/types\/post"}],"author":[{"embeddable":true,"href":"https:\/\/www.cnbb.org.br\/cnbb-app\/wp\/v2\/users\/142"}],"replies":[{"embeddable":true,"href":"https:\/\/www.cnbb.org.br\/cnbb-app\/wp\/v2\/comments?post=920688"}],"version-history":[{"count":0,"href":"https:\/\/www.cnbb.org.br\/cnbb-app\/wp\/v2\/posts\/920688\/revisions"}],"wp:featuredmedia":[{"embeddable":true,"href":"https:\/\/www.cnbb.org.br\/cnbb-app\/wp\/v2\/media\/920698"}],"wp:attachment":[{"href":"https:\/\/www.cnbb.org.br\/cnbb-app\/wp\/v2\/media?parent=920688"}],"wp:term":[{"taxonomy":"category","embeddable":true,"href":"https:\/\/www.cnbb.org.br\/cnbb-app\/wp\/v2\/categories?post=920688"},{"taxonomy":"post_tag","embeddable":true,"href":"https:\/\/www.cnbb.org.br\/cnbb-app\/wp\/v2\/tags?post=920688"}],"curies":[{"name":"wp","href":"https:\/\/api.w.org\/{rel}","templated":true}]}}