{"id":921413,"date":"2022-08-22T13:19:01","date_gmt":"2022-08-22T16:19:01","guid":{"rendered":"https:\/\/www.cnbb.org.br\/?p=921413"},"modified":"2022-08-22T14:06:46","modified_gmt":"2022-08-22T17:06:46","slug":"santa-se-autoriza-abertura-do-processo-de-beatificacao-do-padre-cicero-romao-batista","status":"publish","type":"post","link":"https:\/\/www.cnbb.org.br\/santa-se-autoriza-abertura-do-processo-de-beatificacao-do-padre-cicero-romao-batista\/","title":{"rendered":"Santa S\u00e9 autoriza abertura do processo de beatifica\u00e7\u00e3o do padre C\u00edcero Rom\u00e3o Batista"},"content":{"rendered":"<blockquote>\n<p style=\"text-align: justify;\">&#8220;Recebemos a autoriza\u00e7\u00e3o para a abertura do processo de beatifica\u00e7\u00e3o do padre C\u00edcero Rom\u00e3o Batista que, a partir de agora, receber\u00e1 o t\u00edtulo de Servo de Deus&#8221;, disse o bispo de Crato.<\/p>\n<\/blockquote>\n<p style=\"text-align: justify;\">O bispo da diocese de Crato (CE), dom Magnus Henrique Lopes, anunciou na manh\u00e3 do s\u00e1bado, 20 de agosto, durante uma grande romaria, em Juazeiro do Norte, que a Santa S\u00e9 autorizou a abertura do processo de beatifica\u00e7\u00e3o do padre C\u00edcero Rom\u00e3o Batista.<\/p>\n<blockquote>\n<p style=\"text-align: justify;\">&#8220;Queridos filhos e filhas da diocese do Crato, romeiros de todo Brasil. \u00c9 com grande alegria que vos comunico nesta manh\u00e3 hist\u00f3rica que recebemos oficialmente da Santa S\u00e9, por determina\u00e7\u00e3o do Santo Padre, o Papa Francisco, uma carta do Dicast\u00e9rio das Causas dos Santos, datada do dia 24 de junho de 2022. Recebemos a autoriza\u00e7\u00e3o para a abertura do processo de beatifica\u00e7\u00e3o do padre C\u00edcero Rom\u00e3o Batista que, a partir de agora, receber\u00e1 o t\u00edtulo de Servo de Deus&#8221;, disse o bispo de Crato durante a romaria.<\/p>\n<\/blockquote>\n<p style=\"text-align: justify;\">Os fi\u00e9is presentes receberam o an\u00fancio de dom Magnus com uma salva de palmas e fogos.<\/p>\n<p>Confira a coletiva de imprensa sobre a abertura do processo:<\/p>\n<div class=\"ast-oembed-container\" style=\"height: 100%;\"><iframe loading=\"lazy\" title=\"COLETIVA \u00c0 IMPRENSA - ABERTURA DO PROCESSO DE BEATIFICA\u00c7\u00c3O DO PE. C\u00cdCERO ROM\u00c3O\" width=\"500\" height=\"281\" src=\"https:\/\/www.youtube.com\/embed\/SR7WMvhd4dk?feature=oembed\" frameborder=\"0\" allow=\"accelerometer; autoplay; clipboard-write; encrypted-media; gyroscope; picture-in-picture\" allowfullscreen><\/iframe><\/div>\n<p>&nbsp;<\/p>\n<p style=\"text-align: justify;\">De Tricase, na It\u00e1lia, dom Fernando Panico, enviou uma mensagem especial aos diocesanos e toda a na\u00e7\u00e3o romeira. Em nota, o bispo em\u00e9rito de Crato manifestou a sua alegria em vivenciar o an\u00fancio da autoriza\u00e7\u00e3o da abertura do Processo para a beatifica\u00e7\u00e3o do Servo de Deus padre C\u00edcero Rom\u00e3o Batista.<\/p>\n<p style=\"text-align: justify;\">Dom Fernando foi o respons\u00e1vel pelo in\u00edcio dos estudos sobre o Processo de Reabilita\u00e7\u00e3o do padre C\u00edcero Rom\u00e3o Batista, ora em an\u00e1lise na Santa S\u00e9. Em 2016, em um encontro com o Papa Francisco, agradeceu pessoalmente ao Santo Padre o envio da carta hist\u00f3rica que reconciliou a Igreja com o padre C\u00edcero Rom\u00e3o. Ap\u00f3s os agradecimentos pela reconcilia\u00e7\u00e3o da Igreja com o Patriarca do Nordeste, o Papa afirmou:<em> \u201cSim, o padre Cicero. Quero fazer mais por esta causa\u201d.<\/em><\/p>\n<p>Confira a <a href=\"https:\/\/cdn.diocesedecrato.org\/wp-content\/uploads\/2022\/08\/Dom-Fernando-Panico-Carta-1.pdf\" target=\"_blank\" rel=\"noopener\">carta de dom Fernando na \u00edntegra<\/a>.<\/p>\n<h3><strong>Quem foi padre C\u00edcero Rom\u00e3o?<\/strong><\/h3>\n<p style=\"text-align: justify;\">Padre C\u00edcero dinamizou a espiritualidade cat\u00f3lica na regi\u00e3o do Cariri, sendo respons\u00e1vel pela espiritualidade de todo o povo nordestino at\u00e9 os dias de hoje. O sacerdote nasceu na cidade do Crato, em 24 de mar\u00e7o de 1844. Foi ordenado sacerdote em 30 de novembro de 1870. Celebrou sua primeira missa em Juazeiro (quando ainda era um povoado chamado de Tabuleiro Grande) na noite de Natal daquele mesmo ano.<\/p>\n<p style=\"text-align: justify;\">A partir da\u00ed passou a estar mais presente, atendendo o povo com suas palavras e com o seu exerc\u00edcio ministerial. Mas foi com um sonho que o padre C\u00edcero percebeu como se daria a sua miss\u00e3o em Juazeiro.<\/p>\n<p style=\"text-align: justify;\">No mencionado sonho, vislumbrando a \u00faltima ceia, percebeu a presen\u00e7a de in\u00fameras pessoas ao redor de Jesus e dos ap\u00f3stolos. Seriam os flagelados da seca que assolava o interior nordestino. Diante de t\u00e3o impressionante cena, padre C\u00edcero escutou de Jesus as palavras que o acompanharam durante toda a sua vida: \u201ce tu, C\u00edcero, toma conta deste povo!\u201d. Foi realmente um divisor de \u00e1guas para um sacerdote rec\u00e9m-ordenado.<\/p>\n<p style=\"text-align: justify;\">E como se n\u00e3o bastasse para encontrar \u00e2nimo e for\u00e7a \u00e0 sua miss\u00e3o sacerdotal, padre C\u00edcero ainda foi testemunha ocular de outro importante acontecimento em Juazeiro. Com aproximadamente 19 anos de sacerd\u00f3cio, numa celebra\u00e7\u00e3o eucar\u00edstica ocorrida na primeira sexta-feira do m\u00eas de mar\u00e7o de 1889, com a presen\u00e7a de mo\u00e7as que viviam da caridade, auxiliando a catequese daquele povo, depois de horas de ora\u00e7\u00e3o e jejum por ocasi\u00e3o da quaresma, padre C\u00edcero, ao dar a comunh\u00e3o \u00e0 Beata Maria de Ara\u00fajo (outra importante personagem da hist\u00f3ria de Juazeiro do Norte), a h\u00f3stia consagrada se transformou em sangue em sua boca. Fato que ocorreu ainda por mais 138 vezes, num per\u00edodo de quase dois anos.<\/p>\n<p style=\"text-align: justify;\">Tais acontecimentos serviram para fomentar as peregrina\u00e7\u00f5es a Juazeiro do Norte o que permitiu alavancar a vida do pequeno povoado, pois muitos vinham mesmo para residir e estar perto do padrinho querido.<\/p>\n<p style=\"text-align: justify;\">Em meio a tantas transforma\u00e7\u00f5es, o que era um povoado, tornara-se cidade ao ser emancipado a 22 de julho de 1911, vindo a ter como seu primeiro representante municipal o querido padre C\u00edcero.<\/p>\n<p style=\"text-align: justify;\">A cidade se desenvolvia no aspecto pol\u00edtico-econ\u00f4mico e a religiosidade popular se tornava ainda mais forte com os conselhos do padrinho padre C\u00edcero e com a crescente presen\u00e7a dos romeiros e das romarias.<\/p>\n<h3><strong>E-book gratuito sobre o padre C\u00edcero<\/strong><\/h3>\n<p style=\"text-align: justify;\">A Editora da PUC Rio lan\u00e7ou o livro \u201cUm padre e sua f\u00e9 \u2013 C\u00edcero, hist\u00f3ria e legado\u201d, de 265 p\u00e1ginas em formato de e-book e impresso. A obra \u00e9 resultado das reflex\u00f5es do simp\u00f3sio virtual Padre C\u00edcero Rom\u00e3o Batista, realizado pelo Departamento de Teologia da\u00a0 PUC-Rio, de 6 e 7 de outubro de 2020, a partir de um pedido do ent\u00e3o bispo de Crato (CE), dom Gilberto Pastana de Oliveira, e tamb\u00e9m do arcebispo do Rio de Janeiro, o cardeal dom Orani Tempesta.<\/p>\n<p>Confira (<a href=\"https:\/\/www.cnbb.org.br\/editora-da-puc-rio-lanca-e-book-gratuito-sobre-o-padre-cicero-o-patriarca-do-nordeste\/\">aqui<\/a>).<\/p>\n<p>&nbsp;<\/p>\n<p>&nbsp;<\/p>\n<p>&nbsp;<\/p>\n<pre>Com informa\u00e7\u00f5es da diocese de Crato<\/pre>\n<p style=\"text-align: justify;\">\n","protected":false},"excerpt":{"rendered":"<p>&#8220;Recebemos a autoriza\u00e7\u00e3o para a abertura do processo de beatifica\u00e7\u00e3o do padre C\u00edcero Rom\u00e3o Batista que, a partir de agora, receber\u00e1 o t\u00edtulo de Servo de Deus&#8221;, disse o bispo de Crato. O bispo da diocese de Crato (CE), dom Magnus Henrique Lopes, anunciou na manh\u00e3 do s\u00e1bado, 20 de agosto, durante uma grande romaria, &hellip;<\/p>\n<p class=\"read-more\"> <a class=\"\" href=\"https:\/\/www.cnbb.org.br\/santa-se-autoriza-abertura-do-processo-de-beatificacao-do-padre-cicero-romao-batista\/\"> <span class=\"screen-reader-text\">Santa S\u00e9 autoriza abertura do processo de beatifica\u00e7\u00e3o do padre C\u00edcero Rom\u00e3o Batista<\/span> Leia mais &raquo;<\/a><\/p>\n","protected":false},"author":141,"featured_media":921424,"comment_status":"open","ping_status":"open","sticky":false,"template":"","format":"standard","meta":{"site-sidebar-layout":"default","site-content-layout":"default","ast-global-header-display":"","ast-banner-title-visibility":"","ast-main-header-display":"","ast-hfb-above-header-display":"","ast-hfb-below-header-display":"","ast-hfb-mobile-header-display":"","site-post-title":"","ast-breadcrumbs-content":"","ast-featured-img":"","footer-sml-layout":"","theme-transparent-header-meta":"default","adv-header-id-meta":"","stick-header-meta":"","header-above-stick-meta":"","header-main-stick-meta":"","header-below-stick-meta":""},"categories":[1840,1851],"tags":[4457,3823],"acf":[],"_links":{"self":[{"href":"https:\/\/www.cnbb.org.br\/cnbb-app\/wp\/v2\/posts\/921413"}],"collection":[{"href":"https:\/\/www.cnbb.org.br\/cnbb-app\/wp\/v2\/posts"}],"about":[{"href":"https:\/\/www.cnbb.org.br\/cnbb-app\/wp\/v2\/types\/post"}],"author":[{"embeddable":true,"href":"https:\/\/www.cnbb.org.br\/cnbb-app\/wp\/v2\/users\/141"}],"replies":[{"embeddable":true,"href":"https:\/\/www.cnbb.org.br\/cnbb-app\/wp\/v2\/comments?post=921413"}],"version-history":[{"count":0,"href":"https:\/\/www.cnbb.org.br\/cnbb-app\/wp\/v2\/posts\/921413\/revisions"}],"wp:featuredmedia":[{"embeddable":true,"href":"https:\/\/www.cnbb.org.br\/cnbb-app\/wp\/v2\/media\/921424"}],"wp:attachment":[{"href":"https:\/\/www.cnbb.org.br\/cnbb-app\/wp\/v2\/media?parent=921413"}],"wp:term":[{"taxonomy":"category","embeddable":true,"href":"https:\/\/www.cnbb.org.br\/cnbb-app\/wp\/v2\/categories?post=921413"},{"taxonomy":"post_tag","embeddable":true,"href":"https:\/\/www.cnbb.org.br\/cnbb-app\/wp\/v2\/tags?post=921413"}],"curies":[{"name":"wp","href":"https:\/\/api.w.org\/{rel}","templated":true}]}}