{"id":9262,"date":"2018-04-04T00:00:00","date_gmt":"2018-04-04T03:00:00","guid":{"rendered":"https:\/\/www.cnbb.org.br\/bispos-do-xingu-exigem-apuracao-da-prisao-do-padre-amaro-em-anapu-pa\/"},"modified":"2020-03-11T16:16:09","modified_gmt":"2020-03-11T19:16:09","slug":"bispos-do-xingu-exigem-apuracao-da-prisao-do-padre-amaro-em-anapu-pa","status":"publish","type":"post","link":"https:\/\/www.cnbb.org.br\/bispos-do-xingu-exigem-apuracao-da-prisao-do-padre-amaro-em-anapu-pa\/","title":{"rendered":"&#8220;Insistimos que a verdade seja apurada com total transpar\u00eancia\u201d, afirmam bispos de Xingu (PA)"},"content":{"rendered":"<p style=\"text-align: justify\">Os bispos titular e em\u00e9rito da prelazia do Xingu, dom Jo\u00e3o Muniz Alves e dom Erwin Kr\u00e4utler publicaram dia 28 de mar\u00e7o uma carta em solidariedade ao padre Jos\u00e9 Amaro Lopes de Sousa, p\u00e1roco da par\u00f3quia de Santa Luzia de Anapu (PA). O padre, uma das lideran\u00e7as da CPT em Anapu, foi preso no dia 27 de mar\u00e7o. O religioso foi acusado de extors\u00e3o e abuso sexual. A Pol\u00edcia Civil o investiga tamb\u00e9m por esbulho possess\u00f3rio &#8211; quando o dono tem sua terra tirada dele de forma violente. O sacerdote foi preso na rodovi\u00e1ria de Anapu, no Par\u00e1. Mandados de busca e apreens\u00e3o foram cumpridos na casa e na par\u00f3quia do sacerdote.<\/p>\n<p style=\"text-align: justify\">Apontado como o l\u00edder social mais influente da regi\u00e3o e sucessor da mission\u00e1ria Dorothy Stang assassinada em 2005, o padre tem uma atua\u00e7\u00e3o contra desmatamento ilegal e vinha sofrendo amea\u00e7as pela luta fundi\u00e1ria na floresta.<\/p>\n<p style=\"text-align: justify\">Na carta, os bispos asseguram que o padre Jos\u00e9 Amaro \u00e9 v\u00edtima de difama\u00e7\u00e3o para deslegitimar todo o seu empenho em favor dos menos favorecidos. \u201cRepudiamos as acusa\u00e7\u00f5es de ele promover invas\u00f5es de terras que s\u00e3o reconhecidas pela Justi\u00e7a como terras p\u00fablicas, destinadas \u00e0 reforma agr\u00e1ria, mas se concentram ainda nas m\u00e3os de pessoas economicamente poderosas\u201d, diz o documento.<\/p>\n<p style=\"text-align: justify\">Os pastores tamb\u00e9m pedem a elucida\u00e7\u00e3o dos fatos. \u201cAcompanhamos apreensivos a investiga\u00e7\u00e3o e elucida\u00e7\u00e3o dos fatos e insistimos que a verdade seja apurada com justi\u00e7a e total transpar\u00eancia\u201d, afirmam no texto.<\/p>\n<p style=\"text-align: justify\">De acordo com o bispo em\u00e9rito Dom Erwin Krautler, da Prelazia do Xingu, o caso \u00e9 acompanhado por advogados. A Comiss\u00e3o Pastoral da Terra, em nota, afirmou que \u201cfoi surpreendida com a not\u00edcia da pris\u00e3o do Padre Jos\u00e9 Amaro\u201d. Ademais, segundo a CPT, desde 2001 o Centro de Documenta\u00e7\u00e3o Dom Tom\u00e1s Balduino, da Pastoral, registra amea\u00e7as de morte contra o sacerdote.<\/p>\n<p style=\"text-align: justify\">Tamb\u00e9m por meio de nota, a Rede Eclesial Pan-amaz\u00f4nica (Repam) repudiou o ato e apoiou a luta do eclesi\u00e1stico. &#8220;H\u00e1 muitos anos, o padre defende a regulariza\u00e7\u00e3o fundi\u00e1ria e o justo assentamento de centenas fam\u00edlias de camponeses pobres da regi\u00e3o vinculados ao Projeto de Desenvolvimento Sustent\u00e1vel (PDS). Em sua miss\u00e3o, tem se colocado \u00e0 servi\u00e7o da causa dos trabalhadores e trabalhadoras do campo sendo um suporte para a sua organiza\u00e7\u00e3o, seu protagonismo e sua incans\u00e1vel luta em defesa da Amaz\u00f4nia&#8221;, destacou a Repam.<\/p>\n<p>Conhe\u00e7a a \u00edntegra da carta dos Bispos do Xingu:<\/p>\n<p style=\"text-align: center\"><strong>O Servo n\u00e3o \u00e9 maior do que o seu Senhor<\/strong><\/p>\n<p>\u201cO servo n\u00e3o \u00e9 maior do que o seu senhor.<br \/>\nSe a mim perseguiram, tamb\u00e9m vos perseguir\u00e3o.\u201d<\/p>\n<p>Jo 15,20<\/p>\n<p style=\"text-align: justify\">A Semana Santa come\u00e7ou com grande sofrimento para a Prelazia do Xingu. Fomos surpreendidos na manh\u00e3 do dia 27 de mar\u00e7o com a not\u00edcia da pris\u00e3o de nosso Padre Jos\u00e9 Amaro Lopes de Sousa, p\u00e1roco da par\u00f3quia de Santa Luzia de Anapu.<\/p>\n<p style=\"text-align: justify\">Manifestamos nossa fraterna solidariedade a esse incans\u00e1vel defensor dos direitos humanos, defensor da regulariza\u00e7\u00e3o fundi\u00e1ria, da reforma agr\u00e1ria e dos assentamentos de sem-terra. H\u00e1 anos alvo de amea\u00e7as, Padre Amaro agora \u00e9 v\u00edtima de difama\u00e7\u00e3o para deslegitimar todo o seu empenho em favor dos menos favorecidos.<\/p>\n<p style=\"text-align: justify\">Repudiamos as acusa\u00e7\u00f5es de ele promover invas\u00f5es de terras que s\u00e3o reconhecidas pela Justi\u00e7a como terras p\u00fablicas, destinadas \u00e0 reforma agr\u00e1ria, mas se concentram ainda nas m\u00e3os de pessoas economicamente poderosas.<\/p>\n<p style=\"text-align: justify\">Padre Amaro atua desde 1998 na Par\u00f3quia Santa Luzia. \u00c9 l\u00edder comunit\u00e1rio e coordenador da Pastoral da Terra (CPT). O assassinato da Irm\u00e3 Dorothy em 12 de fevereiro de 2005 no Projeto de Desenvolvimento Sustent\u00e1vel (PDS) \u201cEsperan\u00e7a\u201d, n\u00e3o mais o deixou quieto e o fez continuar a miss\u00e3o daquela Irm\u00e3 m\u00e1rtir.<\/p>\n<p style=\"text-align: justify\">Acompanhamos apreensivos a investiga\u00e7\u00e3o e elucida\u00e7\u00e3o dos fatos e insistimos que a verdade seja apurada com justi\u00e7a e total transpar\u00eancia.<\/p>\n<p style=\"text-align: justify\">A Semana Santa nos recorda a Paix\u00e3o e Morte do Senhor na cruz, muito mais ainda a Ressurrei\u00e7\u00e3o de Jesus. Na P\u00e1scoa celebramos a vit\u00f3ria da Vida sobre a morte, mas tamb\u00e9m da Verdade sobre todas as mentiras.<\/p>\n<p style=\"text-align: right\">Altamira (PA), 28 de mar\u00e7o de 2018<\/p>\n<p>Dom Jo\u00e3o Muniz Alves, bispo do Xingu<br \/>\nDom Erwin Kr\u00e4utler, bispo em\u00e9rito do Xingu<\/p>\n","protected":false},"excerpt":{"rendered":"<p>Dom Jo\u00e3o e dom Erwin, bispo titular e bispo em\u00e9rito de Xingu publicaram carta sobre a pris\u00e3o de padre que trabalha na Comiss\u00e3o Pastoral da Terra<\/p>\n","protected":false},"author":83,"featured_media":0,"comment_status":"closed","ping_status":"open","sticky":false,"template":"","format":"standard","meta":{"site-sidebar-layout":"default","site-content-layout":"default","ast-global-header-display":"","ast-banner-title-visibility":"","ast-main-header-display":"","ast-hfb-above-header-display":"","ast-hfb-below-header-display":"","ast-hfb-mobile-header-display":"","site-post-title":"","ast-breadcrumbs-content":"","ast-featured-img":"","footer-sml-layout":"","theme-transparent-header-meta":"","adv-header-id-meta":"","stick-header-meta":"","header-above-stick-meta":"","header-main-stick-meta":"","header-below-stick-meta":""},"categories":[925],"tags":[],"acf":[],"_links":{"self":[{"href":"https:\/\/www.cnbb.org.br\/cnbb-app\/wp\/v2\/posts\/9262"}],"collection":[{"href":"https:\/\/www.cnbb.org.br\/cnbb-app\/wp\/v2\/posts"}],"about":[{"href":"https:\/\/www.cnbb.org.br\/cnbb-app\/wp\/v2\/types\/post"}],"author":[{"embeddable":true,"href":"https:\/\/www.cnbb.org.br\/cnbb-app\/wp\/v2\/users\/83"}],"replies":[{"embeddable":true,"href":"https:\/\/www.cnbb.org.br\/cnbb-app\/wp\/v2\/comments?post=9262"}],"version-history":[{"count":0,"href":"https:\/\/www.cnbb.org.br\/cnbb-app\/wp\/v2\/posts\/9262\/revisions"}],"wp:attachment":[{"href":"https:\/\/www.cnbb.org.br\/cnbb-app\/wp\/v2\/media?parent=9262"}],"wp:term":[{"taxonomy":"category","embeddable":true,"href":"https:\/\/www.cnbb.org.br\/cnbb-app\/wp\/v2\/categories?post=9262"},{"taxonomy":"post_tag","embeddable":true,"href":"https:\/\/www.cnbb.org.br\/cnbb-app\/wp\/v2\/tags?post=9262"}],"curies":[{"name":"wp","href":"https:\/\/api.w.org\/{rel}","templated":true}]}}