{"id":926805,"date":"2022-08-24T16:40:03","date_gmt":"2022-08-24T19:40:03","guid":{"rendered":"https:\/\/www.cnbb.org.br\/?p=926805"},"modified":"2022-08-24T16:40:38","modified_gmt":"2022-08-24T19:40:38","slug":"lagrimas-de-ternura-e-paz","status":"publish","type":"post","link":"https:\/\/www.cnbb.org.br\/lagrimas-de-ternura-e-paz\/","title":{"rendered":"L\u00e1grimas de Ternura e Paz\u00a0"},"content":{"rendered":"<p style=\"text-align: right;\"><strong>Dom Roberto Francisco Ferreria Paz\u00a0<\/strong><br \/>\n<strong>Bispo de Campos (RJ)<\/strong><\/p>\n<p style=\"text-align: justify;\"><span data-ccp-props=\"{&quot;201341983&quot;:0,&quot;335559739&quot;:160,&quot;335559740&quot;:259}\">\u00a0<\/span><\/p>\n<p style=\"text-align: justify;\"><span data-contrast=\"auto\">No dia 28 de agosto lembramos, na mem\u00f3ria de Santa M\u00f4nica, padroeira e inspiradora das m\u00e3es, que rezem pelos seus filhos e para os grupos que acolhem as pessoas que sofreram perdas ou se tornaram v\u00edtimas da viol\u00eancia. Na sociedade atual, perpassada pela agressividade e o discurso de \u00f3dio, que banaliza a barb\u00e1rie homicida e desagregadora, contar com esses o\u00e1sis de m\u00e3es consoladoras e intercessoras \u00e9 uma d\u00e1diva para quem precisa de cura, aconchego e compreens\u00e3o.\u00a0<\/span><span data-ccp-props=\"{&quot;201341983&quot;:0,&quot;335551550&quot;:6,&quot;335551620&quot;:6,&quot;335559739&quot;:160,&quot;335559740&quot;:259}\">\u00a0<\/span><\/p>\n<p style=\"text-align: justify;\"><span data-contrast=\"auto\">A cultura de paz, e da n\u00e3o viol\u00eancia, se inicia com um olhar misericordioso e desarmado de pessoas orantes que buscam, antes que nada, oferecer um ref\u00fagio espiritual e afetivo <\/span><span data-contrast=\"auto\">\u00e0<\/span><span data-contrast=\"auto\">s pessoas que beiram o desespero e a desola\u00e7\u00e3o por perdas ou situa\u00e7\u00f5es de impacto emocional grave e por vezes de crueldade.\u00a0<\/span><span data-ccp-props=\"{&quot;201341983&quot;:0,&quot;335551550&quot;:6,&quot;335551620&quot;:6,&quot;335559739&quot;:160,&quot;335559740&quot;:259}\">\u00a0<\/span><\/p>\n<p style=\"text-align: justify;\"><span data-contrast=\"auto\">A presen\u00e7a de M\u00f4nicas, que choram juntas, secam as l\u00e1grimas e soerguem os ca\u00eddos e quebrantados, mostra a for\u00e7a do mutir\u00e3o matricial, de m\u00e3es unidas como as famosas M\u00e3es de Maio, em Buenos Aires, que, com seus encontros di\u00e1rios na Pra\u00e7a Central da capital portenha, foram criando uma consci\u00eancia de resist\u00eancia e de resgate pela vida dos filhos ou pelo menos da verdade do seu desaparecimento.\u00a0<\/span><span data-ccp-props=\"{&quot;201341983&quot;:0,&quot;335551550&quot;:6,&quot;335551620&quot;:6,&quot;335559739&quot;:160,&quot;335559740&quot;:259}\">\u00a0<\/span><\/p>\n<p style=\"text-align: justify;\"><span data-contrast=\"auto\">Ou a m\u00e3e b\u00edblica dos Macabeus, que incentivava, com ardor, a seus sete filhos, a permanecerem fi\u00e9is e coerentes aos valores da liberdade do seu povo. As l\u00e1grimas tornam-se uma bem-aventuran\u00e7a quando, limpando-nos os olhos e as percep\u00e7\u00f5es, nos transformam em pessoas compassivas, l\u00facidas, e profetas de uma nova civiliza\u00e7\u00e3o, sem exclu\u00eddos, violentados\/as e desaparecidos\/as.\u00a0<\/span><span data-ccp-props=\"{&quot;201341983&quot;:0,&quot;335551550&quot;:6,&quot;335551620&quot;:6,&quot;335559739&quot;:160,&quot;335559740&quot;:259}\">\u00a0<\/span><\/p>\n<p style=\"text-align: justify;\"><span data-contrast=\"auto\">Assim, como Santa M\u00f4nica ajudou na convers\u00e3o de seu filho, tornando-o um gigante da f\u00e9 e da gra\u00e7a, a perseveran\u00e7a de uma m\u00e3e que nunca desiste \u00e9 certamente uma das mais belas e fascinantes provas e marcas da Provid\u00eancia divina que triunfa atrav\u00e9s do amor incondicional, permanente, fiel e imortal das m\u00e3es que ser\u00e3o sempre as construtoras e art\u00edfices da paz, indispens\u00e1veis, gerando vida e tecendo v\u00ednculos inquebrant\u00e1veis de ternura, que tornam a Terra mais semelhante a um para\u00edso.\u00a0<\/span><span data-ccp-props=\"{&quot;201341983&quot;:0,&quot;335551550&quot;:6,&quot;335551620&quot;:6,&quot;335559739&quot;:160,&quot;335559740&quot;:259}\">\u00a0<\/span><\/p>\n<p style=\"text-align: justify;\"><span data-contrast=\"auto\">Que o Deus da vida, que tamb\u00e9m tem entranhas e cora\u00e7\u00e3o de M\u00e3e, como indica o profeta Isa\u00edas, proteja e ilumine sempre as m\u00e3es que rezam, e se entregam totalmente por seus filhos! Deus seja louvado!<\/span><span data-ccp-props=\"{&quot;201341983&quot;:0,&quot;335551550&quot;:6,&quot;335551620&quot;:6,&quot;335559739&quot;:160,&quot;335559740&quot;:259}\">\u00a0<\/span><\/p>\n<p><span data-ccp-props=\"{&quot;201341983&quot;:0,&quot;335551550&quot;:2,&quot;335551620&quot;:2,&quot;335559739&quot;:0,&quot;335559740&quot;:259}\">\u00a0<\/span><\/p>\n","protected":false},"excerpt":{"rendered":"<p>Dom Roberto Francisco Ferreria Paz\u00a0 Bispo de Campos (RJ) \u00a0 No dia 28 de agosto lembramos, na mem\u00f3ria de Santa M\u00f4nica, padroeira e inspiradora das m\u00e3es, que rezem pelos seus filhos e para os grupos que acolhem as pessoas que sofreram perdas ou se tornaram v\u00edtimas da viol\u00eancia. Na sociedade atual, perpassada pela agressividade e &hellip;<\/p>\n<p class=\"read-more\"> <a class=\"\" href=\"https:\/\/www.cnbb.org.br\/lagrimas-de-ternura-e-paz\/\"> <span class=\"screen-reader-text\">L\u00e1grimas de Ternura e Paz\u00a0<\/span> Leia mais &raquo;<\/a><\/p>\n","protected":false},"author":23,"featured_media":0,"comment_status":"open","ping_status":"open","sticky":false,"template":"","format":"standard","meta":{"site-sidebar-layout":"default","site-content-layout":"default","ast-global-header-display":"","ast-banner-title-visibility":"","ast-main-header-display":"","ast-hfb-above-header-display":"","ast-hfb-below-header-display":"","ast-hfb-mobile-header-display":"","site-post-title":"","ast-breadcrumbs-content":"","ast-featured-img":"","footer-sml-layout":"","theme-transparent-header-meta":"default","adv-header-id-meta":"","stick-header-meta":"","header-above-stick-meta":"","header-main-stick-meta":"","header-below-stick-meta":""},"categories":[758],"tags":[],"acf":[],"_links":{"self":[{"href":"https:\/\/www.cnbb.org.br\/cnbb-app\/wp\/v2\/posts\/926805"}],"collection":[{"href":"https:\/\/www.cnbb.org.br\/cnbb-app\/wp\/v2\/posts"}],"about":[{"href":"https:\/\/www.cnbb.org.br\/cnbb-app\/wp\/v2\/types\/post"}],"author":[{"embeddable":true,"href":"https:\/\/www.cnbb.org.br\/cnbb-app\/wp\/v2\/users\/23"}],"replies":[{"embeddable":true,"href":"https:\/\/www.cnbb.org.br\/cnbb-app\/wp\/v2\/comments?post=926805"}],"version-history":[{"count":0,"href":"https:\/\/www.cnbb.org.br\/cnbb-app\/wp\/v2\/posts\/926805\/revisions"}],"wp:attachment":[{"href":"https:\/\/www.cnbb.org.br\/cnbb-app\/wp\/v2\/media?parent=926805"}],"wp:term":[{"taxonomy":"category","embeddable":true,"href":"https:\/\/www.cnbb.org.br\/cnbb-app\/wp\/v2\/categories?post=926805"},{"taxonomy":"post_tag","embeddable":true,"href":"https:\/\/www.cnbb.org.br\/cnbb-app\/wp\/v2\/tags?post=926805"}],"curies":[{"name":"wp","href":"https:\/\/api.w.org\/{rel}","templated":true}]}}