{"id":928672,"date":"2022-08-25T15:50:15","date_gmt":"2022-08-25T18:50:15","guid":{"rendered":"https:\/\/www.cnbb.org.br\/?p=928672"},"modified":"2022-08-26T17:59:17","modified_gmt":"2022-08-26T20:59:17","slug":"cnbb-transmitira-a-cerimonia-na-qual-os-arcebispos-de-brasilia-df-e-manaus-am-serao-criados-cardeais-no-proximo-dia-27","status":"publish","type":"post","link":"https:\/\/www.cnbb.org.br\/cnbb-transmitira-a-cerimonia-na-qual-os-arcebispos-de-brasilia-df-e-manaus-am-serao-criados-cardeais-no-proximo-dia-27\/","title":{"rendered":"CNBB transmitir\u00e1 a cerim\u00f4nia na qual os arcebispos de Bras\u00edlia (DF) e Manaus (AM) ser\u00e3o criados cardeais no pr\u00f3ximo dia 27"},"content":{"rendered":"<p style=\"text-align: justify;\">No s\u00e1bado, 27 de agosto, o Papa Francisco preside, na Bas\u00edlica de S\u00e3o Pedro, \u00e0s 16h (hor\u00e1rio do Vaticano), o Consist\u00f3rio P\u00fablico para a cria\u00e7\u00e3o de 20 cardeais. Entre os novos purpurados, estar\u00e3o dois brasileiros: dom Leonardo Steiner, arcebispo de Manaus (AM); e dom Paulo Cezar Costa, arcebispo de Bras\u00edlia (DF).<\/p>\n<p style=\"text-align: justify;\">A Confer\u00eancia Nacional dos Bispos do Brasil (CNBB) vai transmitir, ao vivo, em suas redes sociais (<a href=\"https:\/\/www.youtube.com\/c\/CNBBNacional\" target=\"_blank\" rel=\"noopener\">Youtube,<\/a> Facebook e Twitter), esse oitavo consist\u00f3rio do pontificado de Francisco a partir das 11h hor\u00e1rio de Bras\u00edlia.\u00a0\u00a0Nessa mesma ocasi\u00e3o, haver\u00e1 a vota\u00e7\u00e3o das causas de canoniza\u00e7\u00e3o dos bem-aventurados Jo\u00e3o Batista Scalabrini, fundador da Congrega\u00e7\u00e3o dos Mission\u00e1rios e Mission\u00e1rias de S\u00e3o Carlos Borromeu, e de Artemide Zatti, religioso salesiano.<\/p>\n<h3>Um servidor do Povo de Deus<\/h3>\n<p style=\"text-align: justify;\">Direto de Roma, onde encontra-se em prepara\u00e7\u00e3o para o Consist\u00f3rio Ordin\u00e1rio P\u00fablico para a cria\u00e7\u00e3o de novos cardeais convocado pelo Papa Francisco para o pr\u00f3ximo dia 27 de agosto, o arcebispo de Bras\u00edlia (DF), dom Paulo Cezar da Costa, que ser\u00e1 um dos 20 cardeais que ser\u00e3o criados, falou de suas expectativas ao portal da CNBB: \u201cEstou, em Roma, me preparando para receber o cardinalato. Tenho pedido a gra\u00e7a, ao Senhor, de ser um servidor do Povo de Deus, ajudando o papa Francisco\u201d.<\/p>\n<p style=\"text-align: justify;\">O Consist\u00f3rio para a cria\u00e7\u00e3o de cardeais \u00e9 o ordin\u00e1rio p\u00fablico, quando, al\u00e9m dos cardeais, s\u00e3o admitidas outras pessoas convidadas. N\u00e3o se trata de uma missa, mas de uma celebra\u00e7\u00e3o lit\u00fargica constitu\u00edda de uma sauda\u00e7\u00e3o, ora\u00e7\u00e3o e proclama\u00e7\u00e3o do Evangelho. Ap\u00f3s a homilia do Santo Padre, os novos cardeais fazem a profiss\u00e3o de f\u00e9 e o juramento de obedi\u00eancia \u00e0 Igreja Cat\u00f3lica na pessoa do Papa e de seus sucessores.<\/p>\n<p style=\"text-align: justify;\">Nesta quinta-feira, 25 de agosto, o arcebispo de Bras\u00edlia concedeu<a href=\"https:\/\/www.vaticannews.va\/pt\/igreja\/news\/2022-08\/dom-paulo-cezar-sempre-busquei-ser-um-servidor-do-povo-de-deus.html\" target=\"_blank\" rel=\"noopener\"> entrevista a R\u00e1dio Vaticano \u2013 Vatican News na qual expressou o sentimento com a escolha do Papa.<\/a> &#8220;<i>Sentimento de gratid\u00e3o por aquilo que o Papa Francisco est\u00e1 fazendo, seja pela Igreja do Brasil, pela Igreja de Bras\u00edlia, e ao mesmo tempo sentimento do amor misericordioso de Deus para comigo.\u00a0<\/i><\/p>\n<p style=\"text-align: justify;\">Os nomes de dom Paulo e de dom Leonardo Steiner integram a lista de 20 novos cardeais que ser\u00e3o criados pelo Santo Padre anunciados na conclus\u00e3o do <i>Regina Coeli\u00a0<\/i>no domingo, 29 de maio, na festa da Ascens\u00e3o do Senhor. O portal da CNBB n\u00e3o conseguiu o contato com dom Leonardo Steiner que tamb\u00e9m encontra-se em Roma para o consist\u00f3rio<\/p>\n<p style=\"text-align: justify;\">A partir do oitavo consist\u00f3rio do pontificado de Francisco, o Col\u00e9gio de Cardeais passar\u00e1 a contar com 226 cardeais. O \u00faltimo conclave foi em 28 de novembro de 2020, ainda na plena pandemia. Segunda e ter\u00e7a-feira, 29 e 30 de agosto, haver\u00e1 um encontro de cardeais para refletir sobre a nova <a href=\"https:\/\/www.vatican.va\/content\/francesco\/pt\/apost_constitutions\/documents\/20220319-costituzione-ap-praedicate-evangelium.html\" target=\"_blank\" rel=\"noopener\">Constitui\u00e7\u00e3o Apost\u00f3lica,\u00a0<strong>Praedicate Evangelium<\/strong><\/a>, que entrou em vigor em 5 de junho.<\/p>\n<h2 class=\"gb-headline gb-headline-d970857e gb-headline-text\">N\u00fameros do atual Col\u00e9gio Cardinal\u00edcio<\/h2>\n<p style=\"text-align: justify;\"><img decoding=\"async\" loading=\"lazy\" class=\"size-medium wp-image-928792 alignleft\" src=\"https:\/\/www.cnbb.org.br\/wp-content\/uploads\/2022\/08\/Consistorio-300x198.webp\" alt=\"\" width=\"300\" height=\"198\" srcset=\"https:\/\/www.cnbb.org.br\/wp-content\/uploads\/2022\/08\/Consistorio-300x198.webp 300w, https:\/\/www.cnbb.org.br\/wp-content\/uploads\/2022\/08\/Consistorio-768x506.webp 768w, https:\/\/www.cnbb.org.br\/wp-content\/uploads\/2022\/08\/Consistorio-500x330.webp 500w, https:\/\/www.cnbb.org.br\/wp-content\/uploads\/2022\/08\/Consistorio.webp 1024w\" sizes=\"(max-width: 300px) 100vw, 300px\" \/>Atualmente, o Col\u00e9gio Cardinal\u00edcio \u00e9 composto por 206 cardeais, dos quais 116 s\u00e3o eleitores e 90 n\u00e3o eleitores, que, por ultrapassarem os 80 anos, n\u00e3o participam de um eventual conclave. Com o novo consist\u00f3rio de agosto chegar\u00e1 a 226 purpurados, dos quais 131 s\u00e3o eleitores.<\/p>\n<p style=\"text-align: justify;\">\u201cSem d\u00favida, o cardinalato \u00e9 um sinal de distin\u00e7\u00e3o, mas, ao mesmo tempo, de grande responsabilidade, quando nos salta aos olhos o quanto nos tornamos correspons\u00e1veis com o Papa pelos cuidados da Igreja como um todo\u201d, afirmou o cardeal Scherer, ao falar de sua participa\u00e7\u00e3o no Col\u00e9gio Cardinal\u00edcio, <a href=\"https:\/\/osaopaulo.org.br\/destaque\/o-que-e-um-consistorio\/#:~:text=O%20Consist%C3%B3rio%20nada%20mais%20%C3%A9,formado%20por%20colaboradores%20mais%20pr%C3%B3ximos.\" target=\"_blank\" rel=\"noopener\">em entrevista ao jornal O S\u00e3o Paulo<\/a>, da arquidiocese de S\u00e3o Paulo.<\/p>\n<h3>Cardeais do Brasil atualmente:<\/h3>\n<p><strong><br \/>\nNomeado pelo ent\u00e3o Papa Jo\u00e3o Paulo II<\/strong><\/p>\n<p>Dom Geraldo Magella Agnelo, arcebispo em\u00e9rito de Salvador (BA)<\/p>\n<p><strong>Nomeados pelo Papa Bento XVI<br \/>\n<\/strong>Dom Assis Jo\u00e3o Braz de Aviz, atual prefeito da Congrega\u00e7\u00e3o para os Institutos de Vida Consagrada e as Sociedades de Vida Apost\u00f3lica no Vaticano<br \/>\nDom Odilo Pedro Scherer, arcebispo de S\u00e3o Paulo (SP)<br \/>\nDom Raymundo Damasceno, arcebispo em\u00e9rito de Aparecida (SP)<\/p>\n<p><strong>Nomeados pelo Papa Francisco<\/strong><br \/>\nDom Orani Jo\u00e3o Tempesta, arcebispo do Rio de Janeiro (RJ)<br \/>\nDom Sergio da Rocha, arcebispo de Salvador (Primaz do Brasil)<\/p>\n","protected":false},"excerpt":{"rendered":"<p>Direto de Roma, onde encontra-se em prepara\u00e7\u00e3o para o 8\u00ba Consist\u00f3rio Ordin\u00e1rio P\u00fablico para a cria\u00e7\u00e3o de novos cardeais convocado pelo Papa Francisco para o pr\u00f3ximo dia 27 de agosto, o arcebispo de Bras\u00edlia (DF), dom Paulo Cezar da Costa, falou de suas expectativas: \u201cTenho pedido a gra\u00e7a, ao Senhor, de ser um servidor do Povo de Deus, ajudando o papa Francisco\u201d<\/p>\n","protected":false},"author":142,"featured_media":928907,"comment_status":"open","ping_status":"open","sticky":false,"template":"","format":"standard","meta":{"site-sidebar-layout":"default","site-content-layout":"default","ast-global-header-display":"","ast-banner-title-visibility":"","ast-main-header-display":"","ast-hfb-above-header-display":"","ast-hfb-below-header-display":"","ast-hfb-mobile-header-display":"","site-post-title":"","ast-breadcrumbs-content":"","ast-featured-img":"","footer-sml-layout":"","theme-transparent-header-meta":"default","adv-header-id-meta":"","stick-header-meta":"","header-above-stick-meta":"","header-main-stick-meta":"","header-below-stick-meta":""},"categories":[1840,784],"tags":[3163],"acf":[],"_links":{"self":[{"href":"https:\/\/www.cnbb.org.br\/cnbb-app\/wp\/v2\/posts\/928672"}],"collection":[{"href":"https:\/\/www.cnbb.org.br\/cnbb-app\/wp\/v2\/posts"}],"about":[{"href":"https:\/\/www.cnbb.org.br\/cnbb-app\/wp\/v2\/types\/post"}],"author":[{"embeddable":true,"href":"https:\/\/www.cnbb.org.br\/cnbb-app\/wp\/v2\/users\/142"}],"replies":[{"embeddable":true,"href":"https:\/\/www.cnbb.org.br\/cnbb-app\/wp\/v2\/comments?post=928672"}],"version-history":[{"count":0,"href":"https:\/\/www.cnbb.org.br\/cnbb-app\/wp\/v2\/posts\/928672\/revisions"}],"wp:featuredmedia":[{"embeddable":true,"href":"https:\/\/www.cnbb.org.br\/cnbb-app\/wp\/v2\/media\/928907"}],"wp:attachment":[{"href":"https:\/\/www.cnbb.org.br\/cnbb-app\/wp\/v2\/media?parent=928672"}],"wp:term":[{"taxonomy":"category","embeddable":true,"href":"https:\/\/www.cnbb.org.br\/cnbb-app\/wp\/v2\/categories?post=928672"},{"taxonomy":"post_tag","embeddable":true,"href":"https:\/\/www.cnbb.org.br\/cnbb-app\/wp\/v2\/tags?post=928672"}],"curies":[{"name":"wp","href":"https:\/\/api.w.org\/{rel}","templated":true}]}}