{"id":9288,"date":"2018-04-06T00:00:00","date_gmt":"2018-04-06T03:00:00","guid":{"rendered":"https:\/\/www.cnbb.org.br\/dia-mundial-da-saude-defesa-da-saude-publica-e-o-resgate-e-fortalecimento-do-sistema-unico-de-saude\/"},"modified":"2018-04-06T00:00:00","modified_gmt":"2018-04-06T03:00:00","slug":"dia-mundial-da-saude-defesa-da-saude-publica-e-o-resgate-e-fortalecimento-do-sistema-unico-de-saude","status":"publish","type":"post","link":"https:\/\/www.cnbb.org.br\/dia-mundial-da-saude-defesa-da-saude-publica-e-o-resgate-e-fortalecimento-do-sistema-unico-de-saude\/","title":{"rendered":"Dia Mundial da Sa\u00fade: A defesa da sa\u00fade p\u00fablica e o fortalecimento do Sistema \u00danico de Sa\u00fade"},"content":{"rendered":"<blockquote>\n<figure id=\"attachment_167210\" aria-describedby=\"caption-attachment-167210\" style=\"width: 284px\" class=\"wp-caption alignright\"><img decoding=\"async\" loading=\"lazy\" class=\"wp-image-167210 \" src=\"https:\/\/www.cnbb.org.br\/wp-content\/uploads\/2020\/03\/Dom-Roberto-1-300x200-300x200-1-300x200.jpg\" alt=\"\" width=\"284\" height=\"189\" \/><figcaption id=\"caption-attachment-167210\" class=\"wp-caption-text\"><em>Foto: CNBB<\/em><\/figcaption><\/figure>\n<p style=\"text-align: justify\"><span style=\"color: #993300\"><strong>&#8220;Na comemora\u00e7\u00e3o que a Organiza\u00e7\u00e3o Mundial da Sa\u00fade (OMS) adotou para assumirmos uma consci\u00eancia mais abrangente e plena do que significa a sa\u00fade como estado de bem-estar f\u00edsico, mental, socioambiental e espiritual, somos convidados a refletir e comprometermos com a defesa da sa\u00fade p\u00fablica e nessa linha com o resgate e fortalecimento do Sistema \u00danico de Sa\u00fade (SUS)\u201d, destaca o bispo de Campos (RJ) e referencial da Pastoral da Sa\u00fade da Confer\u00eancia Nacional dos Bispos do Brasil (CNBB), dom Roberto Francisco Ferrer\u00eda Paz, em mensagem para o Dia Mundial da Sa\u00fade, celebrado neste s\u00e1bado (7).<\/strong><\/span><\/p>\n<\/blockquote>\n<p style=\"text-align: justify\">Para celebrar a data, que \u00e9 solenizada todos os anos no mesmo dia em que a OMS foi criada, em 7 de abril de 1948, o projeto Direitos Sociais e Sa\u00fade: Fortalecendo a Cidadania e a Incid\u00eancia Pol\u00edtica e a Pastoral da Sa\u00fade lan\u00e7am mensagem em defesa da sa\u00fade p\u00fablica, por um Sistema \u00danico de Sa\u00fade (SUS) voltado para o povo brasileiro, livre de mercantiliza\u00e7\u00e3o.<\/p>\n<blockquote>\n<p style=\"text-align: justify\"><span style=\"color: #993300\"><strong>&#8220;O XIII F\u00f3rum Social Mundial em Salvador denunciou e mostrou \u00e0s claras o processo hegem\u00f4nico do capital rentista e parasita que subtrai fundos p\u00fablicos para os neg\u00f3cios especulativos do setor privado e, nesta tend\u00eancia perversa, a sa\u00fade se torna mercadoria, acalentando a ind\u00fastria dos planos de securitiza\u00e7\u00e3o para o consumo de quem possa pagar&#8221;, destaca na mensagem dom Roberto.<\/strong><\/span><\/p>\n<\/blockquote>\n<p style=\"text-align: justify\">Para este ano, a Organiza\u00e7\u00e3o Pan-Americana da Sa\u00fade e a Organiza\u00e7\u00e3o Mundial da Sa\u00fade (OPAS\/OMS) escolheram para a campanha do Dia Mundial da Sa\u00fade o lema: \u201cSa\u00fade para todas e todos. Em todos os lugares\u201d.<\/p>\n<p style=\"text-align: justify\">A ideia \u00e9 chamar aten\u00e7\u00e3o para a import\u00e2ncia da sa\u00fade universal \u2013 que significa garantir que todas as pessoas e comunidades tenham acesso aos servi\u00e7os de sa\u00fade sem qualquer forma de preconceito e sem sofrer dificuldades financeiras. Neste mesmo caminho segue o trabalho da Pastoral da Sa\u00fade que tem o desafio de estar comprometida em garantir ou fortalecer o SUS.<\/p>\n<blockquote>\n<p style=\"text-align: justify\"><span style=\"color: #993300\"><strong>\u201cPor isso torna-se necess\u00e1rio avivar e recriar o sonho que animou o movimento sanitarista e outros coletivos, junto \u00e0 Pastoral da Sa\u00fade, para exigir e fazer acontecer a sa\u00fade integral como direito dos cidad\u00e3os e dever do Estado\u201d, ressalta o bispo.<\/strong><\/span><\/p>\n<\/blockquote>\n<p style=\"text-align: justify\">A Pastoral obedece tr\u00eas dimens\u00f5es: a da assist\u00eancia solid\u00e1ria com a pastoral hospitalar, depois a dimens\u00e3o de comunidade, propiciando campanhas e uma medicina mais preventiva. Um terceiro ponto \u00e9 a luta pelas pol\u00edticas p\u00fablicas de sa\u00fade.<\/p>\n<p style=\"text-align: justify\">De acordo com a Organiza\u00e7\u00e3o das Na\u00e7\u00f5es Unidas no Brasil (ONUBR), a sa\u00fade universal abrange uma gama de servi\u00e7os de sa\u00fade, entre eles, promo\u00e7\u00e3o da sa\u00fade, preven\u00e7\u00e3o de doen\u00e7as, tratamento, reabilita\u00e7\u00e3o e cuidados paliativos \u2013 que devem ser de qualidade, integrais, seguros, eficazes e acess\u00edveis a todos. O direito a esses e outros cuidados de sa\u00fade est\u00e3o garantidos na Constitui\u00e7\u00e3o da OMS, que foi publicada em 1946 e entrou em vigor em 1948.<\/p>\n<p style=\"text-align: justify\">O documento da OMS destaca que \u201co mais alto padr\u00e3o poss\u00edvel de sa\u00fade \u00e9 um dos direitos fundamentais de todo ser humano, sem distin\u00e7\u00e3o de ra\u00e7a, religi\u00e3o, cren\u00e7a pol\u00edtica ou condi\u00e7\u00e3o econ\u00f4mica ou social\u201d. O principal objetivo da campanha da OMS deste ano \u00e9 aumentar a conscientiza\u00e7\u00e3o sobre a necessidade de cobertura e acesso \u00e0 sa\u00fade universal, al\u00e9m dos benef\u00edcios que isso pode trazer.<\/p>\n<p style=\"text-align: justify\">Diante da realidade da sa\u00fade p\u00fablica no Brasil, que tem enfrentado muitas dificuldades, dom Roberto enfatiza que n\u00e3o \u00e9 poss\u00edvel permitir nenhum passo atr\u00e1s ou direito a menos no que tange o servi\u00e7o b\u00e1sico de sa\u00fade ofertado \u00e0 popula\u00e7\u00e3o.<\/p>\n<blockquote>\n<p style=\"text-align: justify\"><span style=\"color: #993300\"><strong>\u201cQue a defesa e a reconstru\u00e7\u00e3o do SUS como ele foi cogitado pelo grandioso mutir\u00e3o popular que conseguiu esta conquista que tanto nos orgulha, seja ponto de honra para todos (as) os fi\u00e9is crist\u00e3os, que animam e enobrecem nossa Pastoral da Sa\u00fade\u201d.<\/strong><\/span><\/p>\n<\/blockquote>\n<p style=\"text-align: justify\">Dom Roberto Paz finaliza a mensagem fazendo mem\u00f3ria aos leigos que lutaram por uma sa\u00fade p\u00fablica de qualidade para o povo. \u201cPara que neste Ano Nacional do Laicato fa\u00e7am a diferen\u00e7a, caminhando juntos, lado a lado, com o povo sofrido. Que a mem\u00f3ria de tantos leigos e leigas, como Santa Giana Berea Mola e Zilda Arns, nos impulsionem a dar o melhor de n\u00f3s mesmos e que Jesus, nosso Irm\u00e3o e Salvador, nos conduza sempre a testemunhar e construir na hist\u00f3ria que vivemos o seu Reino, de vida, sa\u00fade, paz e justi\u00e7a para todos\u201d.<\/p>\n","protected":false},"excerpt":{"rendered":"<p>\u201cN\u00e3o \u00e9 poss\u00edvel permitir nenhum passo atr\u00e1s ou direito a menos no servi\u00e7o b\u00e1sico de sa\u00fade ofertado \u00e0 popula\u00e7\u00e3o\u201d, diz Dom Roberto Paz<\/p>\n","protected":false},"author":83,"featured_media":9289,"comment_status":"closed","ping_status":"open","sticky":false,"template":"","format":"standard","meta":{"site-sidebar-layout":"default","site-content-layout":"default","ast-global-header-display":"","ast-banner-title-visibility":"","ast-main-header-display":"","ast-hfb-above-header-display":"","ast-hfb-below-header-display":"","ast-hfb-mobile-header-display":"","site-post-title":"","ast-breadcrumbs-content":"","ast-featured-img":"","footer-sml-layout":"","theme-transparent-header-meta":"","adv-header-id-meta":"","stick-header-meta":"","header-above-stick-meta":"","header-main-stick-meta":"","header-below-stick-meta":""},"categories":[841],"tags":[],"acf":[],"_links":{"self":[{"href":"https:\/\/www.cnbb.org.br\/cnbb-app\/wp\/v2\/posts\/9288"}],"collection":[{"href":"https:\/\/www.cnbb.org.br\/cnbb-app\/wp\/v2\/posts"}],"about":[{"href":"https:\/\/www.cnbb.org.br\/cnbb-app\/wp\/v2\/types\/post"}],"author":[{"embeddable":true,"href":"https:\/\/www.cnbb.org.br\/cnbb-app\/wp\/v2\/users\/83"}],"replies":[{"embeddable":true,"href":"https:\/\/www.cnbb.org.br\/cnbb-app\/wp\/v2\/comments?post=9288"}],"version-history":[{"count":0,"href":"https:\/\/www.cnbb.org.br\/cnbb-app\/wp\/v2\/posts\/9288\/revisions"}],"wp:featuredmedia":[{"embeddable":true,"href":"https:\/\/www.cnbb.org.br\/cnbb-app\/wp\/v2\/media\/9289"}],"wp:attachment":[{"href":"https:\/\/www.cnbb.org.br\/cnbb-app\/wp\/v2\/media?parent=9288"}],"wp:term":[{"taxonomy":"category","embeddable":true,"href":"https:\/\/www.cnbb.org.br\/cnbb-app\/wp\/v2\/categories?post=9288"},{"taxonomy":"post_tag","embeddable":true,"href":"https:\/\/www.cnbb.org.br\/cnbb-app\/wp\/v2\/tags?post=9288"}],"curies":[{"name":"wp","href":"https:\/\/api.w.org\/{rel}","templated":true}]}}