{"id":928921,"date":"2022-08-28T08:58:01","date_gmt":"2022-08-28T11:58:01","guid":{"rendered":"https:\/\/www.cnbb.org.br\/?p=928921"},"modified":"2022-08-28T08:58:31","modified_gmt":"2022-08-28T11:58:31","slug":"ministerios-e-servicos-na-comunidade-de-fe-2","status":"publish","type":"post","link":"https:\/\/www.cnbb.org.br\/ministerios-e-servicos-na-comunidade-de-fe-2\/","title":{"rendered":"\u00a0Minist\u00e9rios e servi\u00e7os na comunidade de f\u00e9\u00a0"},"content":{"rendered":"<p style=\"text-align: right;\"><strong> Dom Jos\u00e9 Gislon<br \/>\nBispo de Caxias do Sul (RS)<\/strong><\/p>\n<p><span data-ccp-props=\"{&quot;201341983&quot;:0,&quot;335551550&quot;:6,&quot;335551620&quot;:6,&quot;335559739&quot;:0,&quot;335559740&quot;:240}\">\u00a0<\/span><\/p>\n<p style=\"text-align: justify;\"><span data-contrast=\"auto\">Estimados irm\u00e3os e irm\u00e3s em Cristo Jesus! Neste \u00faltimo do domingo do M\u00eas Vocacional, quero de forma especial expressar minha gratid\u00e3o<\/span><span data-contrast=\"auto\"> \u00e0s centenas de pessoas empenhadas no dia a dia junto \u00e0s comunidades, onde a participa\u00e7\u00e3o de cada um com seus dons e talent<\/span><span data-contrast=\"auto\">os, colocados a servi\u00e7o do Evangelho, fazem a Igreja ser uma comunidade viva, orante e solid\u00e1ria, porque formada por disc\u00edpulos e mission\u00e1rios do Senhor Jesus.<\/span><span data-ccp-props=\"{&quot;201341983&quot;:0,&quot;335551550&quot;:6,&quot;335551620&quot;:6,&quot;335559739&quot;:0,&quot;335559740&quot;:240}\">\u00a0<\/span><\/p>\n<p style=\"text-align: justify;\"><span data-contrast=\"auto\">No processo inicial de forma\u00e7\u00e3o humana e crist\u00e3, n\u00f3s precisamos de algu\u00e9m que nos acompanhe e nos oriente. Este caminho, percorrido de forma serena, com pequenos passos, deixam marcas na nossa vida. Quem j\u00e1 \u00e9 mais vivido certamente lembra da sua ou do seu catequista. Daquela pessoa que de forma,<\/span><span data-contrast=\"auto\"> \u00e0s vezes at\u00e9 bastante severa, insistia para que a gente aprendesse o catecismo, e procurava transmitir valores crist\u00e3os que nos acompanhariam durante toda a vida. Como crian\u00e7a, a gente n\u00e3o valorizava muito, mas esperava com ansiedade o dia da primeira Eucaristia. Era um<\/span><span data-contrast=\"auto\"> dia especial para a crian\u00e7a, a fam\u00edlia e a comunidade.<\/span><span data-ccp-props=\"{&quot;201341983&quot;:0,&quot;335551550&quot;:6,&quot;335551620&quot;:6,&quot;335559739&quot;:0,&quot;335559740&quot;:240}\">\u00a0<\/span><\/p>\n<p style=\"text-align: justify;\"><span data-contrast=\"auto\">O Conc\u00edlio Vaticano II, que teve in\u00edcio no dia 11 de outubro de 1962, sob o pontificado do Papa Jo\u00e3o XXIII, e foi conclu\u00eddo em 8 de dezembro de 1965, sob o pontificado do Papa Paulo VI, buscou renovar a vida da Igreja, envolvendo os batizados numa maior participa\u00e7\u00e3o na comunidade. Esta abertura da Igreja deu aos leigos a oportunidade de se engajarem, de forma mais ativa, na vida da Igreja e no servi\u00e7o \u00e0 comunidade. Gra\u00e7as a essa renova\u00e7\u00e3o, hoje temos milhares de pessoas que colocam seus dons e talentos a servi\u00e7o do Reino de Deus, na Igreja, comunidade de f\u00e9. A participa\u00e7\u00e3o dos leigos, nos v<\/span><span data-contrast=\"auto\">\u00e1rios mini<\/span><span data-contrast=\"auto\">st\u00e9rios e servi\u00e7os, contribuiu de forma incisiva para dar um novo rosto \u00e0 Igreja, tornando-a mais viva e atuante, nas Pastorais, nos Movimentos e nos Conselhos.\u00a0<\/span><span data-ccp-props=\"{&quot;201341983&quot;:0,&quot;335551550&quot;:6,&quot;335551620&quot;:6,&quot;335559739&quot;:0,&quot;335559740&quot;:240}\">\u00a0<\/span><\/p>\n<p style=\"text-align: justify;\"><span data-contrast=\"auto\">Neste domingo dedicado aos minist\u00e9rios e servi\u00e7os nas comunidades, quero expressar minha estima e gratid\u00e3o aos catequistas da Diocese. Que cada um sinta-se aben\u00e7oado por Deus, por poder doar parte da sua vida, do seu tempo t\u00e3o precioso, na forma\u00e7\u00e3o crist\u00e3 das crian\u00e7as, dos jovens e tamb\u00e9m dos adultos. Mas lembro tamb\u00e9m de todos aqueles e aquelas que est\u00e3o envolvidos nas v\u00e1rias pastorais, movimentos e conselhos das nossas comunidades. Gra\u00e7as ao empenho de cada um de voc\u00eas, a Igreja pode realizar sempre mais a sua miss\u00e3o de anunciar o Reino de Deus e levar Jesus Cristo \u00e0s pessoas.<\/span><span data-ccp-props=\"{&quot;201341983&quot;:0,&quot;335551550&quot;:6,&quot;335551620&quot;:6,&quot;335559739&quot;:0,&quot;335559740&quot;:240}\">\u00a0<\/span><\/p>\n<p style=\"text-align: justify;\"><span data-contrast=\"auto\">Pode acontecer que diante de tantos desafios, \u00e0s vezes, voc\u00ea pode sentir cansa\u00e7o e des\u00e2nimo, pode ter a tenta\u00e7\u00e3o de largar tudo, pelas cr\u00edticas e dificuldades em conciliar seu tempo com as necessidades da sua comunidade e dos seus irm\u00e3os. Mas tenha presente a pessoa de Jesus Cristo, que por amor entregou sua pr\u00f3pria vida em sacrif\u00edcio. E \u00e9 por amor a ele que n\u00f3s doamos parte do nosso tempo aos nossos irm\u00e3os e nossa comunidade de f\u00e9. Que o bom Deus continue aben\u00e7oando voc\u00eas, pela disponibilidade e amor com que cada um coloca seus dons e talentos a servi\u00e7o do Reino, na Igreja, comunidade de f\u00e9, Povo de Deus a caminho da casa do Pai.\u00a0<\/span><span data-ccp-props=\"{&quot;201341983&quot;:0,&quot;335551550&quot;:6,&quot;335551620&quot;:6,&quot;335559739&quot;:0,&quot;335559740&quot;:240}\">\u00a0<\/span><\/p>\n<p style=\"text-align: justify;\">\n","protected":false},"excerpt":{"rendered":"<p>Dom Jos\u00e9 Gislon Bispo de Caxias do Sul (RS) \u00a0 Estimados irm\u00e3os e irm\u00e3s em Cristo Jesus! Neste \u00faltimo do domingo do M\u00eas Vocacional, quero de forma especial expressar minha gratid\u00e3o \u00e0s centenas de pessoas empenhadas no dia a dia junto \u00e0s comunidades, onde a participa\u00e7\u00e3o de cada um com seus dons e talentos, colocados &hellip;<\/p>\n<p class=\"read-more\"> <a class=\"\" href=\"https:\/\/www.cnbb.org.br\/ministerios-e-servicos-na-comunidade-de-fe-2\/\"> <span class=\"screen-reader-text\">\u00a0Minist\u00e9rios e servi\u00e7os na comunidade de f\u00e9\u00a0<\/span> Leia mais &raquo;<\/a><\/p>\n","protected":false},"author":20,"featured_media":0,"comment_status":"open","ping_status":"open","sticky":false,"template":"","format":"standard","meta":{"site-sidebar-layout":"default","site-content-layout":"default","ast-global-header-display":"","ast-banner-title-visibility":"","ast-main-header-display":"","ast-hfb-above-header-display":"","ast-hfb-below-header-display":"","ast-hfb-mobile-header-display":"","site-post-title":"","ast-breadcrumbs-content":"","ast-featured-img":"","footer-sml-layout":"","theme-transparent-header-meta":"default","adv-header-id-meta":"","stick-header-meta":"","header-above-stick-meta":"","header-main-stick-meta":"","header-below-stick-meta":""},"categories":[758,1837],"tags":[],"acf":[],"_links":{"self":[{"href":"https:\/\/www.cnbb.org.br\/cnbb-app\/wp\/v2\/posts\/928921"}],"collection":[{"href":"https:\/\/www.cnbb.org.br\/cnbb-app\/wp\/v2\/posts"}],"about":[{"href":"https:\/\/www.cnbb.org.br\/cnbb-app\/wp\/v2\/types\/post"}],"author":[{"embeddable":true,"href":"https:\/\/www.cnbb.org.br\/cnbb-app\/wp\/v2\/users\/20"}],"replies":[{"embeddable":true,"href":"https:\/\/www.cnbb.org.br\/cnbb-app\/wp\/v2\/comments?post=928921"}],"version-history":[{"count":0,"href":"https:\/\/www.cnbb.org.br\/cnbb-app\/wp\/v2\/posts\/928921\/revisions"}],"wp:attachment":[{"href":"https:\/\/www.cnbb.org.br\/cnbb-app\/wp\/v2\/media?parent=928921"}],"wp:term":[{"taxonomy":"category","embeddable":true,"href":"https:\/\/www.cnbb.org.br\/cnbb-app\/wp\/v2\/categories?post=928921"},{"taxonomy":"post_tag","embeddable":true,"href":"https:\/\/www.cnbb.org.br\/cnbb-app\/wp\/v2\/tags?post=928921"}],"curies":[{"name":"wp","href":"https:\/\/api.w.org\/{rel}","templated":true}]}}