{"id":928923,"date":"2022-08-28T09:00:12","date_gmt":"2022-08-28T12:00:12","guid":{"rendered":"https:\/\/www.cnbb.org.br\/?p=928923"},"modified":"2022-08-28T09:09:35","modified_gmt":"2022-08-28T12:09:35","slug":"a-missao-dos-leigos-e-das-leigas-na-igreja-e-na-sociedade","status":"publish","type":"post","link":"https:\/\/www.cnbb.org.br\/a-missao-dos-leigos-e-das-leigas-na-igreja-e-na-sociedade\/","title":{"rendered":"A miss\u00e3o dos leigos e das leigas na Igreja e na sociedade"},"content":{"rendered":"<p style=\"text-align: right;\"><strong>Dom Vital Corbellini<br \/>\nBispo de Marab\u00e1 (PA) <\/strong><\/p>\n<p>&nbsp;<\/p>\n<p style=\"text-align: right;\"><strong>\u00a0<\/strong><\/p>\n<p style=\"text-align: justify;\"><span data-contrast=\"auto\">O quarto domingo do m\u00eas de agosto dedicado \u00e0s voca\u00e7\u00f5es, celebra a Igreja a voca\u00e7\u00e3o dos fi\u00e9is leigos e leigas na vida da comunidade e no mundo. A ora\u00e7\u00e3o <\/span><span data-contrast=\"auto\">\u00e9 fundamental por eles e por elas em vista do bom testemunho onde<\/span><span data-contrast=\"auto\"> vivem e atuam como crist\u00e3os e seguidores do Senhor. Os leigos e as leigas s\u00e3o importantes na miss\u00e3o que a Igreja lhes d\u00e1 atrav\u00e9s da coordena\u00e7\u00e3o de uma comunidade, no conselho de pastoral, na coordena\u00e7\u00e3o de uma pastoral ou de um movimento, na catequese, na juventude, na educa\u00e7\u00e3o. Eles e elas ajudam internamente junto com seus pastores, di\u00e1conos, presb\u00edteros e bispos, nos diversos servi\u00e7os na divulga\u00e7\u00e3o da evangeliza\u00e7\u00e3o e serem evangelizados, mas tamb\u00e9m tem uma miss\u00e3o na sociedade, sendo pessoas que trabalham e atuam em alguma empresa, na pol\u00edtica, nos meios de comunica\u00e7\u00e3o social, na vida econ\u00f4mica, nos setores nacionais ou internacionais visando sempre o testemunho de vida ligado ao evangelho de Jesus e da palavra da Igreja. A partir dos documentos eclesiais e patr\u00edsticos, a seguir veremos uma s\u00edntese na forma como a Igreja manifestou o seu carinho e amor aos leigos e as leigas em vista da miss\u00e3o na Igreja e na sociedade.<\/span><span data-ccp-props=\"{&quot;201341983&quot;:0,&quot;335551550&quot;:6,&quot;335551620&quot;:6,&quot;335559731&quot;:708,&quot;335559739&quot;:200,&quot;335559740&quot;:276}\">\u00a0<\/span><\/p>\n<p style=\"text-align: justify;\"><span data-contrast=\"auto\">O Conc\u00edlio, os pastores e o laicato.<\/span><span data-ccp-props=\"{&quot;201341983&quot;:0,&quot;335551550&quot;:6,&quot;335551620&quot;:6,&quot;335559731&quot;:708,&quot;335559739&quot;:200,&quot;335559740&quot;:276}\">\u00a0<\/span><\/p>\n<p style=\"text-align: justify;\"><span data-contrast=\"auto\">O Conc\u00edlio Vaticano II colocou a import\u00e2ncia dos leigos e das leigas para o bem de toda a Igreja. Os pastores sabem que n\u00e3o foram institu\u00eddos por Cristo Jesus sem a presen\u00e7a deles e delas, de modo que n\u00e3o sejam sozinhos na assun\u00e7\u00e3o da miss\u00e3o salv\u00edfica da Igreja no mundo, mas eles apascentam de tal modo que haja o reconhecimento dos fieis nas suas atribui\u00e7\u00f5es e carismas para que assim, pastores, leigos e leigas cooperam de uma forma un\u00e2nime na obra comum da evangeliza\u00e7\u00e3o e da salva\u00e7\u00e3o em Cristo Jesus. <\/span><span data-contrast=\"auto\">\u00c9 preciso que todos, na <\/span><span data-contrast=\"auto\">viv\u00eancia da verdade e do amor, cres\u00e7am na rela\u00e7\u00e3o com Cristo, que \u00e9 a cabe\u00e7a da Igreja<\/span><span data-contrast=\"auto\">1<\/span><span data-contrast=\"auto\">.<\/span><span data-ccp-props=\"{&quot;201341983&quot;:0,&quot;335551550&quot;:6,&quot;335551620&quot;:6,&quot;335559731&quot;:708,&quot;335559739&quot;:200,&quot;335559740&quot;:276}\">\u00a0<\/span><\/p>\n<p style=\"text-align: justify;\"><span data-contrast=\"auto\">O conceito dos leigos e sua voca\u00e7\u00e3o.<\/span><span data-ccp-props=\"{&quot;201341983&quot;:0,&quot;335551550&quot;:6,&quot;335551620&quot;:6,&quot;335559731&quot;:708,&quot;335559739&quot;:200,&quot;335559740&quot;:276}\">\u00a0<\/span><\/p>\n<p style=\"text-align: justify;\"><span data-contrast=\"auto\">O Vaticano II disse que os leigos s\u00e3o os fieis crist\u00e3os que sendo incorporados a Cristo pelo Batismo, constitu\u00eddos como parte do povo de Deus e feitos participantes do m\u00fanus sacerdotal prof\u00e9tico e real de Cristo Jesus, exercem sua parte integrante na miss\u00e3o de todo o povo de Deus na Igreja e no mundo<\/span><span data-contrast=\"auto\">2<\/span><span data-contrast=\"auto\">.\u00a0<\/span><span data-ccp-props=\"{&quot;201341983&quot;:0,&quot;335551550&quot;:6,&quot;335551620&quot;:6,&quot;335559731&quot;:708,&quot;335559739&quot;:200,&quot;335559740&quot;:276}\">\u00a0<\/span><\/p>\n<p style=\"text-align: justify;\"><span data-contrast=\"auto\">O Conc\u00edlio tamb\u00e9m afirmou que a <\/span><span data-contrast=\"auto\">\u00edndole<\/span><span data-contrast=\"auto\"> secular<\/span><span data-contrast=\"auto\"> \u00e9 a caracter\u00edstica pr\u00f3pria e peculiar dos leigos<\/span><span data-contrast=\"auto\"> e das leigas. Desta forma, por voca\u00e7\u00e3o compete a eles e a elas, procurar o Reino de Deus e ordenar as coisas segundo a vontade de Deus. Eles vivem no s\u00e9culo, nos of\u00edcios diversos e trabalhos do mundo, mas tamb\u00e9m nas condi\u00e7\u00f5es da vida familiar e social. Sendo chamados por Deus e guiados pelo esp\u00edrito evang\u00e9lico concorrem para a santifica\u00e7\u00e3o do mundo, pelo testemunho de sua vida, pela f\u00e9, esperan\u00e7a e caridade, manifestando Cristo aos outros. Cabe a eles e a elas ordenar as coisas temporais, para que sejam feitos segundo Cristo e todos cres\u00e7am para o louvor do Criador e do Redentor<\/span><span data-contrast=\"auto\">3<\/span><span data-contrast=\"auto\">.<\/span><span data-ccp-props=\"{&quot;201341983&quot;:0,&quot;335551550&quot;:6,&quot;335551620&quot;:6,&quot;335559739&quot;:200,&quot;335559740&quot;:276}\">\u00a0<\/span><\/p>\n<p style=\"text-align: justify;\"><span data-contrast=\"auto\">A unidade de todos os membros em Cristo.<\/span><span data-ccp-props=\"{&quot;201341983&quot;:0,&quot;335551550&quot;:6,&quot;335551620&quot;:6,&quot;335559739&quot;:200,&quot;335559740&quot;:276}\">\u00a0<\/span><\/p>\n<p style=\"text-align: justify;\"><span data-contrast=\"auto\">O Conc\u00edlio Vaticano II tamb\u00e9m colocou a import\u00e2ncia da unidade dos membros de Cristo, pois ainda que muitos membros tenham fun\u00e7\u00f5es diferentes, \u00e9 neles um s\u00f3 corpo em Cristo (Rm 12,4-5). Um s\u00f3 \u00e9 o povo de Deus eleito, comum a voca\u00e7\u00e3o <\/span><span data-contrast=\"auto\">\u00e0<\/span><span data-contrast=\"auto\"> perfei\u00e7\u00e3o, \u00e0 santidade de vida. Em Cristo e na Igreja n\u00e3o h\u00e1 nenhuma desigualdade em vista da ra\u00e7a ou na\u00e7\u00e3o, condi\u00e7\u00e3o social ou sexo. Se, pois, na Igreja, nem todos seguem pelo mesmo caminho, continua o Conc\u00edlio, todos s\u00e3o chamados \u00e0 santidade, pois receberam a mesma f\u00e9 na justi\u00e7a de Deus (2 Pd 1,1). Entre todos vigora a igualdade em rela\u00e7\u00e3o \u00e0 dignidade e \u00e0 a\u00e7\u00e3o comum na edifica\u00e7\u00e3o do Corpo do Senhor. Todos, ministros ordenados, leigos e leigas d\u00e3o testemunho da unidade no Corpo de Cristo, pois a diversidade das gra\u00e7as, dos minist\u00e9rios e a\u00e7\u00f5es unificam os filhos e as filhas de Deus porque tudo \u00e9 realizado num \u00fanico e mesmo Esp\u00edrito (1 Cor 12,11)<\/span><span data-contrast=\"auto\">4<\/span><span data-ccp-props=\"{&quot;201341983&quot;:0,&quot;335551550&quot;:6,&quot;335551620&quot;:6,&quot;335559739&quot;:200,&quot;335559740&quot;:276}\">\u00a0<\/span><\/p>\n<p style=\"text-align: justify;\"><span data-contrast=\"auto\">A import\u00e2ncia do sacerdote e dos leigos e das leigas.<\/span><span data-ccp-props=\"{&quot;201341983&quot;:0,&quot;335551550&quot;:6,&quot;335551620&quot;:6,&quot;335559731&quot;:708,&quot;335559739&quot;:200,&quot;335559740&quot;:276}\">\u00a0<\/span><\/p>\n<p style=\"text-align: justify;\"><span data-contrast=\"auto\">Na Querida Amaz\u00f4nia tem o Papa Francisco presentes alguns pontos da import\u00e2ncia do minist\u00e9rio ordenado, dos leigos e leigas. Nas circunst\u00e2ncias espec\u00edficas da Amaz\u00f4nia nas suas florestas, lugares mais remotos, diz o Papa, \u00e9 preciso encontrar uma forma que assegure o minist\u00e9rio sacerdotal. Os leigos, as leigas ter\u00e3o condi\u00e7\u00f5es de anunciar a Palavra, ensinar, organizar as suas comunidades, celebrar alguns sacramentos, desenvolver os m\u00faltiplos dons que o Esp\u00edrito Santo derrama neles. As comunidades, por\u00e9m necessitam da celebra\u00e7\u00e3o da Eucaristia, de modo que toda a comunidade edifica-se tendo como raiz e centro a celebra\u00e7\u00e3o da Sant\u00edssima Eucaristia (PO, n. 6)<\/span><span data-contrast=\"auto\">5<\/span><span data-contrast=\"auto\">.<\/span><span data-ccp-props=\"{&quot;201341983&quot;:0,&quot;335551550&quot;:6,&quot;335551620&quot;:6,&quot;335559731&quot;:708,&quot;335559739&quot;:200,&quot;335559740&quot;:276}\">\u00a0<\/span><\/p>\n<p style=\"text-align: justify;\"><span data-contrast=\"auto\">Uma Igreja de rostos amaz\u00f4nicos.<\/span><span data-ccp-props=\"{&quot;201341983&quot;:0,&quot;335551550&quot;:6,&quot;335551620&quot;:6,&quot;335559731&quot;:708,&quot;335559739&quot;:200,&quot;335559740&quot;:276}\">\u00a0<\/span><\/p>\n<p style=\"text-align: justify;\"><span data-contrast=\"auto\">O Papa Francisco insiste na sua Exorta\u00e7\u00e3o Apost\u00f3lica na forma\u00e7\u00e3o de uma Igreja de rostos amaz\u00f4nicos com a presen\u00e7a de leigos e de leigas, maduros, dotados de autoridade, que conhe\u00e7am as l\u00ednguas, as culturas diversas, que tenham uma experi\u00eancia espiritual e o modo de vida em comunidade de cada lugar, levando em conta, a multiplicidade dos dons que o Esp\u00edrito Santo semeia em todas as pessoas. Os desafios da Amaz\u00f4nia exigem da Igreja esfor\u00e7os cont\u00ednuos para conseguir uma presen\u00e7a forte, sendo poss\u00edvel com o protagonismo dos leigos e das leigas<\/span><span data-contrast=\"auto\">6<\/span><span data-contrast=\"auto\">.\u00a0<\/span><span data-ccp-props=\"{&quot;201341983&quot;:0,&quot;335551550&quot;:6,&quot;335551620&quot;:6,&quot;335559731&quot;:708,&quot;335559739&quot;:200,&quot;335559740&quot;:276}\">\u00a0<\/span><\/p>\n<p style=\"text-align: justify;\"><span data-contrast=\"auto\">Uma forma\u00e7\u00e3o integral.\u00a0<\/span><span data-ccp-props=\"{&quot;201341983&quot;:0,&quot;335551550&quot;:6,&quot;335551620&quot;:6,&quot;335559731&quot;:708,&quot;335559739&quot;:200,&quot;335559740&quot;:276}\">\u00a0<\/span><\/p>\n<p style=\"text-align: justify;\"><span data-contrast=\"auto\">A Confer\u00eancia Nacional dos Bispos do Brasil (CNBB) tamb\u00e9m colocou a necessidade da forma\u00e7\u00e3o para os seus membros como tarefa primordial, exigindo o empenho de todas as pessoas. O crist\u00e3o leigo e leiga n\u00e3o se estagna na sua caminhada eclesial. Tal forma\u00e7\u00e3o integral levar\u00e1 em considera\u00e7\u00e3o na vida da comunidade, as dimens\u00f5es humana e espiritual, teol\u00f3gica e pastoral, te\u00f3rica e pr\u00e1tica<\/span><span data-contrast=\"auto\">7<\/span><span data-contrast=\"auto\">.<\/span><span data-ccp-props=\"{&quot;201341983&quot;:0,&quot;335551550&quot;:6,&quot;335551620&quot;:6,&quot;335559731&quot;:708,&quot;335559739&quot;:200,&quot;335559740&quot;:276}\">\u00a0<\/span><\/p>\n<p style=\"text-align: justify;\"><span data-contrast=\"auto\">Valoriza\u00e7\u00e3o do laicato.<\/span><span data-ccp-props=\"{&quot;201341983&quot;:0,&quot;335551550&quot;:6,&quot;335551620&quot;:6,&quot;335559731&quot;:708,&quot;335559739&quot;:200,&quot;335559740&quot;:276}\">\u00a0<\/span><\/p>\n<p style=\"text-align: justify;\"><span data-contrast=\"auto\">Lembrando os cinq\u00fcenta anos de Santar\u00e9m, o IV Encontro da Igreja Cat\u00f3lica na Amaz\u00f4nia Legal, no documento final, gratid\u00e3o e profecia, ressaltou a valoriza\u00e7\u00e3o do laicato nas assembl\u00e9ias, nos conselhos pastorais, nos minist\u00e9rios confiados aos leigos e as leigas. \u00c9 preciso investir mais recursos na forma\u00e7\u00e3o dos crist\u00e3os leigos e leigas nos diversos campos da teologia, b\u00edblia, pastoral, espiritualidade e na Doutrina Social da Igreja. O encontro motivou ao fortalecimento na forma\u00e7\u00e3o de leigos e de leigas, para que sejam mission\u00e1rios e mission\u00e1rias respondendo \u00e0s exig\u00eancias da miss\u00e3o na Amaz\u00f4nia<\/span><span data-contrast=\"auto\">8<\/span><span data-contrast=\"auto\">.<\/span><span data-ccp-props=\"{&quot;201341983&quot;:0,&quot;335551550&quot;:6,&quot;335551620&quot;:6,&quot;335559731&quot;:708,&quot;335559739&quot;:200,&quot;335559740&quot;:276}\">\u00a0<\/span><\/p>\n<p style=\"text-align: justify;\"><span data-contrast=\"auto\">Leigos em refer\u00eancia ao mart\u00edrio.\u00a0<\/span><span data-ccp-props=\"{&quot;201341983&quot;:0,&quot;335551550&quot;:6,&quot;335551620&quot;:6,&quot;335559731&quot;:708,&quot;335559739&quot;:200,&quot;335559740&quot;:276}\">\u00a0<\/span><\/p>\n<p style=\"text-align: justify;\"><span data-contrast=\"auto\">\u00c9 importante ver como os Padres da Igreja <\/span><span data-contrast=\"auto\">tamb\u00e9m consideraram os leigos e as leigas nas suas doutrinas. Tertuliano, Padre africano dos s\u00e9culos II e III, fez refer\u00eancia, pela primeira vez em l\u00edngua latina, o sentido crist\u00e3o aos leigos e \u00e0s leigas. Ele exaltou as figuras dos confessores e dos m\u00e1rtires que na sua grande maioria eram leigos e leigas, os quais tornavam evidente a obra do Esp\u00edrito Santo, sendo considerados pessoas carism\u00e1ticas, pessoas prof\u00e9ticas, que viviam nas comunidades eclesiais, testemunhando o amor do Senhor, pela confiss\u00e3o ou pelo mart\u00edrio<\/span><span data-contrast=\"auto\">9<\/span><span data-contrast=\"auto\">.<\/span><span data-ccp-props=\"{&quot;201341983&quot;:0,&quot;335551550&quot;:6,&quot;335551620&quot;:6,&quot;335559731&quot;:708,&quot;335559739&quot;:200,&quot;335559740&quot;:276}\">\u00a0<\/span><\/p>\n<p style=\"text-align: justify;\"><span data-contrast=\"auto\">Os carismas das pessoas a servi\u00e7o.\u00a0<\/span><span data-ccp-props=\"{&quot;201341983&quot;:0,&quot;335551550&quot;:6,&quot;335551620&quot;:6,&quot;335559731&quot;:708,&quot;335559739&quot;:200,&quot;335559740&quot;:276}\">\u00a0<\/span><\/p>\n<p style=\"text-align: justify;\"><span data-contrast=\"auto\">As Constitui\u00e7\u00f5es Apost\u00f3licas, escrito do s\u00e9culo IV, tiveram presentes que os carismas dos fieis leigos seriam colocados a servi\u00e7o dos outros, n\u00e3o para se vangloriar dos mesmos, mas possibilitariam vida na Igreja e no Reino. A pessoa, honrada pelo carisma, dom de Deus para qualquer a\u00e7\u00e3o \u00fatil, visaria<\/span><span data-contrast=\"auto\"> \u00e0 salva\u00e7\u00e3o das pessoas, pa<\/span><span data-contrast=\"auto\">ra que assim todos glorifiquem a Deus<\/span><span data-contrast=\"auto\">10<\/span><span data-contrast=\"auto\">.\u00a0<\/span><span data-ccp-props=\"{&quot;201341983&quot;:0,&quot;335551550&quot;:6,&quot;335551620&quot;:6,&quot;335559731&quot;:708,&quot;335559739&quot;:200,&quot;335559740&quot;:276}\">\u00a0<\/span><\/p>\n<p style=\"text-align: justify;\"><span data-contrast=\"auto\">O documento tamb\u00e9m dizia que Deus consente como um s\u00e1bio administrador que se cumpram os milagres, n\u00e3o em virtude das for\u00e7as dos seres humanos, mas gra\u00e7as \u00e0 sua vontade. Desta for\u00e7a as pessoas que receberiam os carismas, as gra\u00e7as de Deus n\u00e3o se conservariam na comunidade superiores a todas as pessoas que n\u00e3o as tiveram, mas os viveriam na humildade e na simplicidade<\/span><span data-contrast=\"auto\">11<\/span><span data-contrast=\"auto\">.\u00a0<\/span><span data-ccp-props=\"{&quot;201341983&quot;:0,&quot;335551550&quot;:6,&quot;335551620&quot;:6,&quot;335559731&quot;:708,&quot;335559739&quot;:200,&quot;335559740&quot;:276}\">\u00a0<\/span><\/p>\n<p style=\"text-align: justify;\"><span data-contrast=\"auto\">A unidade do povo de Deus.<\/span><span data-ccp-props=\"{&quot;201341983&quot;:0,&quot;335551550&quot;:6,&quot;335551620&quot;:6,&quot;335559731&quot;:708,&quot;335559739&quot;:200,&quot;335559740&quot;:276}\">\u00a0<\/span><\/p>\n<p style=\"text-align: justify;\"><span data-contrast=\"auto\">As Constitui\u00e7\u00f5es Apost\u00f3licas ressaltaram a import\u00e2ncia do povo de Deus, pois atrav\u00e9s do batismo formariam uma unidade em Cristo. Todos necessitariam de todos para o bom andamento da comunidade. Os carismas que o Senhor concedeu, eram para o servi\u00e7o em geral na comunidade. Cada pessoa viveria na sua miss\u00e3o, os ministros ordenados, os leigos e as leigas para que todos visassem <\/span><span data-contrast=\"auto\">\u00e0<\/span><span data-contrast=\"auto\"> gl\u00f3ria do Senhor. <\/span><span data-contrast=\"auto\">12<\/span><span data-contrast=\"auto\">.<\/span><span data-ccp-props=\"{&quot;201341983&quot;:0,&quot;335551550&quot;:6,&quot;335551620&quot;:6,&quot;335559731&quot;:708,&quot;335559739&quot;:200,&quot;335559740&quot;:276}\">\u00a0<\/span><\/p>\n<p style=\"text-align: justify;\"><span data-contrast=\"auto\">Os leigos e as leigas s\u00e3o a parte do povo de Deus fundamentais na evangeliza\u00e7\u00e3o e na santifica\u00e7\u00e3o das coisas e do mundo. Pela palavra de Deus, pelo batismo, crisma e a eucaristia s\u00e3o chamados os leigos e as leigas <\/span><span data-contrast=\"auto\">\u00e0 miss\u00e3o de anunciar<\/span><span data-contrast=\"auto\"> o bem, a paz, o amor, denunciar o pecado, a morte no mundo, para que haja a vida, e junto com os pastores viverem o amor a Deus, ao pr\u00f3ximo como a si mesmo.\u00a0<\/span><span data-ccp-props=\"{&quot;201341983&quot;:0,&quot;335551550&quot;:6,&quot;335551620&quot;:6,&quot;335559731&quot;:708,&quot;335559739&quot;:200,&quot;335559740&quot;:276}\">\u00a0<\/span><\/p>\n","protected":false},"excerpt":{"rendered":"<p>Dom Vital Corbellini Bispo de Marab\u00e1 (PA) &nbsp; \u00a0 O quarto domingo do m\u00eas de agosto dedicado \u00e0s voca\u00e7\u00f5es, celebra a Igreja a voca\u00e7\u00e3o dos fi\u00e9is leigos e leigas na vida da comunidade e no mundo. A ora\u00e7\u00e3o \u00e9 fundamental por eles e por elas em vista do bom testemunho onde vivem e atuam como &hellip;<\/p>\n<p class=\"read-more\"> <a class=\"\" href=\"https:\/\/www.cnbb.org.br\/a-missao-dos-leigos-e-das-leigas-na-igreja-e-na-sociedade\/\"> <span class=\"screen-reader-text\">A miss\u00e3o dos leigos e das leigas na Igreja e na sociedade<\/span> Leia mais &raquo;<\/a><\/p>\n","protected":false},"author":16,"featured_media":0,"comment_status":"open","ping_status":"open","sticky":false,"template":"","format":"standard","meta":{"site-sidebar-layout":"default","site-content-layout":"default","ast-global-header-display":"","ast-banner-title-visibility":"","ast-main-header-display":"","ast-hfb-above-header-display":"","ast-hfb-below-header-display":"","ast-hfb-mobile-header-display":"","site-post-title":"","ast-breadcrumbs-content":"","ast-featured-img":"","footer-sml-layout":"","theme-transparent-header-meta":"default","adv-header-id-meta":"","stick-header-meta":"","header-above-stick-meta":"","header-main-stick-meta":"","header-below-stick-meta":""},"categories":[758,1837],"tags":[],"acf":[],"_links":{"self":[{"href":"https:\/\/www.cnbb.org.br\/cnbb-app\/wp\/v2\/posts\/928923"}],"collection":[{"href":"https:\/\/www.cnbb.org.br\/cnbb-app\/wp\/v2\/posts"}],"about":[{"href":"https:\/\/www.cnbb.org.br\/cnbb-app\/wp\/v2\/types\/post"}],"author":[{"embeddable":true,"href":"https:\/\/www.cnbb.org.br\/cnbb-app\/wp\/v2\/users\/16"}],"replies":[{"embeddable":true,"href":"https:\/\/www.cnbb.org.br\/cnbb-app\/wp\/v2\/comments?post=928923"}],"version-history":[{"count":0,"href":"https:\/\/www.cnbb.org.br\/cnbb-app\/wp\/v2\/posts\/928923\/revisions"}],"wp:attachment":[{"href":"https:\/\/www.cnbb.org.br\/cnbb-app\/wp\/v2\/media?parent=928923"}],"wp:term":[{"taxonomy":"category","embeddable":true,"href":"https:\/\/www.cnbb.org.br\/cnbb-app\/wp\/v2\/categories?post=928923"},{"taxonomy":"post_tag","embeddable":true,"href":"https:\/\/www.cnbb.org.br\/cnbb-app\/wp\/v2\/tags?post=928923"}],"curies":[{"name":"wp","href":"https:\/\/api.w.org\/{rel}","templated":true}]}}