{"id":929084,"date":"2022-08-30T15:27:49","date_gmt":"2022-08-30T18:27:49","guid":{"rendered":"https:\/\/www.cnbb.org.br\/?p=929084"},"modified":"2022-08-30T15:40:10","modified_gmt":"2022-08-30T18:40:10","slug":"comissao-do-tema-central-da-59a-ag-cnbb-apresenta-processo-que-sera-feito-para-a-elaboracao-das-futuras-dgae","status":"publish","type":"post","link":"https:\/\/www.cnbb.org.br\/comissao-do-tema-central-da-59a-ag-cnbb-apresenta-processo-que-sera-feito-para-a-elaboracao-das-futuras-dgae\/","title":{"rendered":"Comiss\u00e3o do Tema Central da 59\u00aa AG CNBB apresenta processo que ser\u00e1 feito para a elabora\u00e7\u00e3o das futuras DGAE"},"content":{"rendered":"<p style=\"text-align: justify;\">Nesta ter\u00e7a-feira, 30 de agosto, terceiro dia da 59\u00aa Assembleia Geral da CNBB, o arcebispo de Santa Maria (RS), dom Leomar Ant\u00f4nio Brustolin, recuperou o processo que a Comiss\u00e3o do Tema Central desta AG CNBB tem feito e que ir\u00e1 se desdobrar nas pr\u00f3ximas Diretrizes Gerais para a A\u00e7\u00e3o Evangelizadora da Igreja no Brasil, a partir de 2023. \u201cAs DGAE favorecem o esp\u00edrito e o processo sinodal da Confer\u00eacia\u201d, disse dom Leomar.<\/p>\n<p style=\"text-align: justify;\">Ele tamb\u00e9m apresentou a Comiss\u00e3o e fez uma s\u00edntese sobre o processo que ser\u00e1 feito para a constru\u00e7\u00e3o das futuras Diretrizes. Especificamente, nesta fase presencial da 59\u00aa AG CNBB, a Comiss\u00e3o para o Tema Central sugeriu ao episcopado que ocorra a continuidade da escuta sobre a situa\u00e7\u00e3o pastoral das dioceses, arquidioceses, prelazias em rela\u00e7\u00e3o \u00e0s atuais Diretrizes.<\/p>\n<p style=\"text-align: justify;\">Nesta Assembleia tamb\u00e9m ser\u00e1 elaborado um texto breve, em forma de mensagem ao povo de Deus \u2013 mensagem \u00e0 Igreja -, com o resultado da escuta da Assembleia, apresentando \u00e0s lideran\u00e7as o processo de 2023 e 2024 para elabora\u00e7\u00e3o das DGAE.<\/p>\n<h3>Etapas do processo<\/h3>\n<p style=\"text-align: justify;\">Na sequ\u00eancia, dom Leomar apresentou ao episcopado uma s\u00edntese do que ser\u00e1 feito para a elabora\u00e7\u00e3o das futuras Diretrizes. Em 2023, a Comiss\u00e3o prop\u00f5e uma etapa de &#8220;discernimento&#8221; avaliando o caminho pastoral. Elementos para uma metodologia pastoral-sinodal dever\u00e3o ser incorporados, al\u00e9m de indica\u00e7\u00f5es concretas para maior participa\u00e7\u00e3o, tendo como pano de fundo as atuais DGAE.<\/p>\n<p style=\"text-align: justify;\">Diante disso, dom Leomar, disse que ser\u00e1 necess\u00e1rio incorporar os impactos da pandemia, uma reflex\u00e3o sobre o tempo pand\u00eamico e o futuro p\u00f3s-pand\u00eamico, a compreens\u00e3o e acolhida das pessoas e comunidades afetadas e as<span style=\"font-size: 16px;\"> indica\u00e7\u00f5es do magist\u00e9rio do Papa Francisco.\u00a0<\/span><\/p>\n<blockquote>\n<p style=\"text-align: justify;\">\u201cE tamb\u00e9m considerar que estamos numa sociedade fragmentada, polarizada e marcada por uma cultura digital que exige uma maior participa\u00e7\u00e3o social com intelig\u00eancia organizativa a partir da DSI\u201d, acrescentou dom Leomar.<\/p>\n<\/blockquote>\n<p style=\"text-align: justify;\">Em 2024, a proposta \u00e9 que j\u00e1 se fa\u00e7a a reda\u00e7\u00e3o e renova\u00e7\u00e3o das Diretrizes. Para isso, ser\u00e1 necess\u00e1rio prolongar o exerc\u00edcio da escuta como eco das respostas ao processo de escuta do S\u00ednodo, realizado nas dioceses, com alguns referenciais para aprofundar a reflex\u00e3o.<\/p>\n<p style=\"text-align: justify;\">Nesse processo dever\u00e3o ser destacados os temas dos minist\u00e9rios laicais reconhecidos e institu\u00eddos; o fortalecimento dos conselhos; a participa\u00e7\u00e3o do povo de Deus no clericalismo; a consci\u00eancia mission\u00e1ria; a amizade Social; o di\u00e1logo ecum\u00eanico e inter-religioso, entre outros.<\/p>\n<blockquote>\n<p style=\"text-align: justify;\">\u201cNecessita-se aperfei\u00e7oamento das experi\u00eancias de sinodalidade na constru\u00e7\u00e3o das DGAE, com a participa\u00e7\u00e3o de outros organismos do Povo de Deus e de outras representa\u00e7\u00f5es dos minist\u00e9rios ordenados\u201d, acrescentou dom Leomar.<\/p>\n<\/blockquote>\n<p style=\"text-align: justify;\">Ainda como parte das tem\u00e1ticas que dever\u00e3o ser acrescidas deve-se, segundo a Comiss\u00e3o para o Tema Central, dar centralidade para as comunidades eclesiais mission\u00e1rias para a miss\u00e3o e a viv\u00eancia da f\u00e9 em comunidade nas futuras DGAE e \u00e0 Inicia\u00e7\u00e3o \u00e0 Vida Crist\u00e3 (IVC).\u00a0Ap\u00f3s a explana\u00e7\u00e3o do processo, dom Leomar explicou que amanh\u00e3, 31 de agosto, haver\u00e1 um encontro com os regionais. Eles v\u00e3o receber o material para o trabalho e a\u00ed assim poder\u00e3o apresentar \u00e0 equipe para considera\u00e7\u00f5es.<\/p>\n<h3 style=\"text-align: justify;\"><strong>18\u00ba Congresso Eucar\u00edstico Nacional<\/strong><\/h3>\n<blockquote>\n<p style=\"text-align: justify;\">&#8220;\u00c9 com muita alegria que fazemos uso desse tempo para falar sobre o Congresso que \u00e9, sem d\u00favida, um tempo muito importante para n\u00f3s. Ser\u00e1 um momento sublime&#8221;, afirmou dom Fernando Saburido, arcebispo de Olinda e Recife, durante a 59\u00aa AG CNBB.<\/p>\n<\/blockquote>\n<p style=\"text-align: justify;\">Na sequ\u00eancia foi apresentado o v\u00eddeo oficial de divulga\u00e7\u00e3o do 18\u00ba Congresso Eucar\u00edstico Nacional, que tem como tema \u201cP\u00e3o em Todas as Mesas\u201d. Para o lema, a ilumina\u00e7\u00e3o \u00e9 de Atos dos Ap\u00f3stolos (2,46): \u201cRepartiam o p\u00e3o com alegria e n\u00e3o havia necessitados entre eles\u201d. A programa\u00e7\u00e3o contempla o Simp\u00f3sio Teol\u00f3gico com 3 confer\u00eancias e 9 oficinas, Catequeses P\u00fablicas, Feira Cat\u00f3lica, apresenta\u00e7\u00f5es culturais, al\u00e9m das exposi\u00e7\u00f5es Servos de Deus e das Pastorais Sociais do Brasil.<\/p>\n<div class=\"ast-oembed-container\" style=\"height: 100%;\"><iframe loading=\"lazy\" title=\"CEN2022 CNBB\" width=\"500\" height=\"281\" src=\"https:\/\/www.youtube.com\/embed\/MPTaHEuJ4ys?feature=oembed\" frameborder=\"0\" allow=\"accelerometer; autoplay; clipboard-write; encrypted-media; gyroscope; picture-in-picture\" allowfullscreen><\/iframe><\/div>\n<p>&nbsp;<\/p>\n<p>Saiba mais em: <a href=\"https:\/\/cen2020.com.br\/\" target=\"_blank\" rel=\"noopener\">https:\/\/cen2020.com.br\/<\/a><\/p>\n<p>&nbsp;<\/p>\n<p>&nbsp;<\/p>\n<pre>Foto de capa: Victoria Holzbach<\/pre>\n<p>&nbsp;<\/p>\n<p>&nbsp;<\/p>\n<p>&nbsp;<\/p>\n","protected":false},"excerpt":{"rendered":"<p>Nesta ter\u00e7a-feira, 30 de agosto, terceiro dia da 59\u00aa Assembleia Geral da CNBB, o arcebispo de Santa Maria (RS), dom Leomar Ant\u00f4nio Brustolin, recuperou o processo que a Comiss\u00e3o do Tema Central desta AG CNBB tem feito e que ir\u00e1 se desdobrar nas pr\u00f3ximas Diretrizes Gerais para a A\u00e7\u00e3o Evangelizadora da Igreja no Brasil, a &hellip;<\/p>\n<p class=\"read-more\"> <a class=\"\" href=\"https:\/\/www.cnbb.org.br\/comissao-do-tema-central-da-59a-ag-cnbb-apresenta-processo-que-sera-feito-para-a-elaboracao-das-futuras-dgae\/\"> <span class=\"screen-reader-text\">Comiss\u00e3o do Tema Central da 59\u00aa AG CNBB apresenta processo que ser\u00e1 feito para a elabora\u00e7\u00e3o das futuras DGAE<\/span> Leia mais &raquo;<\/a><\/p>\n","protected":false},"author":83,"featured_media":929093,"comment_status":"open","ping_status":"open","sticky":false,"template":"","format":"standard","meta":{"site-sidebar-layout":"default","site-content-layout":"default","ast-global-header-display":"","ast-banner-title-visibility":"","ast-main-header-display":"","ast-hfb-above-header-display":"","ast-hfb-below-header-display":"","ast-hfb-mobile-header-display":"","site-post-title":"","ast-breadcrumbs-content":"","ast-featured-img":"","footer-sml-layout":"","theme-transparent-header-meta":"default","adv-header-id-meta":"","stick-header-meta":"","header-above-stick-meta":"","header-main-stick-meta":"","header-below-stick-meta":""},"categories":[4426,1841],"tags":[4176,4649],"acf":[],"_links":{"self":[{"href":"https:\/\/www.cnbb.org.br\/cnbb-app\/wp\/v2\/posts\/929084"}],"collection":[{"href":"https:\/\/www.cnbb.org.br\/cnbb-app\/wp\/v2\/posts"}],"about":[{"href":"https:\/\/www.cnbb.org.br\/cnbb-app\/wp\/v2\/types\/post"}],"author":[{"embeddable":true,"href":"https:\/\/www.cnbb.org.br\/cnbb-app\/wp\/v2\/users\/83"}],"replies":[{"embeddable":true,"href":"https:\/\/www.cnbb.org.br\/cnbb-app\/wp\/v2\/comments?post=929084"}],"version-history":[{"count":0,"href":"https:\/\/www.cnbb.org.br\/cnbb-app\/wp\/v2\/posts\/929084\/revisions"}],"wp:featuredmedia":[{"embeddable":true,"href":"https:\/\/www.cnbb.org.br\/cnbb-app\/wp\/v2\/media\/929093"}],"wp:attachment":[{"href":"https:\/\/www.cnbb.org.br\/cnbb-app\/wp\/v2\/media?parent=929084"}],"wp:term":[{"taxonomy":"category","embeddable":true,"href":"https:\/\/www.cnbb.org.br\/cnbb-app\/wp\/v2\/categories?post=929084"},{"taxonomy":"post_tag","embeddable":true,"href":"https:\/\/www.cnbb.org.br\/cnbb-app\/wp\/v2\/tags?post=929084"}],"curies":[{"name":"wp","href":"https:\/\/api.w.org\/{rel}","templated":true}]}}