{"id":929490,"date":"2022-09-05T11:06:38","date_gmt":"2022-09-05T14:06:38","guid":{"rendered":"https:\/\/www.cnbb.org.br\/?p=929490"},"modified":"2022-09-05T11:16:58","modified_gmt":"2022-09-05T14:16:58","slug":"papa-joao-paulo-i-beatificado-sorriso-transmitir-bondade-do-senhor","status":"publish","type":"post","link":"https:\/\/www.cnbb.org.br\/papa-joao-paulo-i-beatificado-sorriso-transmitir-bondade-do-senhor\/","title":{"rendered":"Papa Jo\u00e3o Paulo I \u00e9 beatificado: \u201ccom o sorriso, conseguiu transmitir a bondade do Senhor\u201d"},"content":{"rendered":"<p>O Papa Francisco presidiu, na manh\u00e3 de domingo, 4 de setembro, a Missa com o Rito de Beatifica\u00e7\u00e3o do Papa Jo\u00e3o Paulo I, na Pra\u00e7a S\u00e3o Pedro, no Vaticano. Em sua homilia, disse que, \u201ccom o sorriso, o Papa Luciani conseguiu transmitir a bondade do Senhor&#8221;.<\/p>\n<p>Francisco refletiu sobre o Evangelho do dia, no qual Jesus afirma que <span style=\"font-size: 16px;\">n\u00e3o pode ser seu disc\u00edpulo quem n\u00e3o O ama mais do que aos seus entes queridos, quem n\u00e3o carrega a sua cruz, quem n\u00e3o renuncia aos bens terrenos.\u00a0<\/span><\/p>\n<p>Para conseguir amar a Jesus, disse Francisco, &#8220;\u00e9 preciso olhar mais para Ele do que para n\u00f3s pr\u00f3prios, aprender o amor que brota do Crucificado. N\u2019Ele vemos um amor que se d\u00e1 at\u00e9 ao fim, sem medida nem fronteiras. A medida do amor \u00e9 amar sem medida&#8221;.<\/p>\n<blockquote><p>&#8220;Amar, ainda que custe a cruz do sacrif\u00edcio, do sil\u00eancio, da incompreens\u00e3o, da solid\u00e3o, da contrariedade e da persegui\u00e7\u00e3o. Amar assim, inclusive a este pre\u00e7o, porque \u2013 dizia o Beato <a href=\"https:\/\/www.vatican.va\/content\/john-paul-i\/pt.html\" target=\"_blank\" rel=\"noopener\">Jo\u00e3o Paulo I<\/a>\u00a0\u2013 se queres beijar Jesus crucificado, \u00abn\u00e3o o podes fazer sem te debru\u00e7ares sobre a cruz e deixar que te fira algum espinho da coroa, que est\u00e1 na cabe\u00e7a do Senhor\u00bb (<i><a href=\"https:\/\/www.vatican.va\/content\/john-paul-i\/pt\/audiences\/documents\/hf_jp-i_aud_27091978.html\" target=\"_blank\" rel=\"noopener\">Audi\u00eancia Geral<\/a><\/i>, 27\/IX\/1978). O amor at\u00e9 ao extremo, com todos os seus espinhos: e n\u00e3o as coisas a meio, as acomoda\u00e7\u00f5es ou a vida tranquila. Se n\u00e3o apontarmos para o alto, se n\u00e3o arriscarmos, se nos contentarmos com uma f\u00e9 superficial, somos \u2013 diz Jesus \u2013 como quem deseja construir uma torre, mas n\u00e3o calculou bem os meios para a fazer: \u00abassenta os alicerces\u00bb e, depois, \u00abn\u00e3o a pode acabar\u00bb (<i>Lc<\/i> 14, 29)&#8221;.<\/p><\/blockquote>\n<p>E o beato Jo\u00e3o Paulo I viveu assim, destacou Francisco: &#8220;na alegria do Evangelho, sem ced\u00eancias, amando at\u00e9 ao extremo. Encarnou a pobreza do disc\u00edpulo, que n\u00e3o \u00e9 apenas desapegar-se dos bens materiais, mas sobretudo vencer a tenta\u00e7\u00e3o de me colocar a mi mesmo no centro e procurar a gl\u00f3ria pr\u00f3pria. Ao contr\u00e1rio, seguindo o exemplo de Jesus, foi pastor manso e humilde. Considerava-se a si mesmo como o p\u00f3 sobre o qual Deus Se dignara escrever&#8221;.<\/p>\n<blockquote><p>&#8220;Com o sorriso, o Papa Luciani conseguiu transmitir a bondade do Senhor. \u00c9 bela uma Igreja com o rosto alegre, o rosto sereno, o rosto sorridente, uma Igreja que nunca fecha as portas, que n\u00e3o exacerba os cora\u00e7\u00f5es, que n\u00e3o se lamenta nem guarda ressentimentos, que n\u00e3o \u00e9 bravia nem impaciente, n\u00e3o se apresenta com modos rudes, nem padece de saudades do passado, caindo no retrogradismo&#8221;, disse o Papa Francisco.<\/p><\/blockquote>\n<p>Ao final da homilia, na qual citou v\u00e1rias frases de Jo\u00e3o Paulo I, o Papa Francisco motivou rezar ao novo beato pedindo que &#8220;nos obtenha \u00abo sorriso da alma\u00bb, um sorriso transparente, que n\u00e3o engana: o sorriso da alma&#8221;.<\/p>\n<p>E concluiu: &#8220;Servindo-nos das suas palavras, pe\u00e7amos o que ele pr\u00f3prio costumava pedir: \u00abSenhor, aceitai-me como sou, com os meus defeitos, com as minhas faltas, mas fazei que me torne como V\u00f3s desejais\u00bb (<i><a href=\"https:\/\/www.vatican.va\/content\/john-paul-i\/pt\/audiences\/documents\/hf_jp-i_aud_13091978.html\" target=\"_blank\" rel=\"noopener\">Audi\u00eancia Geral<\/a><\/i>, 13\/IX\/1978). Am\u00e9m&#8221;.<b><\/b><\/p>\n<p>&nbsp;<\/p>\n<div class=\"elementor-column elementor-col-50 elementor-inner-column elementor-element elementor-element-f2b1fed\" data-id=\"f2b1fed\" data-element_type=\"column\">\n<div class=\"elementor-column-wrap elementor-element-populated\">\n<div class=\"elementor-widget-wrap\">\n<div class=\"elementor-element elementor-element-19d7f321 elementor-widget elementor-widget-heading\" data-id=\"19d7f321\" data-element_type=\"widget\" data-widget_type=\"heading.default\">\n<div class=\"elementor-widget-container\">\n<h5 class=\"elementor-heading-title elementor-size-default\"><a href=\"https:\/\/www.cnbb.org.br\/joao-paulo-i-relacao-com-o-brasil\/\">O FUTURO BEATO JO\u00c3O PAULO I E A SUA RELA\u00c7\u00c3O DE AMIZADE E AT\u00c9 FAMILIAR COM O BRASIL<\/a><\/h5>\n<\/div>\n<\/div>\n<\/div>\n<\/div>\n<\/div>\n<p>&nbsp;<\/p>\n<p>&nbsp;<\/p>\n<pre>Foto de capa: Vatican News\/Vatican Media<\/pre>\n","protected":false},"excerpt":{"rendered":"<p>O Papa Francisco presidiu, na manh\u00e3 de domingo, 4 de setembro, a Missa com o Rito de Beatifica\u00e7\u00e3o do Papa Jo\u00e3o Paulo I, na Pra\u00e7a S\u00e3o Pedro, no Vaticano. Em sua homilia, disse que, \u201ccom o sorriso, o Papa Luciani conseguiu transmitir a bondade do Senhor&#8221;. O novo beato viveu, segundo o Papa, &#8220;na alegria do Evangelho, sem ced\u00eancias, amando at\u00e9 ao extremo&#8221;<\/p>\n","protected":false},"author":38,"featured_media":929492,"comment_status":"open","ping_status":"open","sticky":false,"template":"","format":"standard","meta":{"site-sidebar-layout":"default","site-content-layout":"default","ast-global-header-display":"","ast-banner-title-visibility":"","ast-main-header-display":"","ast-hfb-above-header-display":"","ast-hfb-below-header-display":"","ast-hfb-mobile-header-display":"","site-post-title":"","ast-breadcrumbs-content":"","ast-featured-img":"","footer-sml-layout":"","theme-transparent-header-meta":"default","adv-header-id-meta":"","stick-header-meta":"","header-above-stick-meta":"","header-main-stick-meta":"","header-below-stick-meta":""},"categories":[50,784],"tags":[2314,4002],"acf":[],"_links":{"self":[{"href":"https:\/\/www.cnbb.org.br\/cnbb-app\/wp\/v2\/posts\/929490"}],"collection":[{"href":"https:\/\/www.cnbb.org.br\/cnbb-app\/wp\/v2\/posts"}],"about":[{"href":"https:\/\/www.cnbb.org.br\/cnbb-app\/wp\/v2\/types\/post"}],"author":[{"embeddable":true,"href":"https:\/\/www.cnbb.org.br\/cnbb-app\/wp\/v2\/users\/38"}],"replies":[{"embeddable":true,"href":"https:\/\/www.cnbb.org.br\/cnbb-app\/wp\/v2\/comments?post=929490"}],"version-history":[{"count":0,"href":"https:\/\/www.cnbb.org.br\/cnbb-app\/wp\/v2\/posts\/929490\/revisions"}],"wp:featuredmedia":[{"embeddable":true,"href":"https:\/\/www.cnbb.org.br\/cnbb-app\/wp\/v2\/media\/929492"}],"wp:attachment":[{"href":"https:\/\/www.cnbb.org.br\/cnbb-app\/wp\/v2\/media?parent=929490"}],"wp:term":[{"taxonomy":"category","embeddable":true,"href":"https:\/\/www.cnbb.org.br\/cnbb-app\/wp\/v2\/categories?post=929490"},{"taxonomy":"post_tag","embeddable":true,"href":"https:\/\/www.cnbb.org.br\/cnbb-app\/wp\/v2\/tags?post=929490"}],"curies":[{"name":"wp","href":"https:\/\/api.w.org\/{rel}","templated":true}]}}