{"id":929491,"date":"2022-09-05T11:46:06","date_gmt":"2022-09-05T14:46:06","guid":{"rendered":"https:\/\/www.cnbb.org.br\/?p=929491"},"modified":"2022-09-05T11:46:06","modified_gmt":"2022-09-05T14:46:06","slug":"dia-da-amazonia-05-de-setembro","status":"publish","type":"post","link":"https:\/\/www.cnbb.org.br\/dia-da-amazonia-05-de-setembro\/","title":{"rendered":"Dia da Amaz\u00f4nia: presidente da CNBB destaca que o valor da Amaz\u00f4nia deve se sobrepor aos interesses econ\u00f4micos"},"content":{"rendered":"<p style=\"text-align: justify;\">Nesta segunda-feira, 5 de setembro, data em que se comemora o Dia da Amaz\u00f4nia, o arcebispo de Belo Horizonte (BH) e presidente da Confer\u00eancia Nacional dos Bispos do Brasil (CNBB), dom Walmor Oliveira de Azevedo, escreveu um artigo sobre a elei\u00e7\u00f5es <strong>&#8216;<span class=\"TextRun SCXW113496765 BCX0\" lang=\"PT-BR\" xml:lang=\"PT-BR\" data-contrast=\"none\"><span class=\"NormalTextRun SCXW113496765 BCX0\">Votos de vida ou morte&#8217;<\/span><\/span><\/strong>. No texto, dom Walmor destaca a inter-rela\u00e7\u00e3o e os problemas que afetam as metr\u00f3poles e as matas brasileiras.<\/p>\n<blockquote>\n<p style=\"text-align: justify;\">&#8220;Bem sabemos que a Amaz\u00f4nia est\u00e1 entre os principais patrim\u00f4nios do Pa\u00eds. Sua import\u00e2ncia \u00e9 muito maior que qualquer interesse ligado ao ac\u00famulo de dinheiro. A sua devasta\u00e7\u00e3o leva a consequ\u00eancias graves que n\u00e3o se restringem aos povos da floresta \u2013 naturalmente os primeiros a sofrerem&#8221;.<\/p>\n<\/blockquote>\n<p style=\"text-align: justify;\">No artigo, dom Walmor aponta ainda que n<span data-contrast=\"none\">este ano eleitoral, o cidad\u00e3o brasileiro n\u00e3o pode considerar que a devasta\u00e7\u00e3o da Amaz\u00f4nia \u00e9 um problema distante. <\/span><\/p>\n<blockquote>\n<p style=\"text-align: justify;\"><span data-contrast=\"none\"><em>&#8220;Quando s\u00e3o consideradas a interdepend\u00eancia entre tudo que existe no planeta, a singularidade e a preciosidade da Amaz\u00f4nia, facilmente se reconhece um crit\u00e9rio importante para bem escolher dentre os que disputam cargos eletivos: o compromisso com a prote\u00e7\u00e3o da Amaz\u00f4nia&#8221;. <\/em><\/span><\/p>\n<\/blockquote>\n<h3 style=\"text-align: justify;\">Dia da Amaz\u00f4nia<\/h3>\n<p style=\"text-align: justify;\">A data est\u00e1 ligada \u00e0 institui\u00e7\u00e3o da Prov\u00edncia da Amaz\u00f4nia, em 1850, por Dom Pedro II. \u00c9 ocasi\u00e3o para refletir sobre a import\u00e2ncia do bioma amaz\u00f4nico e a necessidade de sua preserva\u00e7\u00e3o.<\/p>\n<blockquote>\n<h3 style=\"text-align: justify;\"><strong>Leia o artigo na \u00edntegra<\/strong><\/h3>\n<p style=\"text-align: justify;\"><b><span data-contrast=\"none\">Votos de vida ou morte<\/span><\/b><span data-ccp-props=\"{&quot;201341983&quot;:0,&quot;335551550&quot;:2,&quot;335551620&quot;:2,&quot;335559739&quot;:0,&quot;335559740&quot;:240}\">\u00a0<\/span><\/p>\n<p style=\"text-align: justify;\"><span data-contrast=\"none\">Elei\u00e7\u00f5es: momento decisivo de escolhas, uma aposta no bem de todos e de novos rumos para a sociedade brasileira, ferida pela gravidade da desigualdade social e pelos riscos impostos \u00e0 Democracia. A escolha de candidatos exige grande responsabilidade balizada por criteriosa busca por informa\u00e7\u00f5es, para que a for\u00e7a soberana do povo aponte rumos novos pela representa\u00e7\u00e3o pol\u00edtica s\u00e9ria e de qualidade. E o que ocorre em determinado contexto por vezes territorialmente distante da maioria da popula\u00e7\u00e3o, \u00e9 entristecedor: o Instituto Nacional de Pesquisas Espaciais revela que, somente nos seis primeiros meses de 2022, a Amaz\u00f4nia perdeu para o desmatamento uma \u00e1rea tr\u00eas vezes maior que a do Estado do Rio de Janeiro. Outro estudo s\u00e9rio, conduzido pelo Conselho Indigenista Mission\u00e1rio, considerando dados de 2021, denuncia ofensiva contra direitos ind\u00edgenas e ataques aos seus territ\u00f3rios. Eis o grande desafio: reconhecer que os problemas nas metr\u00f3poles e nas matas se inter-relacionam, e s\u00e3o resultado de modelos desumanos e desumanizadores do exerc\u00edcio da pol\u00edtica. Neste ano eleitoral, cada cidad\u00e3o tem decisiva oportunidade de efetivar profundas mudan\u00e7as pelo voto, com escolhas conscientes.<\/span><span data-ccp-props=\"{&quot;201341983&quot;:0,&quot;335551550&quot;:6,&quot;335551620&quot;:6,&quot;335559731&quot;:720,&quot;335559739&quot;:0,&quot;335559740&quot;:240}\">\u00a0<\/span><span data-ccp-props=\"{&quot;201341983&quot;:0,&quot;335551550&quot;:6,&quot;335551620&quot;:6,&quot;335559739&quot;:0,&quot;335559740&quot;:240}\">\u00a0<\/span><\/p>\n<p style=\"text-align: justify;\"><span data-contrast=\"none\">Bem sabemos que a Amaz\u00f4nia est\u00e1 entre os principais patrim\u00f4nios do Pa\u00eds. Sua import\u00e2ncia <\/span><span data-contrast=\"none\">\u00e9 muito maior que qualquer interesse ligado ao ac\u00famulo de dinheiro. A sua devasta\u00e7\u00e3o leva a consequ\u00eancias graves que n\u00e3o se restringem aos povos da floresta \u2013 naturalmente os primeiros a sofrerem. Impactam toda popula\u00e7\u00e3o brasileira,<\/span><span data-contrast=\"none\"> inclusive a que reside nas grandes metr\u00f3poles, sens\u00edveis \u00e0s enchentes e \u00e0s estiagens ocasionadas pelas mudan\u00e7as clim\u00e1ticas, \u00e0s pandemias provocadas pelo desequil\u00edbrio ambiental, \u00e0 progressiva escassez h\u00eddrica. A explora\u00e7\u00e3o predat\u00f3ria que amea\u00e7a a Amaz\u00f4nia<\/span><span data-contrast=\"none\"> \u00e9 afronta a cada brasileiro e um grave desrespeito \u00e0 humanidade<\/span><span data-contrast=\"none\">. O Papa Francisco indica na Carta Enc\u00edclica <em>&#8216;Laudato Si&#8217;<\/em> \u2013 sobre o cuidado com a casa comum, que \u201ctudo est\u00e1 interligado\u201d. Os problemas e desafios ambientais est\u00e3o intrinsecamente relacionados \u00e0s vergonhosas desigualdades sociais, t\u00e3o acentuadas na sociedade brasileira.<\/span><span data-ccp-props=\"{&quot;201341983&quot;:0,&quot;335551550&quot;:6,&quot;335551620&quot;:6,&quot;335559731&quot;:720,&quot;335559739&quot;:0,&quot;335559740&quot;:240}\">\u00a0<\/span><span data-ccp-props=\"{&quot;201341983&quot;:0,&quot;335551550&quot;:6,&quot;335551620&quot;:6,&quot;335559739&quot;:0,&quot;335559740&quot;:240}\">\u00a0<\/span><\/p>\n<p style=\"text-align: justify;\"><span data-contrast=\"none\">Neste ano eleitoral, o cidad\u00e3o brasileiro n\u00e3o pode considerar que a devasta\u00e7\u00e3o da Amaz\u00f4nia \u00e9 problema distante. Quando s\u00e3o consideradas a interdepend\u00eancia entre tudo que existe no planeta, a singularidade e a preciosidade da Amaz\u00f4nia, facilmente se reconhece um crit\u00e9rio importante para bem escolher dentre os que disputam cargos eletivos: o compromisso com a prote\u00e7\u00e3o da Amaz\u00f4nia. Votar em quem somente pensa no lucro de alguns grupos e n\u00e3o se importa com as consequ\u00eancias da destrui\u00e7\u00e3o do meio ambiente \u00e9 alimentar a morte com a ponta dos dedos, diante das urnas. Buscar nomes verdadeiramente comprometidos com a defesa do planeta \u2013 e portanto de toda a humanidade \u2013 \u00e9 atitude verdadeiramente cidad\u00e3, a favor da vida.<\/span><span data-ccp-props=\"{&quot;201341983&quot;:0,&quot;335551550&quot;:6,&quot;335551620&quot;:6,&quot;335559739&quot;:0,&quot;335559740&quot;:240}\">\u00a0<\/span><\/p>\n<p style=\"text-align: justify;\"><span data-contrast=\"none\">O ano eleitoral \u00e9 especialmente determinante: oferece o poder garantido pelo voto, capaz de levar \u00e0s inst\u00e2ncias de decis\u00e3o os que buscam ocupar cargos p\u00fablicos para promover o bem comum. A partir da leitura da Carta Enc\u00edclica <em>Fratelli Tutti<\/em>, do Papa Francisco, pode-se afirmar que o bom pol\u00edtico n\u00e3o \u00e9 aquele que se preocupa com interesses pecuni\u00e1rios, ou que acredita que o poder econ\u00f4mico tem primazia em rela\u00e7\u00e3o \u00e0 pol\u00edtica. <em>\u201cA pol\u00edtica n\u00e3o deve submeter-se \u00e0 economia\u201d<\/em>, adverte o Santo Padre. Merece aten\u00e7\u00e3o quem verdadeiramente busca preservar a Amaz\u00f4nia, reconhecendo que vivemos em um mundo onde tudo est\u00e1 interligado. Assim, pela for\u00e7a do voto, pode-se defender a vida nas matas e nas metr\u00f3poles, exercendo a cidadania que alicer\u00e7a a caridade pol\u00edtica, promovendo a vida em todas as suas etapas, da concep\u00e7\u00e3o \u00e0 morte natural, pela viv\u00eancia de novos h\u00e1bitos na casa comum.<\/span><span data-ccp-props=\"{&quot;201341983&quot;:0,&quot;335551550&quot;:6,&quot;335551620&quot;:6,&quot;335559731&quot;:720,&quot;335559739&quot;:0,&quot;335559740&quot;:240}\">\u00a0<\/span><\/p>\n<p><b><span data-contrast=\"none\">Dom Walmor Oliveira de Azevedo<\/span><\/b><span data-ccp-props=\"{&quot;201341983&quot;:0,&quot;335551550&quot;:3,&quot;335551620&quot;:3,&quot;335559739&quot;:0,&quot;335559740&quot;:240}\"><br \/>\n<\/span><span data-contrast=\"none\">Arcebispo de Belo Horizonte &#8211; MG<\/span><span data-ccp-props=\"{&quot;201341983&quot;:0,&quot;335551550&quot;:3,&quot;335551620&quot;:3,&quot;335559739&quot;:0,&quot;335559740&quot;:240}\"><br \/>\n<\/span><span data-contrast=\"none\">Presidente da CNBB<\/span><\/p><\/blockquote>\n","protected":false},"excerpt":{"rendered":"<p>No texto, o presidnete da CNBB diz que &#8220;A sua devasta\u00e7\u00e3o leva a consequ\u00eancias graves que n\u00e3o se restringem aos povos da floresta \u2013 naturalmente os primeiros a sofrerem. Impactam toda popula\u00e7\u00e3o brasileira, inclusive a que reside nas grandes metr\u00f3poles, sens\u00edveis \u00e0s enchentes e \u00e0s estiagens ocasionadas pelas mudan\u00e7as clim\u00e1ticas, \u00e0s pandemias provocadas pelo desequil\u00edbrio ambiental, \u00e0 progressiva escassez h\u00eddrica&#8221;<\/p>\n","protected":false},"author":83,"featured_media":929513,"comment_status":"open","ping_status":"open","sticky":false,"template":"","format":"standard","meta":{"site-sidebar-layout":"default","site-content-layout":"default","ast-global-header-display":"","ast-banner-title-visibility":"","ast-main-header-display":"","ast-hfb-above-header-display":"","ast-hfb-below-header-display":"","ast-hfb-mobile-header-display":"","site-post-title":"","ast-breadcrumbs-content":"","ast-featured-img":"","footer-sml-layout":"","theme-transparent-header-meta":"default","adv-header-id-meta":"","stick-header-meta":"","header-above-stick-meta":"","header-main-stick-meta":"","header-below-stick-meta":""},"categories":[925,1840,823],"tags":[2689,2792],"acf":[],"_links":{"self":[{"href":"https:\/\/www.cnbb.org.br\/cnbb-app\/wp\/v2\/posts\/929491"}],"collection":[{"href":"https:\/\/www.cnbb.org.br\/cnbb-app\/wp\/v2\/posts"}],"about":[{"href":"https:\/\/www.cnbb.org.br\/cnbb-app\/wp\/v2\/types\/post"}],"author":[{"embeddable":true,"href":"https:\/\/www.cnbb.org.br\/cnbb-app\/wp\/v2\/users\/83"}],"replies":[{"embeddable":true,"href":"https:\/\/www.cnbb.org.br\/cnbb-app\/wp\/v2\/comments?post=929491"}],"version-history":[{"count":0,"href":"https:\/\/www.cnbb.org.br\/cnbb-app\/wp\/v2\/posts\/929491\/revisions"}],"wp:featuredmedia":[{"embeddable":true,"href":"https:\/\/www.cnbb.org.br\/cnbb-app\/wp\/v2\/media\/929513"}],"wp:attachment":[{"href":"https:\/\/www.cnbb.org.br\/cnbb-app\/wp\/v2\/media?parent=929491"}],"wp:term":[{"taxonomy":"category","embeddable":true,"href":"https:\/\/www.cnbb.org.br\/cnbb-app\/wp\/v2\/categories?post=929491"},{"taxonomy":"post_tag","embeddable":true,"href":"https:\/\/www.cnbb.org.br\/cnbb-app\/wp\/v2\/tags?post=929491"}],"curies":[{"name":"wp","href":"https:\/\/api.w.org\/{rel}","templated":true}]}}