{"id":929501,"date":"2022-09-05T11:14:26","date_gmt":"2022-09-05T14:14:26","guid":{"rendered":"https:\/\/www.cnbb.org.br\/?p=929501"},"modified":"2022-09-05T11:14:51","modified_gmt":"2022-09-05T14:14:51","slug":"a-forca-da-palavra-de-deus-na-vida-de-um-povo","status":"publish","type":"post","link":"https:\/\/www.cnbb.org.br\/a-forca-da-palavra-de-deus-na-vida-de-um-povo\/","title":{"rendered":"A for\u00e7a da Palavra de Deus na vida de um povo!\u00a0"},"content":{"rendered":"<p style=\"text-align: right;\"><b><span data-contrast=\"auto\">Dom Jos\u00e9 Gislon<br \/>\nBispo de Caxias do Sul (RS)<\/p>\n<p><\/span><\/b><\/p>\n<p style=\"text-align: justify;\"><span data-contrast=\"auto\">Estimados irm\u00e3os e irm\u00e3s em Cristo Jesus! Como Povo de Deus a caminho da casa do Pai, alimentamos a nossa vida de f\u00e9 com o P\u00e3o da Palavra e o P\u00e3o da Eucaristia, para que, diante das prova\u00e7\u00f5es deste mundo, n\u00e3o nos faltem as for\u00e7as humanas e divinas, para darmos testemunho do amor, da f\u00e9 e da esperan\u00e7a, da presen\u00e7a do Senhor ressuscitado, que caminha conosco, mesmo quando nos sentimos feridos e fragilizados pelos acontecimentos que tocam e muitas vezes ferem a nossa vida e a nossa dignidade de filhos e filhas amados de Deus.<\/span><span data-ccp-props=\"{&quot;201341983&quot;:0,&quot;335551550&quot;:6,&quot;335551620&quot;:6,&quot;335559739&quot;:200,&quot;335559740&quot;:276}\">\u00a0<\/span><\/p>\n<p style=\"text-align: justify;\"><span data-contrast=\"auto\">A Palavra de Deus alimentou a esperan\u00e7a do povo da Antiga Alian\u00e7a, atrav\u00e9s da voz dos profetas, mas foi tamb\u00e9m pela palavra \u2013 \u201cVerbo\u201d \u2013 que o \u201cSenhor Jesus\u201d, nosso Redentor, se encarnou no seio da Virgem Maria, para viver a nossa realidade humana, com a miss\u00e3o de resgatar a humanidade ferida pelo dor do pecado.\u00a0<\/span><span data-ccp-props=\"{&quot;201341983&quot;:0,&quot;335551550&quot;:6,&quot;335551620&quot;:6,&quot;335559739&quot;:200,&quot;335559740&quot;:276}\">\u00a0<\/span><\/p>\n<p style=\"text-align: justify;\"><span data-contrast=\"auto\">A Igreja Cat\u00f3lica no Brasil convida seus filhos e filhas a celebrar o \u201cM\u00eas da B\u00edblia\u201d, que neste ano destaca o livro b\u00edblico de Josu\u00e9, com o vers\u00edculo: \u201cO Senhor, teu Deus, estar\u00e1 contigo por onde quer que v\u00e1s\u201d (Js 1,9). Ele nos ajuda a refletir e ter presente a for\u00e7a divina da Palavra de Deus, mas tamb\u00e9m a sua capacidade transformadora, quando a acolhemos no cora\u00e7\u00e3o, deixando que ela oriente a nossa vida pessoal, familiar e a nossa miss\u00e3o, nos passos da nossa vida, que constroem a nossa hist\u00f3ria pessoal e a hist\u00f3ria de um povo a caminho. Um povo que n\u00e3o se prostra diante das dificuldades, mas,<\/span><span data-contrast=\"auto\"> \u00e0 luz da f\u00e9,<\/span><span data-contrast=\"auto\"> se alimenta da Palavra de Deus e da Eucaristia, para continuar construindo a sua hist\u00f3ria, sem deixar de ser protagonista do presente, mantendo viva no cora\u00e7\u00e3o a esperan\u00e7a em rela\u00e7\u00e3o ao futuro.<\/span><span data-ccp-props=\"{&quot;201341983&quot;:0,&quot;335551550&quot;:6,&quot;335551620&quot;:6,&quot;335559739&quot;:200,&quot;335559740&quot;:276}\">\u00a0<\/span><\/p>\n<p style=\"text-align: justify;\"><span data-contrast=\"auto\">A Palavra de Deus, na verdade, \u00e9 a express\u00e3o da vida de Deus que transmite \u201cenergia nova\u201d \u00e0s comunidades da Antiga e da Nova Alian\u00e7a, no \u00e1rduo caminho da coer\u00eancia de f\u00e9, na peregrina\u00e7\u00e3o para a casa do Pai.<\/span><span data-ccp-props=\"{&quot;201341983&quot;:0,&quot;335551550&quot;:6,&quot;335551620&quot;:6,&quot;335559739&quot;:200,&quot;335559740&quot;:276}\">\u00a0<\/span><\/p>\n<p><span data-ccp-props=\"{&quot;201341983&quot;:0,&quot;335551550&quot;:6,&quot;335551620&quot;:6,&quot;335559739&quot;:200,&quot;335559740&quot;:276}\">\u00a0<\/span><\/p>\n<p>&nbsp;<\/p>\n","protected":false},"excerpt":{"rendered":"<p>Dom Jos\u00e9 Gislon Bispo de Caxias do Sul (RS) Estimados irm\u00e3os e irm\u00e3s em Cristo Jesus! Como Povo de Deus a caminho da casa do Pai, alimentamos a nossa vida de f\u00e9 com o P\u00e3o da Palavra e o P\u00e3o da Eucaristia, para que, diante das prova\u00e7\u00f5es deste mundo, n\u00e3o nos faltem as for\u00e7as humanas &hellip;<\/p>\n<p class=\"read-more\"> <a class=\"\" href=\"https:\/\/www.cnbb.org.br\/a-forca-da-palavra-de-deus-na-vida-de-um-povo\/\"> <span class=\"screen-reader-text\">A for\u00e7a da Palavra de Deus na vida de um povo!\u00a0<\/span> Leia mais &raquo;<\/a><\/p>\n","protected":false},"author":20,"featured_media":0,"comment_status":"open","ping_status":"open","sticky":false,"template":"","format":"standard","meta":{"site-sidebar-layout":"default","site-content-layout":"default","ast-global-header-display":"","ast-banner-title-visibility":"","ast-main-header-display":"","ast-hfb-above-header-display":"","ast-hfb-below-header-display":"","ast-hfb-mobile-header-display":"","site-post-title":"","ast-breadcrumbs-content":"","ast-featured-img":"","footer-sml-layout":"","theme-transparent-header-meta":"default","adv-header-id-meta":"","stick-header-meta":"","header-above-stick-meta":"","header-main-stick-meta":"","header-below-stick-meta":""},"categories":[758],"tags":[],"acf":[],"_links":{"self":[{"href":"https:\/\/www.cnbb.org.br\/cnbb-app\/wp\/v2\/posts\/929501"}],"collection":[{"href":"https:\/\/www.cnbb.org.br\/cnbb-app\/wp\/v2\/posts"}],"about":[{"href":"https:\/\/www.cnbb.org.br\/cnbb-app\/wp\/v2\/types\/post"}],"author":[{"embeddable":true,"href":"https:\/\/www.cnbb.org.br\/cnbb-app\/wp\/v2\/users\/20"}],"replies":[{"embeddable":true,"href":"https:\/\/www.cnbb.org.br\/cnbb-app\/wp\/v2\/comments?post=929501"}],"version-history":[{"count":0,"href":"https:\/\/www.cnbb.org.br\/cnbb-app\/wp\/v2\/posts\/929501\/revisions"}],"wp:attachment":[{"href":"https:\/\/www.cnbb.org.br\/cnbb-app\/wp\/v2\/media?parent=929501"}],"wp:term":[{"taxonomy":"category","embeddable":true,"href":"https:\/\/www.cnbb.org.br\/cnbb-app\/wp\/v2\/categories?post=929501"},{"taxonomy":"post_tag","embeddable":true,"href":"https:\/\/www.cnbb.org.br\/cnbb-app\/wp\/v2\/tags?post=929501"}],"curies":[{"name":"wp","href":"https:\/\/api.w.org\/{rel}","templated":true}]}}