{"id":929504,"date":"2022-09-05T11:17:51","date_gmt":"2022-09-05T14:17:51","guid":{"rendered":"https:\/\/www.cnbb.org.br\/?p=929504"},"modified":"2022-09-05T11:18:12","modified_gmt":"2022-09-05T14:18:12","slug":"200-anos-da-independencia-do-brasil","status":"publish","type":"post","link":"https:\/\/www.cnbb.org.br\/200-anos-da-independencia-do-brasil\/","title":{"rendered":"200 Anos da Independ\u00eancia do Brasil\u00a0"},"content":{"rendered":"<p style=\"text-align: right;\"><b><span data-contrast=\"auto\">\u00a0Cardeal Orani Jo\u00e3o Tempesta<br \/>\n<\/span><\/b><b><span data-contrast=\"auto\">Arcebispo do Rio de Janeiro (RJ)<\/span><\/b><span data-ccp-props=\"{&quot;201341983&quot;:0,&quot;335551550&quot;:3,&quot;335551620&quot;:3,&quot;335559731&quot;:708,&quot;335559739&quot;:160,&quot;335559740&quot;:259}\">\u00a0<\/span><\/p>\n<p><span data-ccp-props=\"{&quot;201341983&quot;:0,&quot;335551550&quot;:2,&quot;335551620&quot;:2,&quot;335559739&quot;:160,&quot;335559740&quot;:259}\">\u00a0<\/span><\/p>\n<p style=\"text-align: justify;\"><span data-contrast=\"auto\">No pr\u00f3ximo dia 7 de setembro, recordaremos a Independ\u00eancia do Brasil, mesmo sabendo na Bahia e no Par\u00e1 as datas s\u00e3o diferentes. O Grito do Ipiranga desencadeou um processo longo. Neste ano de 2022, chegamos a um marco importante: celebraremos o Bicenten\u00e1rio da declara\u00e7\u00e3o da Independ\u00eancia<\/span><span data-contrast=\"auto\"> \u00e0s margens do Ipiranga em S\u00e3o Paulo<\/span><span data-contrast=\"auto\">, ou seja, duzentos anos. Depois, aqui no Rio de Janeiro, na Capela imperial haver\u00e1 a coroa\u00e7\u00e3o do primeiro imperador do Brasil. Al\u00e9m de comemorarmos a Independ\u00eancia, este \u00e9 um dia para rezar pela nossa p\u00e1tria.\u00a0<\/span><span data-ccp-props=\"{&quot;201341983&quot;:0,&quot;335551550&quot;:6,&quot;335551620&quot;:6,&quot;335559731&quot;:708,&quot;335559739&quot;:160,&quot;335559740&quot;:259}\">\u00a0<\/span><\/p>\n<p style=\"text-align: justify;\"><span data-contrast=\"auto\">H\u00e1 cem anos o Cardeal Leme convocou para setembro de 1922 o Congresso Eucar\u00edstico (primeiro realizado no Brasil) e por ser na capital federal de ent\u00e3o, tornou-se um marco e foi chamado pelo Papa em sua mensagem de Congresso Eucar\u00edstico Nacional. Ainda n\u00e3o tinha come\u00e7ado a s\u00e9rie dos Congressos Eucar\u00edsticos em nossa na\u00e7\u00e3o. Neste ano, 100 anos depois fazemos mem\u00f3ria desse evento de 3 a 7 de setembro buscando viver a Eucaristia presencial em nossas par\u00f3quias e rezando pelo Brasil no bicenten\u00e1rio da sua independ\u00eancia. A celebra\u00e7\u00e3o do centen\u00e1rio desse Congresso Eucar\u00edstico nos prepara tamb\u00e9m para o Congresso Eucar\u00edstico Nacional em Recife no m\u00eas de novembro deste ano.<\/span><span data-ccp-props=\"{&quot;201341983&quot;:0,&quot;335551550&quot;:6,&quot;335551620&quot;:6,&quot;335559731&quot;:708,&quot;335559739&quot;:160,&quot;335559740&quot;:259}\">\u00a0<\/span><\/p>\n<p style=\"text-align: justify;\"><span data-contrast=\"auto\">Estamos tamb\u00e9m perto de um per\u00edodo importante para o futuro de nossa na\u00e7\u00e3o. Daqui h\u00e1 um m\u00eas, escolheremos um novo Presidente da Rep\u00fablica, o Governador do Estado, um Senador, um Deputado Federal, um Deputado Estadual e um Distrital (para quem vota no Distrito Federal). Que possamos usar desse meio democr\u00e1tico para escolher com consci\u00eancia nosso pr\u00f3ximo governante. H\u00e1 uma polariza\u00e7\u00e3o acentuada que j\u00e1 vinha ocorrendo h\u00e1 d\u00e9cadas e que agora est\u00e1 muito mais feroz.<\/span><span data-ccp-props=\"{&quot;201341983&quot;:0,&quot;335551550&quot;:6,&quot;335551620&quot;:6,&quot;335559731&quot;:708,&quot;335559739&quot;:160,&quot;335559740&quot;:259}\">\u00a0<\/span><\/p>\n<p style=\"text-align: justify;\"><span data-contrast=\"auto\">Que no pr\u00f3ximo dia 7 de setembro, possamos comemorar a data c\u00edvica com consci\u00eancia e cobrar, para a nossa sociedade, os direitos fundamentais. Dentre esses direitos est\u00e3o: trabalho, sa\u00fade, educa\u00e7\u00e3o e saneamento b\u00e1sico. Que todos os brasileiros tenham o que p\u00f4r na mesa e que tenham um lugar digno para morar. Nesse dia 7 de setembro, n\u00e3o pe\u00e7amos nada que fira a nossa democracia, para n\u00e3o corrermos o risco de sofrer o que passamos em outras \u00e9pocas da hist\u00f3ria. O grito dos exclu\u00eddos sempre foi um momento de participa\u00e7\u00e3o dos crist\u00e3os nesse dia. Temos sede de tempos novos, prosperidade e de paz.\u00a0<\/span><span data-ccp-props=\"{&quot;201341983&quot;:0,&quot;335551550&quot;:6,&quot;335551620&quot;:6,&quot;335559731&quot;:708,&quot;335559739&quot;:160,&quot;335559740&quot;:259}\">\u00a0<\/span><\/p>\n<p style=\"text-align: justify;\"><span data-contrast=\"auto\">Que possamos refletir sobre este nosso momento. Ao lembramos do bicenten\u00e1rio da Independ\u00eancia, que tamb\u00e9m possamos pensar se o Brasil avan\u00e7ou ou retrocedeu nesses duzentos anos. Tivemos muitos avan\u00e7os, mas alguns retrocessos. A aboli\u00e7\u00e3o da escravatura aconteceu anos ap\u00f3s a independ\u00eancia do Brasil, mas o n\u00famero de racismo tem aumentado muito ultimamente. As mulheres conseguiram mais direitos, como por exemplo: direito ao voto, ao trabalho e cargos p\u00fablicos. Mas, por outro lado, aumentou o feminic\u00eddio, ou seja, a viol\u00eancia contra a mulher. Por isso, nesse dia do bicenten\u00e1rio da Independ\u00eancia do Brasil, pe\u00e7amos que essas situa\u00e7\u00f5es mudem e a nossa p\u00e1tria seja um local bom de se viver. Temos muitas controv\u00e9rsias e interpreta\u00e7\u00f5es hist\u00f3ricas de tudo isso. A propaganda pela imprensa sempre direciona as reflex\u00f5es. Cabe a n\u00f3s refletirmos sobre os passos dados e as nossas responsabilidades.<\/span><span data-ccp-props=\"{&quot;201341983&quot;:0,&quot;335551550&quot;:6,&quot;335551620&quot;:6,&quot;335559731&quot;:708,&quot;335559739&quot;:160,&quot;335559740&quot;:259}\">\u00a0<\/span><\/p>\n<p style=\"text-align: justify;\"><span data-contrast=\"auto\">Na Mensagem ao Povo Brasileiro, a CNBB (Confer\u00eancia Nacional dos Bispos do Brasil), durante a fase presencial de sua 59\u00aa Assembleia Geral, mostra uma Igreja preocupada com os nossos desafios atuais. <\/span><i><span data-contrast=\"auto\">\u201cA fome, para os bispos do Brasil, \u00e9 certamente o mais cruel e criminoso deles, \u2018pois a alimenta\u00e7\u00e3o \u00e9 um direito inalien\u00e1vel\u2019 (cf. Papa Francisco, Fratelli Tutti, 189). A mensagem refor\u00e7a os dados do relat\u00f3rio da Organiza\u00e7\u00e3o das Na\u00e7\u00f5es Unidas para a Alimenta\u00e7\u00e3o e a Agricultura (FAO, 2022), que aponta que a quantidade de brasileiras e brasileiros que enfrentam algum tipo de inseguran\u00e7a alimentar ultrapassou a marca de 60 milh\u00f5es.\u201d <\/span><\/i><span data-contrast=\"auto\">Sem d\u00favida, que isso nos impele ainda mais aos nossos trabalhos sociais, em especial na assist\u00eancia a quem passa por essa necessidade. Eu recordei aos diocesanos a tradi\u00e7\u00e3o de nossa arquidiocese que sempre a Eucaristia est\u00e1 ligada a partilha do p\u00e3o de cada dia para nossos irm\u00e3os e irm\u00e3s.\u00a0<\/span><span data-ccp-props=\"{&quot;201341983&quot;:0,&quot;335551550&quot;:6,&quot;335551620&quot;:6,&quot;335559731&quot;:708,&quot;335559739&quot;:160,&quot;335559740&quot;:259}\">\u00a0<\/span><\/p>\n<p style=\"text-align: justify;\"><span data-contrast=\"auto\">Os bispos do Brasil em sua mensagem tamb\u00e9m alertaram que \u201c<\/span><i><span data-contrast=\"auto\">nosso Pa\u00eds est\u00e1 envolto numa complexa e sist\u00eamica crise, que escancara a desigualdade estrutural, historicamente enraizada na sociedade brasileira. Constatamos os alarmantes descuidos com a Terra, a viol\u00eancia latente, expl\u00edcita e crescente, potencializada pela flexibiliza\u00e7\u00e3o da posse e porte de armas que amea\u00e7am o conv\u00edvio humano harmonioso e pac\u00edfico na sociedade. Entre outros aspectos destes tempos est\u00e3o o desemprego e a falta de acesso \u00e0 educa\u00e7\u00e3o de qualidade para todos<\/span><\/i><span data-contrast=\"auto\">\u201d. Ao recordar a viol\u00eancia irmano-nos a tantos irm\u00e3os e irm\u00e3os que passam por essa realidade em nossa regi\u00e3o metropolitana e que tantas preocupa\u00e7\u00f5es permanecem em nossos cora\u00e7\u00f5es. Nossos sacerdotes em todas as comunidades convivem com tudo isso e apoiam o povo em suas dificuldades e lutas de cada dia.<\/span><span data-ccp-props=\"{&quot;201341983&quot;:0,&quot;335551550&quot;:6,&quot;335551620&quot;:6,&quot;335559731&quot;:708,&quot;335559739&quot;:160,&quot;335559740&quot;:259}\">\u00a0<\/span><\/p>\n<p style=\"text-align: justify;\"><span data-contrast=\"auto\">N\u00f3s aqui no Brasil, temos um patrim\u00f4nio que tem que ser preservado, mas que ao longo dos anos, vem sofrendo com queimadas e desmatamentos. Estou falando da Amaz\u00f4nia, que<\/span><span data-contrast=\"auto\"> \u00e9 um bem do Brasil mas que nos responsabiliza para cuidar com responsabilidade<\/span><span data-contrast=\"auto\">. Que nesses duzentos anos da Independ\u00eancia, pe\u00e7amos<\/span><span data-contrast=\"auto\"> \u00e0s autoridades<\/span><span data-contrast=\"auto\"> que se olhe com carinho para esse patrim\u00f4nio nacional.\u00a0<\/span><span data-ccp-props=\"{&quot;201341983&quot;:0,&quot;335551550&quot;:6,&quot;335551620&quot;:6,&quot;335559731&quot;:708,&quot;335559739&quot;:160,&quot;335559740&quot;:259}\">\u00a0<\/span><\/p>\n<p style=\"text-align: justify;\"><span data-contrast=\"auto\">Do lado da religi\u00e3o, sobretudo, tivemos muitos avan\u00e7os, mas a Igreja sofreu muito em v\u00e1rias \u00e9pocas da hist\u00f3ria, em que n\u00e3o se podia expressar suas convic\u00e7\u00f5es e era perseguida. No tempo atual, a situa\u00e7\u00e3o melhorou, mas ainda h\u00e1 lugares em que a Igreja \u00e9 impedida de entrar e de se pronunciar. Que a Palavra de Deus seja difundida em todo o Brasil e que essa terra conhecida como Terra de Santas Cruz, desde a sua funda\u00e7\u00e3o, seja sempre aben\u00e7oada por Deus.\u00a0<\/span><span data-ccp-props=\"{&quot;201341983&quot;:0,&quot;335551550&quot;:6,&quot;335551620&quot;:6,&quot;335559731&quot;:708,&quot;335559739&quot;:160,&quot;335559740&quot;:259}\">\u00a0<\/span><\/p>\n<p style=\"text-align: justify;\"><span data-contrast=\"auto\">Convido a quem puder, que participe da missa neste dia. Mesmo n\u00e3o sendo um feriado religioso ou de preceito, as par\u00f3quias celebrar\u00e3o as missas nesse dia e rezar\u00e3o por nossa p<\/span><span data-contrast=\"auto\">\u00e1tria. <\/span><span data-contrast=\"auto\">Que nessa missa, pe\u00e7amos por mais sa\u00fade, emprego, saneamento b\u00e1sico, prote\u00e7\u00e3o \u00e0s nossas riquezas naturais e pela paz em nossa terra. Pe\u00e7amos pelo fim da pandemia da Covid-19 e de tantas outras doen\u00e7as que assolam o nosso pa\u00eds. Estaremos nesse dia encerrando as comemora\u00e7\u00f5es do centen\u00e1rio do Congresso Eucar\u00edstico do Rio de Janeiro convocado e presidido pelo nosso antecessor o Cardeal Leme com uma missa no Corcovado.<\/span><span data-ccp-props=\"{&quot;201341983&quot;:0,&quot;335551550&quot;:6,&quot;335551620&quot;:6,&quot;335559731&quot;:708,&quot;335559739&quot;:160,&quot;335559740&quot;:259}\">\u00a0<\/span><\/p>\n<p style=\"text-align: justify;\"><span data-contrast=\"auto\">O 7 de setembro n\u00e3o encerrou o processo de Independ\u00eancia do Brasil. Esse processo seguiu-se com uma guerra de independ\u00eancia e, nos meses seguintes, houve acontecimentos importantes, como a aclama\u00e7\u00e3o de Dom Pedro como imperador do Brasil, em 12 de outubro, e sua coroa\u00e7\u00e3o que aconteceu no dia 1\u00ba de dezembro. Aqui se diz \u201cguerra da independ\u00eancia\u201d, porque, ao contr\u00e1rio do que muitos pensam, o processo de independ\u00eancia do Brasil n\u00e3o foi pac\u00edfico, mas Dom Pedro I teve que enfrentar muitas situa\u00e7\u00f5es b\u00e9licas.\u00a0<\/span><span data-ccp-props=\"{&quot;201341983&quot;:0,&quot;335551550&quot;:6,&quot;335551620&quot;:6,&quot;335559731&quot;:708,&quot;335559739&quot;:160,&quot;335559740&quot;:259}\">\u00a0<\/span><\/p>\n<p style=\"text-align: justify;\"><span data-contrast=\"auto\">Na Mensagem ao Povo Brasileiro, a CNBB mostra a preocupa\u00e7\u00e3o com a manipula\u00e7\u00e3o religiosa e a dissemina\u00e7\u00e3o de <\/span><i><span data-contrast=\"auto\">fake news<\/span><\/i><span data-contrast=\"auto\">, que causa desarmonia entre as pessoas e s\u00e3o capazes de desestruturar nossas fam\u00edlias. Lembram os bispos que \u201ca manipula\u00e7\u00e3o religiosa, protagonizada por pol\u00edticos e religiosos, desvirtua os valores do Evangelho e tira o foco dos reais problemas que necessitam ser debatidos e enfrentados em nosso Brasil. \u00c9 fundamental um compromisso aut\u00eantico com o Evangelho e com a verdade\u201d. S\u00e3o muitas not\u00edcias contradit\u00f3rias e muitas mensagens querendo dominar nossos racioc\u00ednios. Saibamos discernir bem os caminhos.\u00a0<\/span><span data-ccp-props=\"{&quot;201341983&quot;:0,&quot;335551550&quot;:6,&quot;335551620&quot;:6,&quot;335559731&quot;:708,&quot;335559739&quot;:160,&quot;335559740&quot;:259}\">\u00a0<\/span><\/p>\n<p style=\"text-align: justify;\"><span data-contrast=\"auto\">Rezemos por nossa p<\/span><span data-contrast=\"auto\">\u00e1tria<\/span><span data-contrast=\"auto\"> pois somos chamados a amar o lugar que vivemos, fazendo desse lugar, um local agrad\u00e1vel de se viver e em paz. N\u00e3o podemos morar aqui no Brasil e ter desejo de ir morar em outro pa\u00eds. Esse \u00e9 o local que nascemos, ent\u00e3o fa\u00e7amos desse local uma moradia agrad\u00e1vel. Rezemos pelo fim da viol\u00eancia e que essa terra amada, terra de Santa Cruz, seja um lugar bom para todos.\u00a0<\/span><span data-ccp-props=\"{&quot;201341983&quot;:0,&quot;335551550&quot;:6,&quot;335551620&quot;:6,&quot;335559731&quot;:708,&quot;335559739&quot;:160,&quot;335559740&quot;:259}\">\u00a0<\/span><\/p>\n<p style=\"text-align: justify;\"><span data-contrast=\"auto\">Que Deus aben\u00e7oe o nosso Brasil e que possamos, a cada ano, celebrar com alegria a Independ\u00eancia deste pa\u00eds. Viva a Independ\u00eancia, viva o Brasil.\u00a0<\/span><span data-ccp-props=\"{&quot;201341983&quot;:0,&quot;335551550&quot;:6,&quot;335551620&quot;:6,&quot;335559731&quot;:708,&quot;335559739&quot;:160,&quot;335559740&quot;:259}\">\u00a0<\/span><\/p>\n<p style=\"text-align: justify;\"><span data-ccp-props=\"{&quot;201341983&quot;:0,&quot;335551550&quot;:3,&quot;335551620&quot;:3,&quot;335559731&quot;:708,&quot;335559739&quot;:160,&quot;335559740&quot;:259}\">\u00a0<\/span><\/p>\n<p style=\"text-align: justify;\">\n<p style=\"text-align: justify;\"><span data-ccp-props=\"{&quot;201341983&quot;:0,&quot;335551550&quot;:6,&quot;335551620&quot;:6,&quot;335559731&quot;:708,&quot;335559739&quot;:160,&quot;335559740&quot;:259}\">\u00a0<\/span><\/p>\n","protected":false},"excerpt":{"rendered":"<p>\u00a0Cardeal Orani Jo\u00e3o Tempesta Arcebispo do Rio de Janeiro (RJ)\u00a0 \u00a0 No pr\u00f3ximo dia 7 de setembro, recordaremos a Independ\u00eancia do Brasil, mesmo sabendo na Bahia e no Par\u00e1 as datas s\u00e3o diferentes. O Grito do Ipiranga desencadeou um processo longo. Neste ano de 2022, chegamos a um marco importante: celebraremos o Bicenten\u00e1rio da declara\u00e7\u00e3o &hellip;<\/p>\n<p class=\"read-more\"> <a class=\"\" href=\"https:\/\/www.cnbb.org.br\/200-anos-da-independencia-do-brasil\/\"> <span class=\"screen-reader-text\">200 Anos da Independ\u00eancia do Brasil\u00a0<\/span> Leia mais &raquo;<\/a><\/p>\n","protected":false},"author":31,"featured_media":0,"comment_status":"open","ping_status":"open","sticky":false,"template":"","format":"standard","meta":{"site-sidebar-layout":"default","site-content-layout":"default","ast-global-header-display":"","ast-banner-title-visibility":"","ast-main-header-display":"","ast-hfb-above-header-display":"","ast-hfb-below-header-display":"","ast-hfb-mobile-header-display":"","site-post-title":"","ast-breadcrumbs-content":"","ast-featured-img":"","footer-sml-layout":"","theme-transparent-header-meta":"default","adv-header-id-meta":"","stick-header-meta":"","header-above-stick-meta":"","header-main-stick-meta":"","header-below-stick-meta":""},"categories":[758],"tags":[],"acf":[],"_links":{"self":[{"href":"https:\/\/www.cnbb.org.br\/cnbb-app\/wp\/v2\/posts\/929504"}],"collection":[{"href":"https:\/\/www.cnbb.org.br\/cnbb-app\/wp\/v2\/posts"}],"about":[{"href":"https:\/\/www.cnbb.org.br\/cnbb-app\/wp\/v2\/types\/post"}],"author":[{"embeddable":true,"href":"https:\/\/www.cnbb.org.br\/cnbb-app\/wp\/v2\/users\/31"}],"replies":[{"embeddable":true,"href":"https:\/\/www.cnbb.org.br\/cnbb-app\/wp\/v2\/comments?post=929504"}],"version-history":[{"count":0,"href":"https:\/\/www.cnbb.org.br\/cnbb-app\/wp\/v2\/posts\/929504\/revisions"}],"wp:attachment":[{"href":"https:\/\/www.cnbb.org.br\/cnbb-app\/wp\/v2\/media?parent=929504"}],"wp:term":[{"taxonomy":"category","embeddable":true,"href":"https:\/\/www.cnbb.org.br\/cnbb-app\/wp\/v2\/categories?post=929504"},{"taxonomy":"post_tag","embeddable":true,"href":"https:\/\/www.cnbb.org.br\/cnbb-app\/wp\/v2\/tags?post=929504"}],"curies":[{"name":"wp","href":"https:\/\/api.w.org\/{rel}","templated":true}]}}