{"id":929636,"date":"2022-09-08T11:25:27","date_gmt":"2022-09-08T14:25:27","guid":{"rendered":"https:\/\/www.cnbb.org.br\/?p=929636"},"modified":"2022-09-08T11:25:44","modified_gmt":"2022-09-08T14:25:44","slug":"politica-democracia-e-eleicoes-2","status":"publish","type":"post","link":"https:\/\/www.cnbb.org.br\/politica-democracia-e-eleicoes-2\/","title":{"rendered":"Pol\u00edtica, democracia e elei\u00e7\u00f5es"},"content":{"rendered":"<p style=\"text-align: right;\"><strong>Dom Wilson Angotti<br \/>\nBispo de Taubat\u00e9 (SP)<\/strong><\/p>\n<p style=\"text-align: justify;\"><span data-ccp-props=\"{&quot;201341983&quot;:0,&quot;335559739&quot;:0,&quot;335559740&quot;:240}\">\u00a0<\/span><\/p>\n<p style=\"text-align: justify;\"><span data-contrast=\"auto\">Em nosso Pa\u00eds, estamos vivendo mais um processo eleitoral; esse per\u00edodo nos leva a refletir e a discutir sobre o que precisamos e o que queremos para nossa vida em sociedade. N\u00e3o pode ser s\u00f3 em \u00e9poca de elei\u00e7\u00f5es que se deva pensar em pol\u00edtica, democracia, candidatos, propostas e outros assuntos relacionados, por\u00e9m, nessa oportunidade, com mais raz\u00e3o, essas quest\u00f5es devem ser consideradas por todos. \u00c9 isso que, muito brevemente, pretendo abordar.<\/span> <span data-ccp-props=\"{&quot;201341983&quot;:0,&quot;335551550&quot;:6,&quot;335551620&quot;:6,&quot;335559739&quot;:0,&quot;335559740&quot;:240}\">\u00a0<\/span><\/p>\n<p style=\"text-align: justify;\"><b><span data-contrast=\"auto\">A pol\u00edtica e sua finalidade<\/span><\/b><span data-contrast=\"auto\"> \u2013 A palavra \u201cpol\u00edtica\u201d vem da l\u00edngua grega e \u00e9 composi\u00e7\u00e3o de dois termos: \u201cpolis\u201d que significa cidade e \u201ctik\u00f3s\u201d que se refere ao bem comum. Assim sendo, pela pr\u00f3pria etimologia da palavra j\u00e1 \u00e9 poss\u00edvel entender que pol\u00edtica \u00e9 a arte de organizar a sociedade, em vista ao bem comum. Nesse sentido, a pol\u00edtica \u00e9 a mais sublime maneira de exercer a caridade.\u202f Esta express\u00e3o foi pronunciada pelo Papa Pio XI, refor\u00e7ada por S\u00e3o Paulo VI e recentemente retomada e exemplificada pelo Papa Francisco na Fratelli Tutti (n.182). O bem comum<\/span><span data-contrast=\"auto\"> \u00e9 o princ\u00edpio<\/span><span data-contrast=\"auto\">, por\u00e9m, nem sempre a pol\u00edtica \u00e9 conduzida com esse prop\u00f3sito. Desvirtua o ideal da pol\u00edtica toda disposi\u00e7\u00e3o que tenha em vista interesses ego\u00edstas, pessoais ou de um pequeno grupo de privilegiados, menosprezando ou mesmo ignorando o que seria bem comum. S\u00e3o as pol\u00edticas p\u00fablicas que determinam como ser\u00e3o tratadas quest\u00f5es como: emprego, moradia, saneamento b\u00e1sico, sa\u00fade, educa\u00e7\u00e3o, transporte p\u00fablico, conserva\u00e7\u00e3o ambiental, pre\u00e7o dos alimentos, etc. Quem ignora ou se exime da pol\u00edtica sofre as consequ\u00eancias de sua indiferen\u00e7a, pois outros definir\u00e3o sem que suas necessidades sejam consideradas. Quanto mais organizada e politizada for uma sociedade, mais os recursos ser\u00e3o investidos para as reais necessidades da popula\u00e7\u00e3o. Quando o povo n\u00e3o se organiza em entidades representativas e n\u00e3o atua politicamente, cria-se ocasi\u00e3o para que oportunistas utilizem os recursos p\u00fablicos para finalidades que n\u00e3o atendem sen\u00e3o aos seus pr\u00f3prios interesses. A verdadeira pol\u00edtica, que tem em vista o bem comum, s\u00f3 ocorre quando a sociedade se organiza e exige seus direitos. Participar das reuni\u00f5es de pais numa escola, de um conselho no munic\u00edpio, de um partido pol\u00edtico, de uma comiss\u00e3o que reivindica saneamento b\u00e1sico, etc. \u00e9 fazer pol\u00edtica. Quem n\u00e3o se envolve com a pol\u00edtica deixa outros conduzirem seu destino.\u00a0<\/span><span data-ccp-props=\"{&quot;201341983&quot;:0,&quot;335551550&quot;:6,&quot;335551620&quot;:6,&quot;335559739&quot;:0,&quot;335559740&quot;:240}\">\u00a0<\/span><\/p>\n<p style=\"text-align: justify;\"><b><span data-contrast=\"auto\">A democracia<\/span><\/b><span data-contrast=\"auto\"> &#8211;<\/span><span data-contrast=\"auto\"> \u00e9 o <\/span><span data-contrast=\"auto\">regime pol\u00edtico ou de governo em que o poder<\/span><span data-contrast=\"auto\"> \u00e9 <\/span><span data-contrast=\"auto\">exercido pelo povo.\u00a0 Na democracia as decis\u00f5es pol\u00edticas devem estar em conformidade com o que o povo deseja. A palavra democracia tamb\u00e9m tem origem no grego e \u00e9 composta por \u201cdemos\u201d, que significa &#8220;povo&#8221; e \u201ckratos\u201d que significa &#8220;poder&#8221; ou &#8220;forma de governo&#8221;. Neste sistema pol\u00edtico, os cidad\u00e3os tem direito \u00e0 participa\u00e7\u00e3o pol\u00edtica. A democracia garante a liberdade individual (contanto que n\u00e3o fira a liberdade do outro), garante a liberdade de opini\u00e3o e express\u00e3o e a liberdade de eleger seus representantes. <\/span><span data-contrast=\"auto\">A livre escolha de governantes pelos cidad\u00e3os atrav\u00e9s de elei\u00e7\u00f5es diretas ou indiretas \u00e9 um dos principais aspectos que caracterizam a democracia. A democracia pode ser direta, participativa ou representativa. No Brasil temos a democracia representativa. <\/span><span data-contrast=\"auto\">Os cidad\u00e3os s\u00e3o os detentores do poder e confiam parte desse poder a seus representantes escolhidos com a incumb\u00eancia de organizar a vida em sociedade. A d<\/span><span data-contrast=\"auto\">itadura \u00e9 um dos regimes n\u00e3o democr\u00e1ticos ou antidemocr\u00e1ticos, em que o povo n\u00e3o tem direito a participar das decis\u00f5es. A ditadura<\/span><span data-contrast=\"auto\"> \u00e9<\/span><span data-contrast=\"auto\"> regida por uma pessoa ou um grupo pol\u00edtico sem participa\u00e7\u00e3o popular ou com participa\u00e7\u00e3o muito restrita. Na enc\u00edclica Centesimus Annus (n.46), o papa S\u00e3o Jo\u00e3o Paulo II manifesta explicitamente a simpatia da Igreja pela democracia enquanto esta assegura a participa\u00e7\u00e3o dos cidad\u00e3os nas op\u00e7\u00f5es pol\u00edticas e garante escolher e controlar os governantes, assim como substitu\u00ed-los pacificamente.<\/span><span data-ccp-props=\"{&quot;201341983&quot;:0,&quot;335551550&quot;:6,&quot;335551620&quot;:6,&quot;335559739&quot;:0,&quot;335559740&quot;:240}\">\u00a0<\/span><\/p>\n<p style=\"text-align: justify;\"><b><span data-contrast=\"auto\">As elei\u00e7\u00f5es<\/span><\/b><span data-contrast=\"auto\"> \u2013 s\u00e3o a oportunidade em que o povo tem para manifestar sua opini\u00e3o em um projeto de governo e para escolher seus governantes. As elei\u00e7\u00f5es s\u00e3o um exerc\u00edcio de cidadania e a\u00e7\u00e3o pol\u00edtica que t\u00eam repercuss\u00e3o direta na vida de cada pessoa e da sociedade. Por isso, \u00e9 t\u00e3o importante escolher bem os candidatos que exercer\u00e3o o poder legislativo (nas c\u00e2maras municipais, assembleias estaduais ou federal e no senado), assim como os que exercer\u00e3o o poder executivo (prefeitos, governadores e presidente). A boa escolha de candidatos n\u00e3o \u00e9 t\u00e3o simples, pois envolve conhecer suas propostas, sua pr\u00e1tica, seus compromissos partid\u00e1rios, os grupos que os financiam, etc. Em geral, muitas pessoas escolhem movidas por simpatia, por paix\u00e3o, depois buscam motivos para justificar sua escolha. Fazem o caminho inverso do que deveria ser feito e, assim, escolhem mal. Para uma escolha minimamente razo\u00e1vel se faz necess\u00e1rio: ouvir as propostas dos candidatos e dos partidos; acompanhar os debates onde h\u00e1 confronto e n\u00e3o s\u00f3 as propagandas partid\u00e1rias; comparar o preparo e as propostas de cada um; ouvir n\u00e3o s\u00f3 o candidato preferido ou escolhido; considerar o que dizem os analistas, pois os candidatos podem prometer o que n\u00e3o ter\u00e3o condi\u00e7\u00f5es de cumprir; acolher as not\u00edcias divulgadas pela grande imprensa e n\u00e3o, ingenuamente, acreditar no que \u00e9 divulgado sem ter comprova\u00e7\u00e3o. Esses s\u00e3o apenas alguns crit\u00e9rios b\u00e1sicos para uma escolha consciente. Veja que n\u00e3o \u00e9 t\u00e3o f\u00e1cil escolher um candidato. Vote bem. Lembre-se que voto n\u00e3o tem pre\u00e7o, tem consequ\u00eancias.\u00a0<\/span><span data-ccp-props=\"{&quot;201341983&quot;:0,&quot;335551550&quot;:6,&quot;335551620&quot;:6,&quot;335559739&quot;:0,&quot;335559740&quot;:240}\">\u00a0<\/span><\/p>\n<p>&nbsp;<\/p>\n<p><span data-ccp-props=\"{&quot;201341983&quot;:0,&quot;335559739&quot;:0,&quot;335559740&quot;:240}\">\u00a0<\/span><\/p>\n","protected":false},"excerpt":{"rendered":"<p>Dom Wilson Angotti Bispo de Taubat\u00e9 (SP) \u00a0 Em nosso Pa\u00eds, estamos vivendo mais um processo eleitoral; esse per\u00edodo nos leva a refletir e a discutir sobre o que precisamos e o que queremos para nossa vida em sociedade. N\u00e3o pode ser s\u00f3 em \u00e9poca de elei\u00e7\u00f5es que se deva pensar em pol\u00edtica, democracia, candidatos, &hellip;<\/p>\n<p class=\"read-more\"> <a class=\"\" href=\"https:\/\/www.cnbb.org.br\/politica-democracia-e-eleicoes-2\/\"> <span class=\"screen-reader-text\">Pol\u00edtica, democracia e elei\u00e7\u00f5es<\/span> Leia mais &raquo;<\/a><\/p>\n","protected":false},"author":88,"featured_media":0,"comment_status":"open","ping_status":"open","sticky":false,"template":"","format":"standard","meta":{"site-sidebar-layout":"default","site-content-layout":"default","ast-global-header-display":"","ast-banner-title-visibility":"","ast-main-header-display":"","ast-hfb-above-header-display":"","ast-hfb-below-header-display":"","ast-hfb-mobile-header-display":"","site-post-title":"","ast-breadcrumbs-content":"","ast-featured-img":"","footer-sml-layout":"","theme-transparent-header-meta":"default","adv-header-id-meta":"","stick-header-meta":"","header-above-stick-meta":"","header-main-stick-meta":"","header-below-stick-meta":""},"categories":[758],"tags":[],"acf":[],"_links":{"self":[{"href":"https:\/\/www.cnbb.org.br\/cnbb-app\/wp\/v2\/posts\/929636"}],"collection":[{"href":"https:\/\/www.cnbb.org.br\/cnbb-app\/wp\/v2\/posts"}],"about":[{"href":"https:\/\/www.cnbb.org.br\/cnbb-app\/wp\/v2\/types\/post"}],"author":[{"embeddable":true,"href":"https:\/\/www.cnbb.org.br\/cnbb-app\/wp\/v2\/users\/88"}],"replies":[{"embeddable":true,"href":"https:\/\/www.cnbb.org.br\/cnbb-app\/wp\/v2\/comments?post=929636"}],"version-history":[{"count":0,"href":"https:\/\/www.cnbb.org.br\/cnbb-app\/wp\/v2\/posts\/929636\/revisions"}],"wp:attachment":[{"href":"https:\/\/www.cnbb.org.br\/cnbb-app\/wp\/v2\/media?parent=929636"}],"wp:term":[{"taxonomy":"category","embeddable":true,"href":"https:\/\/www.cnbb.org.br\/cnbb-app\/wp\/v2\/categories?post=929636"},{"taxonomy":"post_tag","embeddable":true,"href":"https:\/\/www.cnbb.org.br\/cnbb-app\/wp\/v2\/tags?post=929636"}],"curies":[{"name":"wp","href":"https:\/\/api.w.org\/{rel}","templated":true}]}}