{"id":929688,"date":"2022-09-09T11:43:18","date_gmt":"2022-09-09T14:43:18","guid":{"rendered":"https:\/\/www.cnbb.org.br\/?p=929688"},"modified":"2022-09-09T11:45:58","modified_gmt":"2022-09-09T14:45:58","slug":"revigorados-na-fe-pela-palavra-de-deus","status":"publish","type":"post","link":"https:\/\/www.cnbb.org.br\/revigorados-na-fe-pela-palavra-de-deus\/","title":{"rendered":"Revigorados na f\u00e9, pela Palavra de Deus\u00a0"},"content":{"rendered":"<p style=\"text-align: right;\"><strong>Dom Jos\u00e9 Gislon<br \/>\nBispo de Caxias do Sul (RS)<\/strong><\/p>\n<p>&nbsp;<\/p>\n<p><span data-ccp-props=\"{&quot;201341983&quot;:0,&quot;335551550&quot;:2,&quot;335551620&quot;:2,&quot;335559739&quot;:0,&quot;335559740&quot;:240}\">\u00a0<\/span><\/p>\n<p style=\"text-align: justify;\"><span data-contrast=\"auto\">Estimados irm\u00e3os e irm\u00e3s em Cristo Jesus! As <\/span><span data-contrast=\"auto\">celebra\u00e7\u00f5es do \u201cM\u00eas da B\u00edblia\u201d deste ano destacam o livro b\u00edblico de Josu\u00e9, com o vers\u00edculo: \u201cO Senhor, teu Deus, estar\u00e1 contigo por onde quer que v\u00e1s\u201d (Js 1,9).\u00a0<\/span><span data-ccp-props=\"{&quot;201341983&quot;:0,&quot;335551550&quot;:6,&quot;335551620&quot;:6,&quot;335559739&quot;:0,&quot;335559740&quot;:240}\">\u00a0<\/span><\/p>\n<p style=\"text-align: justify;\"><span data-contrast=\"auto\">A B\u00edblia, este livro sagrado que cont\u00e9m a Palavra de Deus, est\u00e1 presente na maioria dos lares crist\u00e3os. Mas n\u00e3o basta t\u00ea-la presente em nosso lar. Como crist\u00e3os, precisamos tomar contato com a Palavra de Deus, atrav\u00e9s da leitura, da escuta e da medita\u00e7\u00e3o, para que ela oriente a nossa caminhada de f\u00e9, deixando que ela oriente os nossos passos e as escolhas que fazemos diariamente, como peregrinos neste mundo. Atrav\u00e9s da leitura, da escuta e da medita\u00e7\u00e3o da Palavra de Deus, o Senhor nos d\u00e1 a for\u00e7a para segui-lo, com entusiasmo e generosidade.\u00a0<\/span><span data-ccp-props=\"{&quot;201341983&quot;:0,&quot;335551550&quot;:6,&quot;335551620&quot;:6,&quot;335559739&quot;:0,&quot;335559740&quot;:240}\">\u00a0<\/span><\/p>\n<p style=\"text-align: justify;\"><span data-contrast=\"auto\">A palavra de Deus expressa pela boca dos profetas<\/span><span data-contrast=\"auto\"> \u00e9 como uma espada, <\/span><span data-contrast=\"auto\">e<\/span><span data-contrast=\"auto\"> \u00e9 <\/span><span data-contrast=\"auto\">eficaz como o fogo. Tanto \u00e9 que S\u00e3o Paulo a chama \u201cespada do Esp\u00edrito\u201d (Ef 6,17), pela sua capacidade de tocar o nosso cora\u00e7\u00e3o. Mas, no cotidiano da vida, corremos o risco de n\u00e3o dar espa\u00e7o para meditarmos a Palavra de Deus, deixando que ela alimente e revigore a nossa casa interior, isto \u00e9, a nossa alma. O poder fazer sil\u00eancio, para meditar,<\/span><span data-contrast=\"auto\"> \u00e9 importante para aprofundarmos o <\/span><span data-contrast=\"auto\">nosso di\u00e1logo com Deus. Porque a medita\u00e7\u00e3o nos permite, atrav\u00e9s da f\u00e9, sentir a presen\u00e7a paterna e materna de Deus em nossa vida. Esse processo se inicia com a leitura e a escuta da Palavra de Deus, e toca a nossa vida espiritual quando deixamos que esta Palavra fale aos nossos ouvidos, mas tamb\u00e9m ao nosso cora\u00e7\u00e3o.<\/span><span data-ccp-props=\"{&quot;201341983&quot;:0,&quot;335551550&quot;:6,&quot;335551620&quot;:6,&quot;335559739&quot;:0,&quot;335559740&quot;:240}\">\u00a0<\/span><\/p>\n<p style=\"text-align: justify;\"><span data-contrast=\"auto\">Empenhados no cotidiano da vida, podemos achar que a medita\u00e7\u00e3o n\u00e3o pode fazer parte da nossa vida, j\u00e1 t\u00e3o ocupada com tantas outras coisas. Mas o Senhor Jesus, que conhecia os cora\u00e7\u00f5es dos que iam ao seu encontro, disse: \u201cEu te louvo, \u00f3 Pai, Senhor do c\u00e9u e da terra, porque escondeste essas coisas aos s\u00e1bios e entendidos, e as revelastes aos pequeninos\u201d (Mt 11,25).<\/span><span data-ccp-props=\"{&quot;201341983&quot;:0,&quot;335551550&quot;:6,&quot;335551620&quot;:6,&quot;335559739&quot;:0,&quot;335559740&quot;:240}\">\u00a0<\/span><\/p>\n<p style=\"text-align: justify;\"><span data-contrast=\"auto\">A leitura, a escuta e a medita\u00e7\u00e3o s\u00e3o partes importantes para criarmos intimidade com a Palavra de Deus e aprofundarmos o nosso di\u00e1logo com o Senhor. Pois a leitura sem medita\u00e7\u00e3o \u00e9 \u00e1rida, a medita\u00e7\u00e3o sem leitura est\u00e1 sujeita a erros, a ora\u00e7\u00e3o sem a medita\u00e7\u00e3o \u00e9 morna, a medita\u00e7\u00e3o sem a ora\u00e7\u00e3o \u00e9 infrutuosa, mas a ora\u00e7\u00e3o feita com devo\u00e7\u00e3o adquire a contempla\u00e7\u00e3o. Que em nossa peregrina\u00e7\u00e3o para a casa do Pai, possamos ter sempre o cora\u00e7\u00e3o aberto e dispon\u00edvel para ler, escutar, acolher e meditar a Palavra de Deus, presente nas Sagradas Escrituras.<\/span><span data-ccp-props=\"{&quot;201341983&quot;:0,&quot;335551550&quot;:6,&quot;335551620&quot;:6,&quot;335559739&quot;:0,&quot;335559740&quot;:240}\">\u00a0<\/span><\/p>\n<p style=\"text-align: justify;\"><span data-ccp-props=\"{&quot;201341983&quot;:0,&quot;335551550&quot;:6,&quot;335551620&quot;:6,&quot;335559739&quot;:0,&quot;335559740&quot;:240}\">\u00a0<\/span><\/p>\n<p style=\"text-align: justify;\"><span data-ccp-props=\"{&quot;201341983&quot;:0,&quot;335551550&quot;:6,&quot;335551620&quot;:6,&quot;335559739&quot;:0,&quot;335559740&quot;:240}\">\u00a0<\/span><\/p>\n<p style=\"text-align: justify;\">\n<p style=\"text-align: justify;\"><span data-ccp-props=\"{&quot;201341983&quot;:0,&quot;335551550&quot;:6,&quot;335551620&quot;:6,&quot;335559739&quot;:0,&quot;335559740&quot;:240}\">\u00a0<\/span><\/p>\n","protected":false},"excerpt":{"rendered":"<p>Dom Jos\u00e9 Gislon Bispo de Caxias do Sul (RS) &nbsp; \u00a0 Estimados irm\u00e3os e irm\u00e3s em Cristo Jesus! As celebra\u00e7\u00f5es do \u201cM\u00eas da B\u00edblia\u201d deste ano destacam o livro b\u00edblico de Josu\u00e9, com o vers\u00edculo: \u201cO Senhor, teu Deus, estar\u00e1 contigo por onde quer que v\u00e1s\u201d (Js 1,9).\u00a0\u00a0 A B\u00edblia, este livro sagrado que cont\u00e9m &hellip;<\/p>\n<p class=\"read-more\"> <a class=\"\" href=\"https:\/\/www.cnbb.org.br\/revigorados-na-fe-pela-palavra-de-deus\/\"> <span class=\"screen-reader-text\">Revigorados na f\u00e9, pela Palavra de Deus\u00a0<\/span> Leia mais &raquo;<\/a><\/p>\n","protected":false},"author":20,"featured_media":0,"comment_status":"open","ping_status":"open","sticky":false,"template":"","format":"standard","meta":{"site-sidebar-layout":"default","site-content-layout":"default","ast-global-header-display":"","ast-banner-title-visibility":"","ast-main-header-display":"","ast-hfb-above-header-display":"","ast-hfb-below-header-display":"","ast-hfb-mobile-header-display":"","site-post-title":"","ast-breadcrumbs-content":"","ast-featured-img":"","footer-sml-layout":"","theme-transparent-header-meta":"default","adv-header-id-meta":"","stick-header-meta":"","header-above-stick-meta":"","header-main-stick-meta":"","header-below-stick-meta":""},"categories":[758],"tags":[],"acf":[],"_links":{"self":[{"href":"https:\/\/www.cnbb.org.br\/cnbb-app\/wp\/v2\/posts\/929688"}],"collection":[{"href":"https:\/\/www.cnbb.org.br\/cnbb-app\/wp\/v2\/posts"}],"about":[{"href":"https:\/\/www.cnbb.org.br\/cnbb-app\/wp\/v2\/types\/post"}],"author":[{"embeddable":true,"href":"https:\/\/www.cnbb.org.br\/cnbb-app\/wp\/v2\/users\/20"}],"replies":[{"embeddable":true,"href":"https:\/\/www.cnbb.org.br\/cnbb-app\/wp\/v2\/comments?post=929688"}],"version-history":[{"count":0,"href":"https:\/\/www.cnbb.org.br\/cnbb-app\/wp\/v2\/posts\/929688\/revisions"}],"wp:attachment":[{"href":"https:\/\/www.cnbb.org.br\/cnbb-app\/wp\/v2\/media?parent=929688"}],"wp:term":[{"taxonomy":"category","embeddable":true,"href":"https:\/\/www.cnbb.org.br\/cnbb-app\/wp\/v2\/categories?post=929688"},{"taxonomy":"post_tag","embeddable":true,"href":"https:\/\/www.cnbb.org.br\/cnbb-app\/wp\/v2\/tags?post=929688"}],"curies":[{"name":"wp","href":"https:\/\/api.w.org\/{rel}","templated":true}]}}