{"id":929690,"date":"2022-09-09T11:47:57","date_gmt":"2022-09-09T14:47:57","guid":{"rendered":"https:\/\/www.cnbb.org.br\/?p=929690"},"modified":"2022-09-09T11:48:32","modified_gmt":"2022-09-09T14:48:32","slug":"sempre-existe-uma-saida-a-vida-e-a-melhor-escolha","status":"publish","type":"post","link":"https:\/\/www.cnbb.org.br\/sempre-existe-uma-saida-a-vida-e-a-melhor-escolha\/","title":{"rendered":"Sempre existe uma sa\u00edda: \u201cA vida \u00e9 a melhor escolha!\u201d\u00a0"},"content":{"rendered":"<p style=\"text-align: right;\"><strong>Dom Roberto Francisco Ferreria Paz\u00a0<\/strong><br \/>\n<strong>Bispo de Campos (RJ)<\/strong><\/p>\n<p style=\"text-align: justify;\"><span data-ccp-props=\"{&quot;201341983&quot;:0,&quot;335559739&quot;:160,&quot;335559740&quot;:259}\">\u00a0<\/span><\/p>\n<p style=\"text-align: justify;\"><span data-contrast=\"auto\">Neste s\u00e1bado, 10\/09, comemora-se o dia mundial de preven\u00e7\u00e3o ao suic\u00eddio que, no Brasil,<\/span><span data-contrast=\"auto\"> \u00e9 conhecido por iniciativa da ABP (Associa\u00e7\u00e3o Brasileira de Psiquiatria) e CFM (Conselho Federal de Medicina) como <\/span><span data-contrast=\"auto\">\u201ccampanha do setembro amarelo\u201d. O objetivo desta mobiliza\u00e7\u00e3o \u00e9 despertar a consci\u00eancia das pessoas, fam\u00edlias e institui\u00e7\u00f5es, para n\u00e3o silenciar e bloquear a reflex\u00e3o sobre o desafio do suic\u00eddio, mas traz\u00ea-lo <\/span><span data-contrast=\"auto\">\u00e0<\/span><span data-contrast=\"auto\"> tona para ajudar as pessoas a vencerem e superarem as causas e situa\u00e7\u00f5es que levam a pensar no suic\u00eddio ou a comet\u00ea-lo.\u00a0<\/span><span data-ccp-props=\"{&quot;201341983&quot;:0,&quot;335551550&quot;:6,&quot;335551620&quot;:6,&quot;335559739&quot;:160,&quot;335559740&quot;:259}\">\u00a0<\/span><\/p>\n<p style=\"text-align: justify;\"><span data-contrast=\"auto\">\u00c9 um problema de sa\u00fade que envolvia<\/span><span data-contrast=\"auto\">, em 2014, 700.000 mortes por ano no mundo inteiro, atualmente pode-se pensar em 1 milh\u00e3o, no Brasil 14.000 mortes anuais, sendo a quarta <\/span><i><span data-contrast=\"auto\">causa mortis<\/span><\/i><span data-contrast=\"auto\"> entre os jovens de 15 a 29 anos (uma das mais altas do mundo), sendo que neste pa\u00eds 38 pessoas por dia se suicidam.\u00a0<\/span><span data-ccp-props=\"{&quot;201341983&quot;:0,&quot;335551550&quot;:6,&quot;335551620&quot;:6,&quot;335559739&quot;:160,&quot;335559740&quot;:259}\">\u00a0<\/span><\/p>\n<p style=\"text-align: justify;\"><span data-contrast=\"auto\">A pandemia, certamente aumentou os quadros de depress\u00e3o, ansiedade, <\/span><i><span data-contrast=\"auto\">bullying<\/span><\/i><span data-contrast=\"auto\">, <\/span><i><span data-contrast=\"auto\">born out<\/span><\/i><span data-contrast=\"auto\">, e o luto pelas perdas de vidas de familiares, amigos, gerando um clima que pode envolver a perda de horizontes e sentido da vida. A nossa parte \u00e9 ficarmos atentos, com empatia e percep\u00e7\u00e3o agu\u00e7ada para falas, autofechamento, des\u00e2nimo e a perda de desejos e interesses para com a vida, que podemos observar em pessoas pr\u00f3ximas e, com cordialidade, encaminhar para servi\u00e7os profissionais de acompanhamento.\u00a0<\/span><span data-ccp-props=\"{&quot;201341983&quot;:0,&quot;335551550&quot;:6,&quot;335551620&quot;:6,&quot;335559739&quot;:160,&quot;335559740&quot;:259}\">\u00a0<\/span><\/p>\n<p style=\"text-align: justify;\"><span data-contrast=\"auto\">Desde a perspectiva espiritual e pastoral, a escuta amorosa e a acolhida profunda, seja pelos ministros ou em grupos de partilha e apoio, com a ajuda da Palavra de Deus, que suscita esperan\u00e7a e restaura. Tamb\u00e9m n\u00e3o esquecer de cuidar dos cuidadores que, muitas vezes, prestam aux\u00edlio e suporte, mas n\u00e3o t<\/span><span data-contrast=\"auto\">\u00ea<\/span><span data-contrast=\"auto\">m, muitas vezes, o amparo e a compreens\u00e3o de seus coirm\u00e3os e respons\u00e1veis.<\/span><span data-ccp-props=\"{&quot;201341983&quot;:0,&quot;335551550&quot;:6,&quot;335551620&quot;:6,&quot;335559739&quot;:160,&quot;335559740&quot;:259}\">\u00a0<\/span><\/p>\n<p style=\"text-align: justify;\"><span data-contrast=\"auto\">Todos os recursos t<\/span><span data-contrast=\"auto\">\u00ea<\/span><span data-contrast=\"auto\">m a sua validade adaptada a cada situa\u00e7\u00e3o pessoal, lembrando-nos que a pandemia nos fez descobrir que somos fr\u00e1geis, vulner\u00e1veis e inacabados, por isso, precisamos do cuidado integral, da solicitude de irm\u00e3os e familiares que, no momento da fossa e perda do desejo de viver, nos segurem pela m\u00e3o e nunca desistam de n\u00f3s.\u00a0<\/span><span data-ccp-props=\"{&quot;201341983&quot;:0,&quot;335551550&quot;:6,&quot;335551620&quot;:6,&quot;335559739&quot;:160,&quot;335559740&quot;:259}\">\u00a0<\/span><\/p>\n<p style=\"text-align: justify;\"><span data-contrast=\"auto\">Voltar, finalmente, nosso olhar e confian\u00e7a a Jesus, o Sagrado Cora\u00e7\u00e3o, que, na fornalha ardente da sua caridade e miseric\u00f3rdia, nunca se cansa de dizer-nos: \u201cVinde a mim v\u00f3s que estais cansados, e repousai\u201d. A Igreja \u00e9 M\u00e3e e um hospital de campanha sempre disposta a curar e lavar as feridas, consolar e esperan\u00e7ar aos fatigados e cansados, aos aflitos e desesperados. Deus seja louvado!<\/span><span data-ccp-props=\"{&quot;201341983&quot;:0,&quot;335551550&quot;:6,&quot;335551620&quot;:6,&quot;335559739&quot;:160,&quot;335559740&quot;:259}\">\u00a0<\/span><\/p>\n","protected":false},"excerpt":{"rendered":"<p>Dom Roberto Francisco Ferreria Paz\u00a0 Bispo de Campos (RJ) \u00a0 Neste s\u00e1bado, 10\/09, comemora-se o dia mundial de preven\u00e7\u00e3o ao suic\u00eddio que, no Brasil, \u00e9 conhecido por iniciativa da ABP (Associa\u00e7\u00e3o Brasileira de Psiquiatria) e CFM (Conselho Federal de Medicina) como \u201ccampanha do setembro amarelo\u201d. O objetivo desta mobiliza\u00e7\u00e3o \u00e9 despertar a consci\u00eancia das pessoas, &hellip;<\/p>\n<p class=\"read-more\"> <a class=\"\" href=\"https:\/\/www.cnbb.org.br\/sempre-existe-uma-saida-a-vida-e-a-melhor-escolha\/\"> <span class=\"screen-reader-text\">Sempre existe uma sa\u00edda: \u201cA vida \u00e9 a melhor escolha!\u201d\u00a0<\/span> Leia mais &raquo;<\/a><\/p>\n","protected":false},"author":23,"featured_media":0,"comment_status":"open","ping_status":"open","sticky":false,"template":"","format":"standard","meta":{"site-sidebar-layout":"default","site-content-layout":"default","ast-global-header-display":"","ast-banner-title-visibility":"","ast-main-header-display":"","ast-hfb-above-header-display":"","ast-hfb-below-header-display":"","ast-hfb-mobile-header-display":"","site-post-title":"","ast-breadcrumbs-content":"","ast-featured-img":"","footer-sml-layout":"","theme-transparent-header-meta":"default","adv-header-id-meta":"","stick-header-meta":"","header-above-stick-meta":"","header-main-stick-meta":"","header-below-stick-meta":""},"categories":[758],"tags":[],"acf":[],"_links":{"self":[{"href":"https:\/\/www.cnbb.org.br\/cnbb-app\/wp\/v2\/posts\/929690"}],"collection":[{"href":"https:\/\/www.cnbb.org.br\/cnbb-app\/wp\/v2\/posts"}],"about":[{"href":"https:\/\/www.cnbb.org.br\/cnbb-app\/wp\/v2\/types\/post"}],"author":[{"embeddable":true,"href":"https:\/\/www.cnbb.org.br\/cnbb-app\/wp\/v2\/users\/23"}],"replies":[{"embeddable":true,"href":"https:\/\/www.cnbb.org.br\/cnbb-app\/wp\/v2\/comments?post=929690"}],"version-history":[{"count":0,"href":"https:\/\/www.cnbb.org.br\/cnbb-app\/wp\/v2\/posts\/929690\/revisions"}],"wp:attachment":[{"href":"https:\/\/www.cnbb.org.br\/cnbb-app\/wp\/v2\/media?parent=929690"}],"wp:term":[{"taxonomy":"category","embeddable":true,"href":"https:\/\/www.cnbb.org.br\/cnbb-app\/wp\/v2\/categories?post=929690"},{"taxonomy":"post_tag","embeddable":true,"href":"https:\/\/www.cnbb.org.br\/cnbb-app\/wp\/v2\/tags?post=929690"}],"curies":[{"name":"wp","href":"https:\/\/api.w.org\/{rel}","templated":true}]}}