{"id":929955,"date":"2022-09-16T09:16:50","date_gmt":"2022-09-16T12:16:50","guid":{"rendered":"https:\/\/www.cnbb.org.br\/?p=929955"},"modified":"2022-09-16T09:17:06","modified_gmt":"2022-09-16T12:17:06","slug":"dia-mundial-do-migrante-e-do-refugiado-i","status":"publish","type":"post","link":"https:\/\/www.cnbb.org.br\/dia-mundial-do-migrante-e-do-refugiado-i\/","title":{"rendered":"Dia Mundial do Migrante e do Refugiado &#8211; I"},"content":{"rendered":"<p style=\"text-align: right;\"><strong>Dom Alo\u00edsio Alberto Dilli<\/strong><br \/>\n<strong>Bispo de Santa Cruz do Sul<\/strong><\/p>\n<p>Caros diocesanos. O m\u00eas de setembro evoca para a hist\u00f3ria de nosso pa\u00eds e tamb\u00e9m para a Igreja diversos acontecimentos e tem\u00e1ticas marcantes. Junto com o chamado \u201cM\u00eas da B\u00edblia\u201d, o Papa Francisco nos convida a refletir, rezar e acolher os migrantes e refugiados nas diversas situa\u00e7\u00f5es migrat\u00f3rias de hoje. Em nossa \u00faltima visita \u00e0 Pra\u00e7a S\u00e3o Pedro, surpreendeu-nos um novo monumento, em seu meio, diferente do cl\u00e1ssico estilo do renascimento, representado por um pequeno barco em bronze com dezenas de pessoas, todas interligadas, evocando os atuais migrantes e refugiados de nosso tempo.<\/p>\n<p style=\"text-align: justify;\">O tema das migra\u00e7\u00f5es \u00e9 de palp\u00e1vel atualidade em nossa casa comum e a Igreja n\u00e3o poderia omitir-se neste momento de di\u00e1logo, quando o Papa Francisco nos convida para a abertura do cora\u00e7\u00e3o ao mundo inteiro (Fratelli Tutti \u2013 4\u00ba Cap\u00edtulo). O Papa afirma que \u00e9 preciso tratar os migrantes com quatro verbos: acolher, proteger, promover e integrar (FT 129). Quando se acolhe com todo o cora\u00e7\u00e3o a pessoa diferente, permite-se que mantenha sua identidade, ao mesmo tempo que se lhe d\u00e1 a possibilidade dum desenvolvimento novo. Afirma o Papa Francisco: \u201cEstamos todos no mesmo barco e somos chamados a empenhar-nos para que n\u00e3o existam mais muros que nos separam, nem existam mais \u2018os outros\u2019, mas somente um \u2018n\u00f3s\u2019, do tamanho da humanidade inteira\u201d (Dia Mundial do Migrante&#8230; 2021).<\/p>\n<p style=\"text-align: justify;\">Quando abordamos o tema das migra\u00e7\u00f5es, faz bem lembrar a Sagrada Escritura que, j\u00e1 no Antigo Testamento, adverte: \u201cN\u00e3o distor\u00e7as o direito do migrante&#8230; Lembra-te de que foste escravo no Egito e que o Senhor, teu Deus, te resgatou dali\u201d (Cf. Dt 24, 17-18). Ao olharmos para as diversas etnias, presentes em nossa diocese, poder\u00edamos ler a frase b\u00edblica citada, da seguinte forma: \u201cLembra-te que os teus antepassados, certamente, tamb\u00e9m foram migrantes\u201d. A maioria de n\u00f3s, certamente, tem no sangue algum sinal de origem migrat\u00f3ria. Nossa Diocese de Santa Cruz do Sul se caracteriza por fortes e diferentes correntes migrat\u00f3rias continentais do passado: ao norte, predomina a descend\u00eancia italiana; no centro, a germ\u00e2nica; ao sul, a a\u00e7oriana, africana e polonesa, completando-se com os migrantes atuais, presentes nas diversas regi\u00f5es, principalmente haitianos, senegaleses e outros. Alegra-nos que a pastoral dos migrantes est\u00e1 em organiza\u00e7\u00e3o nas comunidades para acolher, da melhor forma poss\u00edvel, os nossos irm\u00e3os\/\u00e3s migrantes.<\/p>\n<p style=\"text-align: justify;\">Ao viver por quase nove anos como bispo de Uruguaiana, aprendi com nossos irm\u00e3os vizinhos do Uruguai e da Argentina que no mapa de Deus n\u00e3o h\u00e1 fronteira ou, se por acaso alguma divisa existir, deve ser lugar de encontro e n\u00e3o de separa\u00e7\u00e3o. \u00c9 muito significativo, neste sentido, o que o Papa Francisco prop\u00f5e ao falar em criar pontes e n\u00e3o muros de separa\u00e7\u00e3o, como vimos acima.<\/p>\n<p style=\"text-align: justify;\">Conclu\u00edmos nossa mensagem de hoje com a parte final da ora\u00e7\u00e3o do Papa Francisco pelos migrantes, em 2021:<\/p>\n<p style=\"text-align: justify;\">\u201cPedimo-Vos que concedais a todos os disc\u00edpulos de Jesus<br \/>\ne a todas as pessoas de boa vontade<br \/>\na gra\u00e7a de cumprirem a vossa vontade no mundo.<br \/>\nAben\u00e7oai todo o gesto de acolhimento e assist\u00eancia<br \/>\nque rep\u00f5e a pessoa que estiver em ex\u00edlio no \u2018n\u00f3s\u2019 da comunidade e da Igreja,<br \/>\npara que a nossa terra possa tornar-se, tal como V\u00f3s a criastes,<br \/>\na Casa comum de todos os irm\u00e3os e irm\u00e3s. Am\u00e9m\u201d.<\/p>\n","protected":false},"excerpt":{"rendered":"<p>Dom Alo\u00edsio Alberto Dilli Bispo de Santa Cruz do Sul Caros diocesanos. O m\u00eas de setembro evoca para a hist\u00f3ria de nosso pa\u00eds e tamb\u00e9m para a Igreja diversos acontecimentos e tem\u00e1ticas marcantes. Junto com o chamado \u201cM\u00eas da B\u00edblia\u201d, o Papa Francisco nos convida a refletir, rezar e acolher os migrantes e refugiados nas &hellip;<\/p>\n<p class=\"read-more\"> <a class=\"\" href=\"https:\/\/www.cnbb.org.br\/dia-mundial-do-migrante-e-do-refugiado-i\/\"> <span class=\"screen-reader-text\">Dia Mundial do Migrante e do Refugiado &#8211; I<\/span> Leia mais &raquo;<\/a><\/p>\n","protected":false},"author":33,"featured_media":0,"comment_status":"open","ping_status":"open","sticky":false,"template":"","format":"standard","meta":{"site-sidebar-layout":"default","site-content-layout":"default","ast-global-header-display":"","ast-banner-title-visibility":"","ast-main-header-display":"","ast-hfb-above-header-display":"","ast-hfb-below-header-display":"","ast-hfb-mobile-header-display":"","site-post-title":"","ast-breadcrumbs-content":"","ast-featured-img":"","footer-sml-layout":"","theme-transparent-header-meta":"default","adv-header-id-meta":"","stick-header-meta":"","header-above-stick-meta":"","header-main-stick-meta":"","header-below-stick-meta":""},"categories":[758],"tags":[],"acf":[],"_links":{"self":[{"href":"https:\/\/www.cnbb.org.br\/cnbb-app\/wp\/v2\/posts\/929955"}],"collection":[{"href":"https:\/\/www.cnbb.org.br\/cnbb-app\/wp\/v2\/posts"}],"about":[{"href":"https:\/\/www.cnbb.org.br\/cnbb-app\/wp\/v2\/types\/post"}],"author":[{"embeddable":true,"href":"https:\/\/www.cnbb.org.br\/cnbb-app\/wp\/v2\/users\/33"}],"replies":[{"embeddable":true,"href":"https:\/\/www.cnbb.org.br\/cnbb-app\/wp\/v2\/comments?post=929955"}],"version-history":[{"count":0,"href":"https:\/\/www.cnbb.org.br\/cnbb-app\/wp\/v2\/posts\/929955\/revisions"}],"wp:attachment":[{"href":"https:\/\/www.cnbb.org.br\/cnbb-app\/wp\/v2\/media?parent=929955"}],"wp:term":[{"taxonomy":"category","embeddable":true,"href":"https:\/\/www.cnbb.org.br\/cnbb-app\/wp\/v2\/categories?post=929955"},{"taxonomy":"post_tag","embeddable":true,"href":"https:\/\/www.cnbb.org.br\/cnbb-app\/wp\/v2\/tags?post=929955"}],"curies":[{"name":"wp","href":"https:\/\/api.w.org\/{rel}","templated":true}]}}