{"id":930099,"date":"2022-09-20T12:00:59","date_gmt":"2022-09-20T15:00:59","guid":{"rendered":"https:\/\/www.cnbb.org.br\/?p=930099"},"modified":"2022-09-20T15:50:02","modified_gmt":"2022-09-20T18:50:02","slug":"abertas-as-inscricoes-para-ao-i-retiro-de-cientistas-catolicos","status":"publish","type":"post","link":"https:\/\/www.cnbb.org.br\/abertas-as-inscricoes-para-ao-i-retiro-de-cientistas-catolicos\/","title":{"rendered":"Abertas as inscri\u00e7\u00f5es para o I Retiro de Cientistas Cat\u00f3licos que acontece de 4 a 6 de novembro, em Belo Horizonte (MG)"},"content":{"rendered":"<p style=\"text-align: justify;\">De 4 a 6 de novembro, a Sociedade Brasileira de Cientistas Cat\u00f3licos (SBCC) \u2013 vinculada \u00e0 Comiss\u00e3o Episcopal Pastoral para Cultura e Educa\u00e7\u00e3o da Confer\u00eancia Nacional dos Bispos do Brasil (CNBB) -, promove\u00a0 o <strong>I Retiro de Cientistas Cat\u00f3licos<\/strong>, que tem como tema <strong>&#8216;Da amizade com Deus \u00e0 amizade social&#8217;<\/strong>.<\/p>\n<p style=\"text-align: justify;\">O evento, que tem apoio do Setor Universidades da comiss\u00e3o, ser\u00e1 realizado presencialmente na Casa de Retiros S\u00e3o Jos\u00e9, em Belo Horizonte (MG). As inscri\u00e7\u00f5es podem ser feitas pelos sites <a href=\"https:\/\/catolicosnaciencia.org.br\/\" target=\"_blank\" rel=\"noopener\">catolicosnaciencia.org.br<\/a> e <a href=\"https:\/\/culturaeducacaocnbb.com\/\" target=\"_blank\" rel=\"noopener\">culturaeducacaocnbb.com<\/a> e o investimento \u00e9 de R$ 372,00, valor no qual est\u00e3o inclu\u00eddos a hospedagem e a alimenta\u00e7\u00e3o.<\/p>\n<h3>Espiritualidade e sa\u00fade mental<\/h3>\n<p style=\"text-align: justify;\">A programa\u00e7\u00e3o do retiro vai contar com a presen\u00e7a do arcebispo de BH e presidente da CNBB, dom Walmor Oliveira de Azevedo, do bispo de Rubiataba-Mozarl\u00e2ndia (GO), dom Francisco Agamenilton Damascena, e do assessor de Setor Educa\u00e7\u00e3o da Comiss\u00e3o para Cultura e Educa\u00e7\u00e3o da CNBB, padre J\u00falio Cesar Resende, entre outros convidados.<\/p>\n<blockquote>\n<p style=\"text-align: justify;\">&#8220;O retiro para mestres e doutores \u00e9 um importante gesto neste tempo em que nos propomos a refletir sobre a sa\u00fade mental na Educa\u00e7\u00e3o Superior. Como sabemos, \u00e9 sobretudo na p\u00f3s-gradua\u00e7\u00e3o em que se concentram os maiores casos de sofrimento ps\u00edquico, por conta dos prazos e press\u00f5es encontradas para o desenvolvimento do trabalho. Este retiro para mestres e doutores faz parte deste esfor\u00e7o, iniciado com a publica\u00e7\u00e3o do subs\u00eddio Servi\u00e7o de Escuta Universit\u00e1ria&#8221;, destaca o assessor da comiss\u00e3o, padre Danilo Pinto.<\/p>\n<\/blockquote>\n<p style=\"text-align: justify;\">Ainda segundo padre Danilo as medita\u00e7\u00f5es dos pregadores v\u00e3o inspirar os temas que v\u00e3o integrar os roteiros de encontro dos cientistas cat\u00f3licos (mestres e doutores) e v\u00e3o iluminar o cotidiano dos grupos locais de cientistas cat\u00f3licos nas igrejas particulares.<\/p>\n<p style=\"text-align: justify;\"><img decoding=\"async\" loading=\"lazy\" class=\"size-medium wp-image-930315 alignleft\" src=\"https:\/\/www.cnbb.org.br\/wp-content\/uploads\/2022\/09\/SBCC-300x300.jpg\" alt=\"\" width=\"300\" height=\"300\" srcset=\"https:\/\/www.cnbb.org.br\/wp-content\/uploads\/2022\/09\/SBCC-300x300.jpg 300w, https:\/\/www.cnbb.org.br\/wp-content\/uploads\/2022\/09\/SBCC-150x150.jpg 150w, https:\/\/www.cnbb.org.br\/wp-content\/uploads\/2022\/09\/SBCC-500x500.jpg 500w, https:\/\/www.cnbb.org.br\/wp-content\/uploads\/2022\/09\/SBCC.jpg 512w\" sizes=\"(max-width: 300px) 100vw, 300px\" \/>O I Retiro de Cientistas Cat\u00f3licos ser\u00e1 prosseguido pelo I Encontro de Colaboradores da SBCC ao qual, tamb\u00e9m, todos s\u00e3o convidados a participar. Na oportunidade, ser\u00e3o trabalhadas as a\u00e7\u00f5es pastorais junto ao p\u00fablico dos cientistas cat\u00f3licos.\u00a0 <em>&#8220;Muitas destas a\u00e7\u00f5es, s\u00e3o desenvolvidas em parceria com o Setor Universidades da CNBB, que partilha de objetivos pastorais comuns com a SBCC, no espec\u00edfico do p\u00fablico dos mestres e doutores&#8221;<\/em>, pontua padre Danilo Pinto.<\/p>\n<p style=\"text-align: justify;\">De acordo com o presidente da SBCC, professor doutor Everthon Oliveira, neste pouco tempo de caminhada da SBCC, chamada a encampar os valores do evangelho no mundo da pesquisa cient\u00edfica, tornou-se evidente, a necessidade de colaborar no acompanhamento pastoral dos cientistas.<\/p>\n<blockquote>\n<p style=\"text-align: justify;\">&#8220;A CEPCE, especialmente o Setor Universidades da CNBB, compartilham do desafio de oferecer subs\u00eddios aos mestres e doutores para sua caminha de f\u00e9. Foi dessa parceria e em resposta \u00e0quela demanda que surgiu a proposta do I Retiro de Cientistas Cat\u00f3licos cujo tema \u00e9 &#8216;Da Amizade com Deus \u00e0 Amizade Social'&#8221;, disse.<\/p>\n<\/blockquote>\n<p style=\"text-align: justify;\">Concomitante ao retiro, ele lembra que acontecer\u00e1 um encontro de colaboradores a fim de se refletir sobre as a\u00e7\u00f5es pastorais para o p\u00fablico de mestres e doutores, e as atividades realizadas pelas SBCC, a CNBB e outras institui\u00e7\u00f5es parceiras. Em especial, ser\u00e1 apresentada a proposta do III Congresso de Humanismo Solid\u00e1rio na Ci\u00eancia que ocorrer\u00e1 no ano de 2023 na PUC-PR e em parceria com o Instituto F\u00e9 e Ci\u00eancia desta mesma institui\u00e7\u00e3o.<\/p>\n<h3 style=\"text-align: justify;\">Programa\u00e7\u00e3o:<\/h3>\n<p style=\"text-align: justify;\"><strong>04\/11 &#8211; Sexta-feira<\/strong><br \/>\n19h &#8211; Jantar<br \/>\n19h30 \u2013 Boas Vindas (Pe. Danilo Pinto, Assessor do SU\/CNBB) \/ Programa\u00e7\u00e3o (Prof Everthon Oliveira, Presidente da SBCC)<br \/>\n19h45 \u2013 Medita\u00e7\u00e3o 1 &#8211; Da Amizade com Deus \u00e0 Amizade Social: Vis\u00e3o de Integral de Pessoa Humana. (Pregador: Pe. J\u00falio Resende, Assessor do Setor Educ. da CNBB)<br \/>\n20h30 \u2013 Ora\u00e7\u00e3o \/ Congra\u00e7amento \/ Conviv\u00eancia<\/p>\n<p style=\"text-align: justify;\"><strong>05\/11 &#8211; S\u00e1bado<br \/>\n<\/strong>7h &#8211; Caf\u00e9 da Manh\u00e3<br \/>\n8h &#8211; Missa e Medita\u00e7\u00e3o 2: Da Amizade com Deus \u00e0 Amizade Social: Vis\u00e3o de Sociedade. (Pregador: D. Walmor Oliveira, Arcebispo de Belo Horizonte e Presidente da CNBB)<br \/>\n9h30 \u2013 Medita\u00e7\u00e3o 3 &#8211; Da Amizade com Deus \u00e0 Amizade Social: Vis\u00e3o de Cristo. (Pregador: (D. Francisco Agamenilton, Bispo de Rubiataba-Mozarl\u00e2ndia (GO)<br \/>\n14h \u2013 Abertura (Prof Everthon Oliveira, CEFET-MG \/ Presidente da SBCC) e Programa\u00e7\u00e3o (Professor Thiago Paulino, CEFET &#8211; MG \/ Tesoureiro da SBCC)<br \/>\n14h15 \u2013 Painel 1: Revista e Grupo de Pesquisa em Humanismo Solid\u00e1rio na Ci\u00eancia<br \/>\n15h \u2013 Painel 2: Proposta de Grupos Locais da SBCC: Modelagem dos Encontros<br \/>\n16h \u2013 Painel 3: III Congresso Brasileiro de Humanismo Solid\u00e1rio na Ci\u00eancia e II Congresso Internacional de Humanismo Solid\u00e1rio da Ci\u00eancia<br \/>\n17h &#8211; Ora\u00e7\u00e3o do Angelus<br \/>\n18h \u2013 Conviv\u00eancia<br \/>\n19h \u2013 Jantar<\/p>\n<p style=\"text-align: justify;\"><strong>06\/11 &#8211; Domingo<br \/>\n<\/strong>07h \u2013 8h: Caf\u00e9 da Manh\u00e3<br \/>\n08h &#8211; Missa (Pe. Danilo Pinto SU \/ CNBB &#8211; Comit\u00ea Teol\u00f3gico da SBCC)<br \/>\n09h &#8211; Painel 4: Setor de Comunica\u00e7\u00e3o e de Capta\u00e7\u00e3o de S\u00f3cios.<br \/>\n10h \u2013 Painel 5: Estrutura Administrativa<\/p>\n<h3 style=\"text-align: justify;\">Servi\u00e7o:<\/h3>\n<p style=\"text-align: justify;\"><em><strong>I Retiro de Cientistas Cat\u00f3licos e I Encontro de Colaboradores da SBCC<\/strong><\/em>.<br \/>\nTema: Da amizade com Deus \u00e1 amizade social.<br \/>\nQuando: 4\/11\/2022 (a partir das 18h) \u00e0 6\/11\/2022 (ap\u00f3s o almo\u00e7o).<br \/>\nOnde: Casa de Retiros S\u00e3o Jos\u00e9 &#8211; Av. Ita\u00fa, 475, bairro Dom Bosco, Belo Horizonte\/MG<br \/>\nInvestimento: R$ 372,00 Hospedagem e Alimenta\u00e7\u00e3o<br \/>\nInscri\u00e7\u00f5es: <a href=\"https:\/\/catolicosnaciencia.org.br\/\" target=\"_blank\" rel=\"noopener\">www.catolicosnaciencia.org.br<\/a> e <a href=\"https:\/\/culturaeducacaocnbb.com\/\" target=\"_blank\" rel=\"noopener\">www.culturaeducacaocnbb.com<\/a><\/p>\n","protected":false},"excerpt":{"rendered":"<p>O evento presencial organizado pela SBCC, em parceria com o Setor Universidades da CNBB, vai debater a tem\u00e1tica &#8216;Da amizade com Deus \u00e0 amizade social&#8217; e contar\u00e1 com a presen\u00e7a do presidente da CNBB, dom Walmor Oliveira de Azevedo. Durante o retiro tamb\u00e9m ser\u00e1 realizado I Encontro de Colaboradores da SBCC<\/p>\n","protected":false},"author":83,"featured_media":930310,"comment_status":"open","ping_status":"open","sticky":false,"template":"","format":"standard","meta":{"site-sidebar-layout":"default","site-content-layout":"default","ast-global-header-display":"","ast-banner-title-visibility":"","ast-main-header-display":"","ast-hfb-above-header-display":"","ast-hfb-below-header-display":"","ast-hfb-mobile-header-display":"","site-post-title":"","ast-breadcrumbs-content":"","ast-featured-img":"","footer-sml-layout":"","theme-transparent-header-meta":"default","adv-header-id-meta":"","stick-header-meta":"","header-above-stick-meta":"","header-main-stick-meta":"","header-below-stick-meta":""},"categories":[799,50,3733],"tags":[4698,4699,2866],"acf":[],"_links":{"self":[{"href":"https:\/\/www.cnbb.org.br\/cnbb-app\/wp\/v2\/posts\/930099"}],"collection":[{"href":"https:\/\/www.cnbb.org.br\/cnbb-app\/wp\/v2\/posts"}],"about":[{"href":"https:\/\/www.cnbb.org.br\/cnbb-app\/wp\/v2\/types\/post"}],"author":[{"embeddable":true,"href":"https:\/\/www.cnbb.org.br\/cnbb-app\/wp\/v2\/users\/83"}],"replies":[{"embeddable":true,"href":"https:\/\/www.cnbb.org.br\/cnbb-app\/wp\/v2\/comments?post=930099"}],"version-history":[{"count":0,"href":"https:\/\/www.cnbb.org.br\/cnbb-app\/wp\/v2\/posts\/930099\/revisions"}],"wp:featuredmedia":[{"embeddable":true,"href":"https:\/\/www.cnbb.org.br\/cnbb-app\/wp\/v2\/media\/930310"}],"wp:attachment":[{"href":"https:\/\/www.cnbb.org.br\/cnbb-app\/wp\/v2\/media?parent=930099"}],"wp:term":[{"taxonomy":"category","embeddable":true,"href":"https:\/\/www.cnbb.org.br\/cnbb-app\/wp\/v2\/categories?post=930099"},{"taxonomy":"post_tag","embeddable":true,"href":"https:\/\/www.cnbb.org.br\/cnbb-app\/wp\/v2\/tags?post=930099"}],"curies":[{"name":"wp","href":"https:\/\/api.w.org\/{rel}","templated":true}]}}