{"id":930434,"date":"2022-09-22T13:11:08","date_gmt":"2022-09-22T16:11:08","guid":{"rendered":"https:\/\/www.cnbb.org.br\/?p=930434"},"modified":"2022-09-22T13:11:55","modified_gmt":"2022-09-22T16:11:55","slug":"comeca-em-assis-na-italia-encontro-de-jovens-de-120-paises-para-discutir-uma-nova-proposta-para-a-economia-global","status":"publish","type":"post","link":"https:\/\/www.cnbb.org.br\/comeca-em-assis-na-italia-encontro-de-jovens-de-120-paises-para-discutir-uma-nova-proposta-para-a-economia-global\/","title":{"rendered":"Come\u00e7a em Assis, na It\u00e1lia, encontro de jovens de 120 pa\u00edses para discutir uma nova proposta para a Economia Global"},"content":{"rendered":"<p style=\"text-align: justify;\">Teve in\u00edcio nesta quinta-feira, 22 de setembro, em Assis, o evento global \u201cEconomia de Francisco\u201d que contar\u00e1 com a presen\u00e7a do Papa Francisco no s\u00e1bado, 24, dia de conclus\u00e3o dos trabalhos. O Santo Padre expressou com entusiasmo seu desejo de estar presente e encontrar os jovens economistas, empreendedores e agentes de mudan\u00e7a do mundo, que est\u00e3o envolvidos h\u00e1 tr\u00eas anos na \u201cEconomia de Francisco\u201d, o processo desejado pelo pr\u00f3prio Pont\u00edfice, para lan\u00e7ar as bases de uma nova economia, mais justa, equ\u00e2nime e fraterna.<\/p>\n<p style=\"text-align: justify;\">Nestes anos, o Santo Padre sempre se manteve atualizado sobre as atividades realizadas pelos jovens a quem deu palavras de inspira\u00e7\u00e3o e encorajamento em duas mensagens em v\u00eddeo por ocasi\u00e3o dos eventos da \u201cEconomia de Francisco\u201d que foram realizados on-line em 2020 e 2021, devido \u00e0 pandemia. Agora chegou o momento do encontro presencial em Assis.<\/p>\n<p style=\"text-align: justify;\">Os organizadores trabalharam muito para acolher cerca de mil jovens de mais de 120 pa\u00edses de todo o mundo, jovens que t\u00eam o desejo de contribuir para uma nova \u00e9poca de pensamento e pr\u00e1ticas econ\u00f4micas.\u00a0Nesta quinta-feira os trabalhos t\u00eam in\u00edcio \u00e0s 9h30 da manh\u00e3, hora local, no Teatro Lyrick, com a abertura oficial do Evento. Nesta manh\u00e3 os jovens se encontram em sess\u00f5es, discuss\u00f5es e mesas redondas para apresentar ideias e projetos, enfrentar quest\u00f5es econ\u00f4micas e os desafios contempor\u00e2neos.<\/p>\n<p style=\"text-align: justify;\">Uma das tem\u00e1ticas \u00e9: \u201ca \u00fanica guerra justa \u00e9 a guerra que n\u00e3o combatemos; mesa-redonda sobre a solidariedade internacional e a preven\u00e7\u00e3o dos conflitos armados.\u00a0Ainda no Palaevent acontecer\u00e3o os encontros para a apresenta\u00e7\u00e3o de projetos, laborat\u00f3rios art\u00edsticos e col\u00f3quios. Tamb\u00e9m apresenta\u00e7\u00e3o de livros e o muro da gratid\u00e3o, com frases dos jovens sobre a gratid\u00e3o.\u00a0Ainda no dia de hoje a sess\u00e3o plen\u00e1ria com a participa\u00e7\u00e3o de convidados \u201cs\u00eanior\u201d, entre os quais o padre Vilson Groch, de Florian\u00f3polis.<\/p>\n<h3>A presen\u00e7a do Papa<\/h3>\n<p style=\"text-align: justify;\">J\u00e1 o programa da visita do Papa no pr\u00f3ximo s\u00e1bado prev\u00ea a sa\u00edda \u00e0s 9h do heliporto do Vaticano, o desembarque na pra\u00e7a pr\u00f3xima do Palaeventi e o transferimento do Santo Padre para o vizinho teatro Lyrick de Santa Maria dos Anjos.<\/p>\n<p style=\"text-align: justify;\">Ali, Francisco ser\u00e1 recebido por tr\u00eas jovens da \u201cEconomia de Francisco\u201d, pelo prefeito do Dicast\u00e9rio para o Servi\u00e7o do Desenvolvimento Humano Integral, cardeal Michael Czerny, por dom Sorrentino, autoridades civis, membros do Comit\u00ea Organizador, representantes das fam\u00edlias franciscanas e da Pro Civitate Christiana.<\/p>\n<p style=\"text-align: justify;\">O Pont\u00edfice, \u00e0s 10h00, chegar\u00e1 ao palco onde, ap\u00f3s um momento art\u00edstico-cultural, ter\u00e3o lugar as boas-vindas, a apresenta\u00e7\u00e3o e oito testemunhos de jovens de todo o mundo. O Papa far\u00e1 ent\u00e3o o seu discurso e assinar\u00e1 o Pacto com os jovens da Economia para iniciar a mudan\u00e7a na economia por ele mesmo desejada.<\/p>\n<p style=\"text-align: justify;\">O programa completo dos tr\u00eas dias, que se realizar\u00e1 entre o teatro Lyrick, o Palaeventi em Santa Maria degli Angeli e o centro hist\u00f3rico, conta com algumas confer\u00eancias, workshops e vilas tem\u00e1ticas. Tudo centrado na coleta das ideias e experi\u00eancias geradas em todo o mundo nestes tr\u00eas anos de trabalho em torno do tema da economia do amanh\u00e3.<\/p>\n<p style=\"text-align: justify;\">Nestes dias haver\u00e1 espa\u00e7os e momentos de di\u00e1logo entre os jovens com figuras de renome internacional, para discutir as suas propostas e continuar a aprofundar os grandes desafios dos tempos atuais, a come\u00e7ar pela constru\u00e7\u00e3o de uma economia de paz. Est\u00e1 dispon\u00edvel uma \u00e1rea permanente incubadora para ideias-projetos, sess\u00f5es de networking e workshops tem\u00e1ticos\u201d.<\/p>\n<h3>Mas quem s\u00e3o os jovens da Economia de Francisco?<\/h3>\n<p style=\"text-align: justify;\">Os participantes s\u00e3o jovens de todo o mundo que nestes \u00faltimos tr\u00eas anos criaram uma verdadeira comunidade que produziu projetos, iniciativas, estudos e materiais de aprofundamento. A idade m\u00e9dia dos participantes da Economia de Francisco \u00e9 de 28 anos, 30% v\u00eam do mundo dos neg\u00f3cios e outros 30% da pesquisa, enquanto 40% s\u00e3o agentes de mudan\u00e7a (estudantes, movimentos sociais, ONGs).<\/p>\n<p style=\"text-align: justify;\">A maior parte deles \u00e9 proveniente da Europa (35%) e Am\u00e9rica Central &#8211; do Sul (30%), \u00c1frica (20%), mas \u00c1sia e Am\u00e9rica do Norte tamb\u00e9m estar\u00e3o representadas, de onde vir\u00e3o 8 e 6% dos participantes, respectivamente. Do encontro em Assis participam mais de 100 jovens brasileiros.<\/p>\n<h3>Os encontros nestes tr\u00eas dias<\/h3>\n<p style=\"text-align: justify;\">Os jovens de Assis se reunir\u00e3o nas 12 \u201caldeias\u201d ou \u201cvilas\u201d tem\u00e1ticas que dar\u00e3o seguimento \u00e0s virtuais nas quais se trabalhou nestes dois anos de pandemia: Trabalho e cuidado; Gest\u00e3o e doa\u00e7\u00e3o; Finan\u00e7as e humanidade; Agricultura e justi\u00e7a; Energia e pobreza; Voca\u00e7\u00e3o e lucro; Pol\u00edticas para a felicidade; CO2 da desigualdade; Neg\u00f3cios e Paz; Economia e mulher; Empresas em transi\u00e7\u00e3o; Vida e estilos de vida.<\/p>\n<h3>Processo vivido<\/h3>\n<p style=\"text-align: justify;\">Tudo come\u00e7ou com o convite que o Papa Francisco enviou em 1\u00ba de maio de 2019 a economistas, agentes de mudan\u00e7a, empreendedores e empreendedoras com menos de 35 anos em todo o mundo. Nos dois anos anteriores, apesar da pandemia, foram envolvidos milhares de jovens de 120 pa\u00edses dos cinco continentes, principalmente da It\u00e1lia, Brasil, EUA, Argentina, Espanha, Portugal, Fran\u00e7a, M\u00e9xico, Alemanha e Reino Unido.<\/p>\n<p style=\"text-align: justify;\">Foram dois eventos globais on-line realizados com transmiss\u00e3o ao vivo com mais de 500.000 visualiza\u00e7\u00f5es, mais de 50 webinars, cerca de 25 projetos empreendedores, 2 The Economy of Francesco School on-line e uma Escola de Ver\u00e3o presencial, uma EoF Academy com 18 pesquisadores e 25 membros seniores.\u00a0Mais de 50 especialistas de renome internacional tamb\u00e9m estiveram envolvidos (incluindo 3 ganhadores do Pr\u00eamio Nobel) e o Papa dirigiu duas mensagens em v\u00eddeo aos jovens.<\/p>\n<p style=\"text-align: justify;\">Todas as informa\u00e7\u00f5es e not\u00edcias est\u00e3o dispon\u00edveis no site www.francescoeconomy.org e nas redes sociais oficiais do evento: Facebook @francescoeconomy; Instagram @francesco_economy; Twitter @FrancescoEcon; YouTube e Flickr.<\/p>\n<p><strong>Com informa\u00e7\u00f5es<\/strong> Silvonei Jos\u00e9 &#8211; Assis &#8211; <a href=\"https:\/\/www.vaticannews.va\/pt\/igreja\/news\/2022-09\/a-economia-de-francisco-comeca-hoje-o-encontro-dos-jovens-em.html\" target=\"_blank\" rel=\"noopener\">Vatican News<\/a><\/p>\n<p style=\"text-align: justify;\">\n","protected":false},"excerpt":{"rendered":"<p>O evento global \u201cEconomia de Francisco\u201d que contar\u00e1 com a presen\u00e7a do Papa Francisco no s\u00e1bado, 24, dia de conclus\u00e3o dos trabalhos. O Santo Padre expressou com entusiasmo seu desejo de estar presente e encontrar os jovens economistas, empreendedores e agentes de mudan\u00e7a do mundo, que est\u00e3o envolvidos h\u00e1 tr\u00eas anos na \u201cEconomia de Francisco\u201d<\/p>\n","protected":false},"author":142,"featured_media":930436,"comment_status":"open","ping_status":"open","sticky":false,"template":"","format":"standard","meta":{"site-sidebar-layout":"default","site-content-layout":"default","ast-global-header-display":"","ast-banner-title-visibility":"","ast-main-header-display":"","ast-hfb-above-header-display":"","ast-hfb-below-header-display":"","ast-hfb-mobile-header-display":"","site-post-title":"","ast-breadcrumbs-content":"","ast-featured-img":"","footer-sml-layout":"","theme-transparent-header-meta":"default","adv-header-id-meta":"","stick-header-meta":"","header-above-stick-meta":"","header-main-stick-meta":"","header-below-stick-meta":""},"categories":[50,841],"tags":[2913],"acf":[],"_links":{"self":[{"href":"https:\/\/www.cnbb.org.br\/cnbb-app\/wp\/v2\/posts\/930434"}],"collection":[{"href":"https:\/\/www.cnbb.org.br\/cnbb-app\/wp\/v2\/posts"}],"about":[{"href":"https:\/\/www.cnbb.org.br\/cnbb-app\/wp\/v2\/types\/post"}],"author":[{"embeddable":true,"href":"https:\/\/www.cnbb.org.br\/cnbb-app\/wp\/v2\/users\/142"}],"replies":[{"embeddable":true,"href":"https:\/\/www.cnbb.org.br\/cnbb-app\/wp\/v2\/comments?post=930434"}],"version-history":[{"count":0,"href":"https:\/\/www.cnbb.org.br\/cnbb-app\/wp\/v2\/posts\/930434\/revisions"}],"wp:featuredmedia":[{"embeddable":true,"href":"https:\/\/www.cnbb.org.br\/cnbb-app\/wp\/v2\/media\/930436"}],"wp:attachment":[{"href":"https:\/\/www.cnbb.org.br\/cnbb-app\/wp\/v2\/media?parent=930434"}],"wp:term":[{"taxonomy":"category","embeddable":true,"href":"https:\/\/www.cnbb.org.br\/cnbb-app\/wp\/v2\/categories?post=930434"},{"taxonomy":"post_tag","embeddable":true,"href":"https:\/\/www.cnbb.org.br\/cnbb-app\/wp\/v2\/tags?post=930434"}],"curies":[{"name":"wp","href":"https:\/\/api.w.org\/{rel}","templated":true}]}}