{"id":930877,"date":"2022-09-24T13:35:30","date_gmt":"2022-09-24T16:35:30","guid":{"rendered":"https:\/\/www.cnbb.org.br\/?p=930877"},"modified":"2022-09-26T13:36:26","modified_gmt":"2022-09-26T16:36:26","slug":"dom-leomar-a-transmissao-fe-novas-geracoes","status":"publish","type":"post","link":"https:\/\/www.cnbb.org.br\/dom-leomar-a-transmissao-fe-novas-geracoes\/","title":{"rendered":"A transmiss\u00e3o da f\u00e9 \u00e0s novas gera\u00e7\u00f5es"},"content":{"rendered":"<p style=\"text-align: right;\"><strong>Dom Leomar Ant\u00f4nio Brustolin<\/strong><br \/>\n<strong>Arcebispo Metropolitano de Santa Maria<\/strong><\/p>\n<p>&nbsp;<\/p>\n<p style=\"text-align: justify;\">Vivemos hoje numa sociedade laica, plural, secularizada, que, de fato, n\u00e3o \u00e9 antirreligiosa, mas que situa todas as suas convic\u00e7\u00f5es no terreno da livre ades\u00e3o. Essa situa\u00e7\u00e3o sociocultural nos for\u00e7a a despertar a dimens\u00e3o mission\u00e1ria da f\u00e9. Da\u00ed a problem\u00e1tica da proposta da f\u00e9 e, mais concretamente ainda, a do \u201cprimeiro an\u00fancio\u201d. N\u00e3o \u00e9 poss\u00edvel estabelecer um caminho de catequese se a pessoa n\u00e3o est\u00e1 motivada a percorr\u00ea-lo. \u00c9 preciso que crian\u00e7as, jovens e adultos tenham um m\u00ednimo de interesse em se aprofundar na f\u00e9 crist\u00e3.<\/p>\n<p style=\"text-align: justify;\">Outro desafio \u00e9 a recupera\u00e7\u00e3o da centralidade da f\u00e9 na vida humana. Muitos escolheram caminhos que dispensam Deus e a vida eterna da agenda. Quando aparece a doen\u00e7a, a morte, a perda e o vazio, se questionam sobre as raz\u00f5es da exist\u00eancia. Essa realidade afeta at\u00e9 mesmo os crist\u00e3os, como bem recordou o Papa Bento XVI na Porta Fidei n. 2: \u201cSucede n\u00e3o poucas vezes que os crist\u00e3os sintam maior preocupa\u00e7\u00e3o com as consequ\u00eancias sociais, culturais e pol\u00edticas da f\u00e9 do que com a pr\u00f3pria f\u00e9, considerada essa como um pressuposto \u00f3bvio da sua vida di\u00e1ria. Ora, um tal pressuposto n\u00e3o s\u00f3 deixou de existir, mas frequentemente acaba at\u00e9 negado.\u201d<\/p>\n<p style=\"text-align: justify;\">Urge recuperar o lugar de Deus em nossa vida, e, entre as coisas que passam, ser capaz de abra\u00e7ar as que permanecem. Isso traz consequ\u00eancias para a transmiss\u00e3o da f\u00e9. Somente quem a tem pode apresent\u00e1-la. Eis o desafio da catequese atual. H\u00e1 muita sede, mas \u00e9 preciso maior profundidade e experi\u00eancia de encontro com a Palavra que se fez carne.<\/p>\n<p style=\"text-align: justify;\">A experi\u00eancia revela que, em todo o Brasil, se multiplicam forma\u00e7\u00f5es e projetos de Inicia\u00e7\u00e3o \u00e0 Vida Crist\u00e3 numa redescoberta fecunda da centralidade da Palavra de Deus na catequese de crian\u00e7as, jovens e adultos. As novas gera\u00e7\u00f5es e os afastados se encantam quando a Palavra \u00e9 anunciada sem fundamentalismos ou ideologias, e quando a doutrina e a moral t\u00eam como fundamento e permanente refer\u00eancia a revela\u00e7\u00e3o b\u00edblica.<\/p>\n<p style=\"text-align: justify;\">Contudo, se percebe que a resist\u00eancia e os obst\u00e1culos crescem em quem vive outro estilo de viv\u00eancia, pouco afeito \u00e0 escuta da Palavra. Ent\u00e3o, h\u00e1 rejei\u00e7\u00e3o \u00e0s mudan\u00e7as, especialmente quando a Palavra pede para estarmos atentos aos sinais dos tempos, e mantendo a fidelidade \u00e0 beleza t\u00e3o antiga e sempre nova do Evangelho.<\/p>\n<p style=\"text-align: justify;\">Uma catequese centrada na Palavra exige catequistas mais dedicados \u00e0 leitura e ao testemunho crist\u00e3o. Exige ministros e leigos que anunciem mais pela vida do que pelas palavras. Igualmente \u00e9 preciso rever os materiais usados na catequese de crian\u00e7as, jovens e adultos. Afinal, no \u201cin\u00edcio do ser crist\u00e3o, n\u00e3o h\u00e1 uma decis\u00e3o \u00e9tica ou uma grande ideia, mas o encontro com um acontecimento, com uma pessoa, que d\u00ea \u00e0 vida um novo horizonte e, dessa forma, o rumo decisivo.\u201d <em>Deus Caritas Est<\/em> n.1.<\/p>\n<p style=\"text-align: justify;\">Quando uma comunidade \u00e9 convertida pela Boa-Nova, \u00e9 capaz de acolher e atrair sempre novos irm\u00e3os para a fam\u00edlia de Deus. Pode-se at\u00e9 questionar se a evas\u00e3o de jovens ap\u00f3s os sacramentos de inicia\u00e7\u00e3o n\u00e3o \u00e9 resultado de uma comunidade que pouco se deixa afetar pela Palavra de Deus. Afinal, segundo o relato dos Ap\u00f3stolos, a cada dia, o Senhor acrescenta sempre mais ao n\u00famero daqueles que ser\u00e3o salvos (At2,42 ss).<\/p>\n","protected":false},"excerpt":{"rendered":"<p>Dom Leomar Ant\u00f4nio Brustolin Arcebispo Metropolitano de Santa Maria &nbsp; Vivemos hoje numa sociedade laica, plural, secularizada, que, de fato, n\u00e3o \u00e9 antirreligiosa, mas que situa todas as suas convic\u00e7\u00f5es no terreno da livre ades\u00e3o. Essa situa\u00e7\u00e3o sociocultural nos for\u00e7a a despertar a dimens\u00e3o mission\u00e1ria da f\u00e9. Da\u00ed a problem\u00e1tica da proposta da f\u00e9 e, &hellip;<\/p>\n<p class=\"read-more\"> <a class=\"\" href=\"https:\/\/www.cnbb.org.br\/dom-leomar-a-transmissao-fe-novas-geracoes\/\"> <span class=\"screen-reader-text\">A transmiss\u00e3o da f\u00e9 \u00e0s novas gera\u00e7\u00f5es<\/span> Leia mais &raquo;<\/a><\/p>\n","protected":false},"author":46,"featured_media":0,"comment_status":"open","ping_status":"open","sticky":false,"template":"","format":"standard","meta":{"site-sidebar-layout":"default","site-content-layout":"default","ast-global-header-display":"","ast-banner-title-visibility":"","ast-main-header-display":"","ast-hfb-above-header-display":"","ast-hfb-below-header-display":"","ast-hfb-mobile-header-display":"","site-post-title":"","ast-breadcrumbs-content":"","ast-featured-img":"","footer-sml-layout":"","theme-transparent-header-meta":"default","adv-header-id-meta":"","stick-header-meta":"","header-above-stick-meta":"","header-main-stick-meta":"","header-below-stick-meta":""},"categories":[758],"tags":[],"acf":[],"_links":{"self":[{"href":"https:\/\/www.cnbb.org.br\/cnbb-app\/wp\/v2\/posts\/930877"}],"collection":[{"href":"https:\/\/www.cnbb.org.br\/cnbb-app\/wp\/v2\/posts"}],"about":[{"href":"https:\/\/www.cnbb.org.br\/cnbb-app\/wp\/v2\/types\/post"}],"author":[{"embeddable":true,"href":"https:\/\/www.cnbb.org.br\/cnbb-app\/wp\/v2\/users\/46"}],"replies":[{"embeddable":true,"href":"https:\/\/www.cnbb.org.br\/cnbb-app\/wp\/v2\/comments?post=930877"}],"version-history":[{"count":0,"href":"https:\/\/www.cnbb.org.br\/cnbb-app\/wp\/v2\/posts\/930877\/revisions"}],"wp:attachment":[{"href":"https:\/\/www.cnbb.org.br\/cnbb-app\/wp\/v2\/media?parent=930877"}],"wp:term":[{"taxonomy":"category","embeddable":true,"href":"https:\/\/www.cnbb.org.br\/cnbb-app\/wp\/v2\/categories?post=930877"},{"taxonomy":"post_tag","embeddable":true,"href":"https:\/\/www.cnbb.org.br\/cnbb-app\/wp\/v2\/tags?post=930877"}],"curies":[{"name":"wp","href":"https:\/\/api.w.org\/{rel}","templated":true}]}}