{"id":930973,"date":"2022-09-27T11:44:12","date_gmt":"2022-09-27T14:44:12","guid":{"rendered":"https:\/\/www.cnbb.org.br\/?p=930973"},"modified":"2022-09-27T11:44:36","modified_gmt":"2022-09-27T14:44:36","slug":"as-espiritualidades-dos-cirios-de-nossa-senhora-de-nazare-em-relacao-a-educacao","status":"publish","type":"post","link":"https:\/\/www.cnbb.org.br\/as-espiritualidades-dos-cirios-de-nossa-senhora-de-nazare-em-relacao-a-educacao\/","title":{"rendered":"As espiritualidades dos c\u00edrios de Nossa Senhora de Nazar\u00e9 em rela\u00e7\u00e3o \u00e0 educa\u00e7\u00e3o"},"content":{"rendered":"<p style=\"text-align: right;\"><strong>Dom Vital Corbellini<br \/>\nBispo de Marab\u00e1 (PA)<\/strong><\/p>\n<p>&nbsp;<\/p>\n<p style=\"text-align: right;\"><strong> \u00a0<\/strong><\/p>\n<p style=\"text-align: justify;\"><span data-contrast=\"auto\">As espiritualidades dos c\u00edrios de Nossa Senhora de Nazar\u00e9 indicam a import\u00e2ncia destes acontecimentos eclesiais e espirituais que s\u00e3o os pr\u00f3prios c\u00edrios, suas caminhadas que est\u00e3o sendo realizadas em Marab\u00e1 e em outras par\u00f3quias de nossa regi\u00e3o, Sul e Sudeste do Par\u00e1. Elas levam as pessoas a louvar a Deus por intercess\u00e3o de Maria, a serva do Senhor. Como os temas s\u00e3o diversos, no entanto h\u00e1 uma unidade neste ano, pois eles giram ao redor da educa\u00e7\u00e3o, como tema fundamental, na qual ele liga-se \u00e0 Campanha da Fraternidade 2022 que diz que \u00e9 para falar com sabedoria e ensinar com amor (Cfr. Pr 31,26). A educa\u00e7\u00e3o liga-se \u00e0 Maria, porque ela educou o Nosso Senhor na sua inf\u00e2ncia, juventude.\u00a0<\/span><span data-ccp-props=\"{&quot;201341983&quot;:0,&quot;335551550&quot;:6,&quot;335551620&quot;:6,&quot;335559739&quot;:200,&quot;335559740&quot;:276}\">\u00a0<\/span><\/p>\n<p style=\"text-align: justify;\"><span data-contrast=\"auto\">O m\u00eas de setembro est\u00e1 terminando de modo que logo mais vem o m\u00eas de outubro, o tempo dos c\u00edrios de Nossa Senhora de Nazar\u00e9. O tempo \u00e9 de gra\u00e7a e de louvor a Deus por Maria. A imagem peregrina de Nossa Senhora de Nazar\u00e9 est\u00e1 percorrendo as comunidades e as par\u00f3quias da cidade de Marab\u00e1, PA. Os c\u00edrios fazem parte do Estado do Par\u00e1, de uma forma bem caracter\u00edstica, como momentos fortes de espiritualidade mariana e cristol\u00f3gica. A seguir veremos os temas de alguns c\u00edrios e os s\u00edmbolos que s\u00e3o programados para serem aprofundados e assim perceber as suas espiritualidades.\u00a0<\/span><span data-ccp-props=\"{&quot;201341983&quot;:0,&quot;335551550&quot;:6,&quot;335551620&quot;:6,&quot;335559731&quot;:708,&quot;335559739&quot;:200,&quot;335559740&quot;:276}\">\u00a0<\/span><\/p>\n<p style=\"text-align: justify;\"><span data-contrast=\"auto\">Maria, M\u00e3e Educadora do Amor.\u00a0<\/span><span data-ccp-props=\"{&quot;201341983&quot;:0,&quot;335551550&quot;:6,&quot;335551620&quot;:6,&quot;335559731&quot;:708,&quot;335559739&quot;:200,&quot;335559740&quot;:276}\">\u00a0<\/span><\/p>\n<p style=\"text-align: justify;\"><span data-contrast=\"auto\">\u201cMaria, M\u00e3e Educadora do amor\u201d. Este \u00e9 o tema do C\u00edrio Mariano na cidade de Marab\u00e1, 2022, referente \u00e0 educa\u00e7\u00e3o, como gra\u00e7a de Deus e como miss\u00e3o. Maria educou o seu Filho adotivo, Jesus Cristo nas no\u00e7\u00f5es de vida e das Sagradas Escrituras. Maria foi uma pessoa educadora que sempre se colocou numa atitude de servi\u00e7o, de orienta\u00e7\u00e3o para as pessoas, sobretudo com Jesus. Ela proporcionou, estimulou o primeiro milagre de Jesus, transformando a \u00e1gua em vinho. Quando o vinho veio a faltar na festa de matrim\u00f4nio em Can\u00e1 da Galil\u00e9ia ela dirigiu-se logo a Jesus para que pudesse fazer o milagre, pois eles, os noivos e os convidados n\u00e3o tinham mais vinho. Jesus transformou a \u00e1gua em vinho e o vinho melhor veio no fim (cfr. Jo 2, 1-11). Jesus \u00e9 o vinho novo, que d\u00e1 sabor a todas as coisas. Maria \u00e9 m\u00e3e educadora do amor.\u00a0<\/span><span data-ccp-props=\"{&quot;201341983&quot;:0,&quot;335551550&quot;:6,&quot;335551620&quot;:6,&quot;335559731&quot;:708,&quot;335559739&quot;:200,&quot;335559740&quot;:276}\">\u00a0<\/span><\/p>\n<p style=\"text-align: justify;\"><span data-contrast=\"auto\">A educa\u00e7\u00e3o \u00e9 o tema b\u00e1sico da Campanha da Fraternidade 2022: \u201cFala com sabedoria, ensina com amor\u201d (cfr. Pr 31,26). Educar \u00e9 um ato humano porque sempre as pessoas buscam novos conhecimentos e h\u00e1 uma sede de aprender e ensinar. Educar \u00e9 uma a\u00e7\u00e3o divina. Jesus \u00e9 o grande educador pelas palavras, a\u00e7\u00f5es, milagres, encontros com as pessoas. Educa\u00e7\u00e3o \u00e9 conduzir e acompanhar a pessoa para sair do n\u00e3o saber rumo \u00e0 consci\u00eancia de si mesma, e do mundo em que vive. A pessoa deve dialogar para ser levada a s\u00e9rio, ser escutada e amada. A fam\u00edlia \u00e9 chamada educar os seus filhos e as suas filhas. Nenhuma legisla\u00e7\u00e3o moderna n\u00e3o pode substituir a influ\u00eancia do lar. A igreja sempre valorizou a ci\u00eancia e o conhecimento na qual participam da obra da cria\u00e7\u00e3o. A sociedade violenta necessita de uma ensino melhor, valoriza\u00e7\u00e3o das coisas e dos seres humanos, do que simples objetivos utilit\u00e1rios.\u00a0<\/span><span data-ccp-props=\"{&quot;201341983&quot;:0,&quot;335551550&quot;:6,&quot;335551620&quot;:6,&quot;335559731&quot;:708,&quot;335559739&quot;:200,&quot;335559740&quot;:276}\">\u00a0<\/span><\/p>\n<p style=\"text-align: justify;\"><span data-contrast=\"auto\">Maria apareceu como a m\u00e3e educadora do amor. Ela foi a mulher que educou Jesus de Nazar\u00e9, como o grande educador de toda a hist\u00f3ria humana. Maria leva este t\u00edtulo porque educou quem nos faz educados, amados uns com os outros. Ela \u00e9 M\u00e3e, porque disse sim ao plano de Deus de conceber na carne, o Filho de Deus por obra do Esp\u00edrito Santo. Ela \u00e9 educadora, porque esteve ao lado de seu Filho Jesus Cristo, educando-o nas palavras divinas e humanas. Ela viveu o amor a Deus, ao pr\u00f3ximo como a si mesmo.\u00a0<\/span><span data-ccp-props=\"{&quot;201341983&quot;:0,&quot;335551550&quot;:6,&quot;335551620&quot;:6,&quot;335559731&quot;:708,&quot;335559739&quot;:200,&quot;335559740&quot;:276}\">\u00a0<\/span><\/p>\n<p style=\"text-align: justify;\"><span data-contrast=\"auto\">Maria, mestra do amor<\/span><span data-ccp-props=\"{&quot;201341983&quot;:2,&quot;335551550&quot;:6,&quot;335551620&quot;:6,&quot;335559731&quot;:360,&quot;335559739&quot;:0,&quot;335559740&quot;:319}\">\u00a0<\/span><\/p>\n<p style=\"text-align: justify;\"><span data-contrast=\"auto\">Este ser\u00e1 o tema do C\u00edrio de Nossa Senhor de Nazar\u00e9 de Parauapebas. O tema tamb\u00e9m est\u00e1 ligado \u00e0 Campanha da Fraternidade 2022 que fala sobre a educa\u00e7\u00e3o. As pessoas s\u00e3o chamadas a seguir Maria que levar\u00e1 os pedidos ao seu Filho, Jesus Cristo.\u00a0<\/span><span data-ccp-props=\"{&quot;201341983&quot;:2,&quot;335551550&quot;:6,&quot;335551620&quot;:6,&quot;335559731&quot;:360,&quot;335559739&quot;:0,&quot;335559740&quot;:319}\">\u00a0<\/span><\/p>\n<p style=\"text-align: justify;\"><span data-contrast=\"auto\">A espiritualidade refere-se \u00e0 Maria com o t\u00edtulo de Mestra, de pessoa que conduz a verdade, a Jesus Cristo, estando ao seu lado na vida p\u00fablica e na cruz. Ela \u00e9 mestra no sentido de conduzir os seus filhos e filhas para Jesus Cristo, Filho de Deus e Verbo encarnado. Jesus \u00e9 o mestre por excel\u00eancia porque como dizem os evangelhos, ele ensinava com autoridade e n\u00e3o como os mestres da Lei, que n\u00e3o ensinavam com autoridade (Mc 1,22). Maria segue a Jesus como a mestra do amor, como aquela que fez sempre a vontade do Pai. O c\u00edrio ser\u00e1 uma oportunidade para o crescimento da f\u00e9, da esperan\u00e7a e da caridade.\u00a0<\/span><span data-ccp-props=\"{&quot;201341983&quot;:2,&quot;335551550&quot;:6,&quot;335551620&quot;:6,&quot;335559731&quot;:360,&quot;335559739&quot;:0,&quot;335559740&quot;:319}\">\u00a0<\/span><\/p>\n<p style=\"text-align: justify;\"><span data-contrast=\"auto\">A corda da berlinda.<\/span><span data-ccp-props=\"{&quot;201341983&quot;:0,&quot;335551550&quot;:6,&quot;335551620&quot;:6,&quot;335559731&quot;:708,&quot;335559739&quot;:200,&quot;335559740&quot;:276}\">\u00a0<\/span><\/p>\n<p style=\"text-align: justify;\"><span data-contrast=\"auto\">\u00c9<\/span><span data-contrast=\"auto\"> outro s\u00edmbolo do C\u00edrio de Nossa Senhora de Nazar\u00e9, tendo a fun\u00e7\u00e3o de ligar o fiel \u00e0 berlinda, \u00e0 imagem de Nossa Senhora de Nazar\u00e9. As pessoas andam nas ruas agarradas com as m\u00e3os \u00e0 corda da berlinda, sendo um acontecimento muito bonito, muito fervoroso. Muitas pessoas est\u00e3o descal\u00e7as, mas est\u00e3o agarradas<\/span><span data-contrast=\"auto\"> \u00e0 corda da berlinda. Uma vez que n\u00e3o \u00e9 poss\u00edvel aproximar-se da <\/span><span data-contrast=\"auto\">berlinda, devida \u00e0 multid\u00e3o, os fieis o fazem atrav\u00e9s da corda da berlinda, que \u00e9 uma unidade com Nossa Senhora, com o seu Filho Jesus Cristo.\u00a0<\/span><span data-ccp-props=\"{&quot;201341983&quot;:0,&quot;335551550&quot;:6,&quot;335551620&quot;:6,&quot;335559731&quot;:708,&quot;335559739&quot;:200,&quot;335559740&quot;:276}\">\u00a0<\/span><\/p>\n<p style=\"text-align: justify;\"><span data-contrast=\"auto\">As ora\u00e7\u00f5es e os c\u00e2nticos.<\/span><span data-ccp-props=\"{&quot;201341983&quot;:0,&quot;335551550&quot;:6,&quot;335551620&quot;:6,&quot;335559731&quot;:708,&quot;335559739&quot;:200,&quot;335559740&quot;:276}\">\u00a0<\/span><\/p>\n<p style=\"text-align: justify;\"><span data-contrast=\"auto\">S\u00e3o outras formas de espiritualidade mariana proveniente do C\u00edrio. Ao longo da caminhada nas ruas, a coordena\u00e7\u00e3o do C\u00edrio reza o ter\u00e7o, os mist\u00e9rios do ros\u00e1rio, fazendo suplicas ao Senhor Jesus Cristo e \u00e0 Virgem Maria. As pessoas est\u00e3o caminhando para o c\u00edrio e tamb\u00e9m rezando, porque todos necessitam de gra\u00e7as para o prosseguimento da caminhada. Os fieis nas ruas cantam melodias a respeito de Nossa Senhora de Nazar\u00e9. Tudo isso \u00e9 muito bonito, porque o povo manifesta pela voz, a sua f\u00e9, a sua devo\u00e7\u00e3o a Maria, a Jesus.\u00a0 Os fieis pedem for\u00e7as a Maria para testemunhar o amor de Deus na fam\u00edlia, na comunidade e na sociedade.<\/span><span data-ccp-props=\"{&quot;201341983&quot;:0,&quot;335551550&quot;:6,&quot;335551620&quot;:6,&quot;335559731&quot;:708,&quot;335559739&quot;:200,&quot;335559740&quot;:276}\">\u00a0<\/span><\/p>\n<p style=\"text-align: justify;\"><span data-contrast=\"auto\">A caminhada nas ruas.<\/span><span data-ccp-props=\"{&quot;201341983&quot;:0,&quot;335551550&quot;:6,&quot;335551620&quot;:6,&quot;335559731&quot;:708,&quot;335559739&quot;:200,&quot;335559740&quot;:276}\">\u00a0<\/span><\/p>\n<p style=\"text-align: justify;\"><span data-contrast=\"auto\">A caminhada nas ruas d\u00e1 uma conota\u00e7\u00e3o de espiritualidade forte, porque o povo reza o ter\u00e7o, canta louvores a Maria, ao Senhor Jesus e caminha com muita devo\u00e7\u00e3o. Nas visitas \u00e0s comunidades e par\u00f3quias colocam-se a beleza da visita da imagem de Nossa Senhora de Nazar\u00e9 com muita alegria e com muito amor. O povo sai de suas casas para rezar com Nossa Senhora. Algumas pessoas colocam-se de joelhos para agradecer a Maria os dons recebidos, pedir novas gra\u00e7as.\u00a0<\/span><span data-ccp-props=\"{&quot;201341983&quot;:0,&quot;335551550&quot;:6,&quot;335551620&quot;:6,&quot;335559731&quot;:708,&quot;335559739&quot;:200,&quot;335559740&quot;:276}\">\u00a0<\/span><\/p>\n<p style=\"text-align: justify;\"><span data-contrast=\"auto\">As missas celebradas.<\/span><span data-ccp-props=\"{&quot;201341983&quot;:0,&quot;335551550&quot;:6,&quot;335551620&quot;:6,&quot;335559731&quot;:708,&quot;335559739&quot;:200,&quot;335559740&quot;:276}\">\u00a0<\/span><\/p>\n<p style=\"text-align: justify;\"><span data-contrast=\"auto\">As missas celebradas realizam-se na comunidade, par\u00f3quia. O momento \u00e9 bonito, porque segue a liturgia do dia, cantam-se os c\u00e2nticos de Nossa Senhora de Nazar\u00e9, e as pessoas vivem a sua f\u00e9 com muita alegria e amor a Deus Uno e Trino por intercess\u00e3o de Maria Sant\u00edssima. \u00c9 a vida do povo de Deus que \u00e9 celebrada em vista da f\u00e9, da esperan\u00e7a e da caridade.\u00a0<\/span><span data-ccp-props=\"{&quot;201341983&quot;:0,&quot;335551550&quot;:6,&quot;335551620&quot;:6,&quot;335559731&quot;:708,&quot;335559739&quot;:200,&quot;335559740&quot;:276}\">\u00a0<\/span><\/p>\n<p style=\"text-align: justify;\"><span data-contrast=\"auto\">C\u00edrio Mission\u00e1rio.<\/span><span data-ccp-props=\"{&quot;201341983&quot;:0,&quot;335551550&quot;:6,&quot;335551620&quot;:6,&quot;335559731&quot;:708,&quot;335559739&quot;:200,&quot;335559740&quot;:276}\">\u00a0<\/span><\/p>\n<p style=\"text-align: justify;\"><span data-contrast=\"auto\">Este acontecimento \u00e9 importante, pois se tratam de visitas \u00e0s fam\u00edlias, levando a mensagem do Senhor, com a ben\u00e7\u00e3o na casa pelas pessoas da comunidade, leigos e leigas, sacerdotes, religiosas, a servi\u00e7o da evangeliza\u00e7\u00e3o. As pessoas recebem com alegria e com amor os mission\u00e1rios e mission\u00e1rias em suas casas e atrav\u00e9s da ora\u00e7\u00e3o tudo se proceda com o esp\u00edrito evang\u00e9lico no seguimento a Jesus.\u00a0<\/span><span data-ccp-props=\"{&quot;201341983&quot;:0,&quot;335551550&quot;:6,&quot;335551620&quot;:6,&quot;335559731&quot;:708,&quot;335559739&quot;:200,&quot;335559740&quot;:276}\">\u00a0<\/span><\/p>\n<p style=\"text-align: justify;\"><span data-contrast=\"auto\">O dia do C\u00edrio.<\/span><span data-ccp-props=\"{&quot;201341983&quot;:0,&quot;335551550&quot;:6,&quot;335551620&quot;:6,&quot;335559731&quot;:708,&quot;335559739&quot;:200,&quot;335559740&quot;:276}\">\u00a0<\/span><\/p>\n<p style=\"text-align: justify;\"><span data-contrast=\"auto\">\u00c9 o momento esperado com f\u00e9 e amor a missa do C\u00edrio de Nossa Senhora de Nazar\u00e9 na catedral onde o bispo juntamente com os sacerdotes da cidade e regi\u00e3o celebram a eucaristia, com \u00f3tima participa\u00e7\u00e3o popular, e em seguida d\u00e1-se a caminhada at\u00e9 o santu\u00e1rio Nossa Senhora<\/span><span data-contrast=\"auto\"> de Nazar\u00e9, na folha dezesseis. S\u00e3o mais de sete kms a p\u00e9. \u00c9 uma caminhada cheia de simbolismos, de participa\u00e7\u00e3o do povo de Deus naquela multid\u00e3o imensa, mais de duzentas mil pessoas caminhando rumo ao santu\u00e1rio. O povo vai rezando, muitas pessoas est\u00e3o agarradas na corda da berlinda, outros caminham descal\u00e7os, outros fazem a caminhada com muita devo\u00e7\u00e3o e amor. Quando a berlinda chega <\/span><span data-contrast=\"auto\">\u00e0<\/span><span data-contrast=\"auto\"> metade do bambuzal na sa\u00edda da Marab\u00e1 Pioneira as pessoas ficam de joelhos e pedem perd\u00e3o ao Senhor pelas faltas cometidas, e prometem uma vida nova para o ano at\u00e9 a chegada do novo c\u00edrio de Nossa Senhora de Nazar\u00e9. Quando a berlinda chega \u00e0 folha dezesseis haver\u00e1 a missa de encerramento do c\u00edrio de Nossa Senhora de Nazar\u00e9, perto do meio dia. \u00c9 um outro momento forte de vida e de f\u00e9, de amor a Nossa Senhora e ao seu Filho Jesus Cristo.\u00a0<\/span><span data-ccp-props=\"{&quot;201341983&quot;:0,&quot;335551550&quot;:6,&quot;335551620&quot;:6,&quot;335559731&quot;:708,&quot;335559739&quot;:200,&quot;335559740&quot;:276}\">\u00a0<\/span><\/p>\n<p style=\"text-align: justify;\"><span data-contrast=\"auto\">Estes momentos s\u00e3o importantes para a espiritualidade do c\u00edrios de nossa Senhora de Nazar\u00e9 em Marab\u00e1. Louvemos a Deus Uno e Trino pelo C<\/span><span data-contrast=\"auto\">\u00edrio de Nossa Senhora de Nazar\u00e9.<\/span><span data-ccp-props=\"{&quot;201341983&quot;:0,&quot;335551550&quot;:6,&quot;335551620&quot;:6,&quot;335559731&quot;:708,&quot;335559739&quot;:200,&quot;335559740&quot;:276}\">\u00a0<\/span><\/p>\n","protected":false},"excerpt":{"rendered":"<p>Dom Vital Corbellini Bispo de Marab\u00e1 (PA) &nbsp; \u00a0 As espiritualidades dos c\u00edrios de Nossa Senhora de Nazar\u00e9 indicam a import\u00e2ncia destes acontecimentos eclesiais e espirituais que s\u00e3o os pr\u00f3prios c\u00edrios, suas caminhadas que est\u00e3o sendo realizadas em Marab\u00e1 e em outras par\u00f3quias de nossa regi\u00e3o, Sul e Sudeste do Par\u00e1. Elas levam as pessoas &hellip;<\/p>\n<p class=\"read-more\"> <a class=\"\" href=\"https:\/\/www.cnbb.org.br\/as-espiritualidades-dos-cirios-de-nossa-senhora-de-nazare-em-relacao-a-educacao\/\"> <span class=\"screen-reader-text\">As espiritualidades dos c\u00edrios de Nossa Senhora de Nazar\u00e9 em rela\u00e7\u00e3o \u00e0 educa\u00e7\u00e3o<\/span> Leia mais &raquo;<\/a><\/p>\n","protected":false},"author":16,"featured_media":0,"comment_status":"open","ping_status":"open","sticky":false,"template":"","format":"standard","meta":{"site-sidebar-layout":"default","site-content-layout":"default","ast-global-header-display":"","ast-banner-title-visibility":"","ast-main-header-display":"","ast-hfb-above-header-display":"","ast-hfb-below-header-display":"","ast-hfb-mobile-header-display":"","site-post-title":"","ast-breadcrumbs-content":"","ast-featured-img":"","footer-sml-layout":"","theme-transparent-header-meta":"default","adv-header-id-meta":"","stick-header-meta":"","header-above-stick-meta":"","header-main-stick-meta":"","header-below-stick-meta":""},"categories":[758],"tags":[],"acf":[],"_links":{"self":[{"href":"https:\/\/www.cnbb.org.br\/cnbb-app\/wp\/v2\/posts\/930973"}],"collection":[{"href":"https:\/\/www.cnbb.org.br\/cnbb-app\/wp\/v2\/posts"}],"about":[{"href":"https:\/\/www.cnbb.org.br\/cnbb-app\/wp\/v2\/types\/post"}],"author":[{"embeddable":true,"href":"https:\/\/www.cnbb.org.br\/cnbb-app\/wp\/v2\/users\/16"}],"replies":[{"embeddable":true,"href":"https:\/\/www.cnbb.org.br\/cnbb-app\/wp\/v2\/comments?post=930973"}],"version-history":[{"count":0,"href":"https:\/\/www.cnbb.org.br\/cnbb-app\/wp\/v2\/posts\/930973\/revisions"}],"wp:attachment":[{"href":"https:\/\/www.cnbb.org.br\/cnbb-app\/wp\/v2\/media?parent=930973"}],"wp:term":[{"taxonomy":"category","embeddable":true,"href":"https:\/\/www.cnbb.org.br\/cnbb-app\/wp\/v2\/categories?post=930973"},{"taxonomy":"post_tag","embeddable":true,"href":"https:\/\/www.cnbb.org.br\/cnbb-app\/wp\/v2\/tags?post=930973"}],"curies":[{"name":"wp","href":"https:\/\/api.w.org\/{rel}","templated":true}]}}