{"id":931076,"date":"2022-09-28T11:35:59","date_gmt":"2022-09-28T14:35:59","guid":{"rendered":"https:\/\/www.cnbb.org.br\/?p=931076"},"modified":"2022-09-28T11:35:59","modified_gmt":"2022-09-28T14:35:59","slug":"preparacao-ad-limina-leste-2-leste-3","status":"publish","type":"post","link":"https:\/\/www.cnbb.org.br\/preparacao-ad-limina-leste-2-leste-3\/","title":{"rendered":"Bispos de Minas Gerais e do Esp\u00edrito Santo se preparam para a visita Ad Limina Apostolorum"},"content":{"rendered":"<p class=\"x_x_x_MsoNormal x_x_elementToProof\">Os bispos dos Regionais Leste 2 (Minas Gerais) e Leste 3 (Esp\u00edrito Santo) da Confer\u00eancia Nacional dos Bispos do Brasil (CNBB) se preparam para a <b>Visita Ad Limina Apostolorum,<\/b> que ser\u00e1 realizada entre os dias 17 e 26 de outubro, em Roma, na It\u00e1lia. A agenda reunir\u00e1 uma comitiva de 32 prelados, que ter\u00e3o audi\u00eancia com Papa Francisco, al\u00e9m de peregrina\u00e7\u00e3o aos t\u00famulos dos ap\u00f3stolos Pedro e Paulo e visitas aos departamentos que integram a C\u00faria Romana, os Dicast\u00e9rios e Secretarias.<\/p>\n<p class=\"x_x_x_MsoNormal\"><b>Encontro com o Papa Francisco<\/b><\/p>\n<p class=\"x_x_x_MsoNormal\">Um dos momentos mais esperados da atividade \u00e9 o encontro com o Papa Francisco, no dia 20 de outubro. Na visita, os bispos apresentar\u00e3o o relat\u00f3rio pastoral das (arqui)dioceses, enviado meses antes. Esse documento abrange as quest\u00f5es administrativas, o minist\u00e9rio episcopal, o funcionamento da C\u00faria Diocesana, a vida dos sacerdotes, a situa\u00e7\u00e3o dos semin\u00e1rios e das voca\u00e7\u00f5es, congrega\u00e7\u00f5es religiosas, as celebra\u00e7\u00f5es lit\u00fargicas, os minist\u00e9rios leigos, a catequese, as escolas cat\u00f3licas, as pastorais e movimentos, as rela\u00e7\u00f5es ecum\u00eanicas, a presen\u00e7a da Igreja nos meios de comunica\u00e7\u00e3o e o relacionamento com o poder p\u00fablico, entre outras quest\u00f5es.<\/p>\n<p class=\"x_x_x_MsoNormal x_x_elementToProof\">O momento, em Roma, ainda proporcionar\u00e1 a partilha dos desafios e das experi\u00eancias pastorais das (arqui)dioceses dos dois Regionais e da Igreja no Brasil, recebendo assim orienta\u00e7\u00f5es e palavras de motiva\u00e7\u00e3o do sucessor de Pedro. No grupo tamb\u00e9m estar\u00e1 o arcebispo de Goi\u00e2nia, dom Jo\u00e3o Justino de Medeiros Silva, que nos \u00faltimos anos foi arcebispo de Montes Claros (MG).<\/p>\n<p>&nbsp;<\/p>\n","protected":false},"excerpt":{"rendered":"<p>Os bispos dos Regionais Leste 2 (Minas Gerais) e Leste 3 (Esp\u00edrito Santo) da Confer\u00eancia Nacional dos Bispos do Brasil (CNBB) se preparam para a Visita Ad Limina Apostolorum, que ser\u00e1 realizada entre os dias 17 e 26 de outubro, em Roma, na It\u00e1lia. A agenda reunir\u00e1 uma comitiva de 32 prelados, que ter\u00e3o audi\u00eancia &hellip;<\/p>\n<p class=\"read-more\"> <a class=\"\" href=\"https:\/\/www.cnbb.org.br\/preparacao-ad-limina-leste-2-leste-3\/\"> <span class=\"screen-reader-text\">Bispos de Minas Gerais e do Esp\u00edrito Santo se preparam para a visita Ad Limina Apostolorum<\/span> Leia mais &raquo;<\/a><\/p>\n","protected":false},"author":38,"featured_media":931093,"comment_status":"open","ping_status":"open","sticky":false,"template":"","format":"standard","meta":{"site-sidebar-layout":"default","site-content-layout":"default","ast-global-header-display":"","ast-banner-title-visibility":"","ast-main-header-display":"","ast-hfb-above-header-display":"","ast-hfb-below-header-display":"","ast-hfb-mobile-header-display":"","site-post-title":"","ast-breadcrumbs-content":"","ast-featured-img":"","footer-sml-layout":"","theme-transparent-header-meta":"default","adv-header-id-meta":"","stick-header-meta":"","header-above-stick-meta":"","header-main-stick-meta":"","header-below-stick-meta":""},"categories":[778],"tags":[2396,4141],"acf":[],"_links":{"self":[{"href":"https:\/\/www.cnbb.org.br\/cnbb-app\/wp\/v2\/posts\/931076"}],"collection":[{"href":"https:\/\/www.cnbb.org.br\/cnbb-app\/wp\/v2\/posts"}],"about":[{"href":"https:\/\/www.cnbb.org.br\/cnbb-app\/wp\/v2\/types\/post"}],"author":[{"embeddable":true,"href":"https:\/\/www.cnbb.org.br\/cnbb-app\/wp\/v2\/users\/38"}],"replies":[{"embeddable":true,"href":"https:\/\/www.cnbb.org.br\/cnbb-app\/wp\/v2\/comments?post=931076"}],"version-history":[{"count":0,"href":"https:\/\/www.cnbb.org.br\/cnbb-app\/wp\/v2\/posts\/931076\/revisions"}],"wp:featuredmedia":[{"embeddable":true,"href":"https:\/\/www.cnbb.org.br\/cnbb-app\/wp\/v2\/media\/931093"}],"wp:attachment":[{"href":"https:\/\/www.cnbb.org.br\/cnbb-app\/wp\/v2\/media?parent=931076"}],"wp:term":[{"taxonomy":"category","embeddable":true,"href":"https:\/\/www.cnbb.org.br\/cnbb-app\/wp\/v2\/categories?post=931076"},{"taxonomy":"post_tag","embeddable":true,"href":"https:\/\/www.cnbb.org.br\/cnbb-app\/wp\/v2\/tags?post=931076"}],"curies":[{"name":"wp","href":"https:\/\/api.w.org\/{rel}","templated":true}]}}