{"id":931094,"date":"2022-09-28T11:02:13","date_gmt":"2022-09-28T14:02:13","guid":{"rendered":"https:\/\/www.cnbb.org.br\/?p=931094"},"modified":"2022-09-28T11:03:32","modified_gmt":"2022-09-28T14:03:32","slug":"catolicos-e-catolicas-nas-eleicoes-de-2022","status":"publish","type":"post","link":"https:\/\/www.cnbb.org.br\/catolicos-e-catolicas-nas-eleicoes-de-2022\/","title":{"rendered":"Cat\u00f3licos e Cat\u00f3licas nas Elei\u00e7\u00f5es de 2022\u00a0"},"content":{"rendered":"<p style=\"text-align: right;\"><strong>Dom Jos\u00e9 Ionilton Lisboa de Oliveira<\/strong><br \/>\n<strong>Prelazia de Itacoatiara (AM)\u00a0<\/strong><\/p>\n<p><span data-ccp-props=\"{&quot;201341983&quot;:0,&quot;335551550&quot;:6,&quot;335551620&quot;:6,&quot;335559739&quot;:0,&quot;335559740&quot;:276}\">\u00a0<\/span><\/p>\n<p style=\"text-align: justify;\"><span data-contrast=\"none\">Entramos na semana que antecede o dia da vota\u00e7\u00e3o das Elei\u00e7\u00f5es de 2022. N\u00f3s vamos votar para escolher o Presidente da Rep\u00fablica do Brasil e o Governadores dos Estados e do Distrito Federal. Elegeremos, tamb\u00e9m, os que v\u00e3o nos representar nas Assembleias Legislativas dos Estados (Deputados\/Deputadas Estaduais), na C\u00e2mara Federal (Deputados\/Deputadas Federais) e Senadores e Senadoras.<\/span><span data-ccp-props=\"{&quot;201341983&quot;:0,&quot;335551550&quot;:6,&quot;335551620&quot;:6,&quot;335559739&quot;:0,&quot;335559740&quot;:276}\">\u00a0<\/span><\/p>\n<p style=\"text-align: justify;\"><span data-contrast=\"none\">Na elei\u00e7\u00e3o de 2018 escrevi alguns artigos sobre nosso compromisso como Cat\u00f3licos e Cat\u00f3licas diante deste direito\/dever de votar. Entre estes est\u00e1 o artigo \u201cProfeta Ezequiel e as li\u00e7\u00f5es para as Elei\u00e7\u00f5es\u201d, que publiquei na p\u00e1gina da CNBB, no espa\u00e7o dedicado aos \u201cArtigos dos Bispos\u201d. Convido voc\u00eas a relerem estes artigos na \u00edntegra (cf. <\/span><a href=\"http:\/\/www.cnbb.org.br\/artigos\"><span data-contrast=\"auto\">www.cnbb.org.br\/artigos<\/span><\/a><span data-contrast=\"auto\"> dos bispos<\/span><span data-contrast=\"none\">). No entanto, quero falar mais uma vez neste artigo para voc\u00eas meus irm\u00e3os cat\u00f3licos e minhas irm\u00e3s cat\u00f3licas sobre este momento importante que estamos vivendo em nosso pa\u00eds e em nossos Estados.\u00a0<\/span><span data-ccp-props=\"{&quot;201341983&quot;:0,&quot;335551550&quot;:6,&quot;335551620&quot;:6,&quot;335559739&quot;:0,&quot;335559740&quot;:276}\">\u00a0<\/span><\/p>\n<p style=\"text-align: justify;\"><span data-contrast=\"none\">Acreditamos, como o Papa Francisco, que\u202f<\/span><i><span data-contrast=\"none\">\u201ca pol\u00edtica<\/span><\/i><i><span data-contrast=\"none\"> \u00e9 uma sublime voca\u00e7\u00e3o, \u00e9 uma das formas mais preciosas da caridade, porque busca o bem comum\u201d (<\/span><\/i><i><span data-contrast=\"none\">Exorta\u00e7\u00e3o Apost\u00f3lica Evangelli Gaudim &#8211; A alegria do Evangelho, n\u00ba 205). <\/span><\/i><span data-contrast=\"none\">Segundo o Catecismo da nossa Igreja, este bem comum comporta tr\u00eas elementos essenciais:\u202f<\/span><i><span data-contrast=\"none\">respeito pela pessoa humana, bem-estar social e a paz (cf. n\u00bas. 1906 a 1909).<\/span><\/i><span data-ccp-props=\"{&quot;201341983&quot;:0,&quot;335551550&quot;:6,&quot;335551620&quot;:6,&quot;335559739&quot;:0,&quot;335559740&quot;:276}\">\u00a0<\/span><\/p>\n<p style=\"text-align: justify;\"><b><span data-contrast=\"none\">Princ\u00edpios que deve nos orientar em nossa atividade pol\u00edtica:<\/span><\/b><\/p>\n<p style=\"text-align: justify;\"><b style=\"font-style: inherit;\"><span data-contrast=\"none\">Participar e exercer nosso direito\/dever de VOTAR<\/span><\/b><\/p>\n<p style=\"text-align: justify;\"><span data-contrast=\"none\">N\u00f3s n\u00e3o devemos nos abster (deixar de comparecer), nem anular ou votar branco. Pensando no bem comum, objetivo maior de toda atividade pol\u00edtica, devemos escolher um entre os Projetos que nos foram apresentados para o Brasil e para o nosso Estado e votar. Analisando o resultado das elei\u00e7\u00f5es no segundo turno de 2018 no Brasil, vimos que 21,30% n\u00e3o votaram, 2,14% votaram branco e 7,43% anularam o voto (cf. <\/span><a href=\"http:\/\/www.tse.jus.br\/\" target=\"_blank\" rel=\"noopener\"><span data-contrast=\"auto\">www.tse.jus.br<\/span><\/a><span data-contrast=\"none\"> de 13 de fevereiro de 2019).\u00a0<\/span><span data-ccp-props=\"{&quot;201341983&quot;:0,&quot;335551550&quot;:6,&quot;335551620&quot;:6,&quot;335559739&quot;:0,&quot;335559740&quot;:276}\">\u00a0<\/span><\/p>\n<p style=\"text-align: justify;\"><span data-contrast=\"none\">\u00c9 verdade que o voto n\u00e3o esgota o exerc\u00edcio da cidadania, mas tem um valor fundamental para que consigamos manter o Brasil vivendo a democracia.<\/span><span data-contrast=\"none\"> O Conc\u00edlio Vaticano II assim nos orienta: \u201cLembrem-se, portanto, todos os cidad\u00e3os ao mesmo tempo do direito e do dever de usar livremente seu voto para promover o bem comum&#8221; (Gaudium et Spes, 75a).<\/span><span data-ccp-props=\"{&quot;201341983&quot;:0,&quot;335551550&quot;:6,&quot;335551620&quot;:6,&quot;335559739&quot;:0,&quot;335559740&quot;:276}\">\u00a0<\/span><\/p>\n<p style=\"text-align: justify;\"><span data-contrast=\"none\">A Igreja ao nos incentivar a exercer este nosso direito\/dever de votar, pede que nosso Voto seja:<\/span><span data-ccp-props=\"{&quot;201341983&quot;:0,&quot;335551550&quot;:6,&quot;335551620&quot;:6,&quot;335559739&quot;:0,&quot;335559740&quot;:276}\">\u00a0<\/span><\/p>\n<p><span data-contrast=\"none\">a) <\/span><b><span data-contrast=\"none\">CONSCIENTE<\/span><\/b><span data-contrast=\"none\">, ou seja, devemos saber em quem estamos votando, procurar conhecer os candidatos\/as, seus partidos, suas propostas para o Brasil, para o nosso Estado, a nossa regi\u00e3o);\u00a0<\/span><\/p>\n<p><span data-contrast=\"none\">b) <\/span><b><span data-contrast=\"none\">LIVRE<\/span><\/b><span data-contrast=\"none\">, ou seja, devemos votar em quem queremos e n\u00e3o em quem algu\u00e9m manda que votemos; devemos votar porque acreditamos na pessoa que estamos votando e nas suas propostas em vista do bem comum e jamais devemos vender o voto, porque voto n\u00e3o tem pre\u00e7o, tem consequ\u00eancia e porque vender e comprar voto \u00e9 crime pela lei 9840\/1999; diante da urna eletr\u00f4nica estamos sozinhos\/sozinhas, apenas n\u00f3s, nossa consci\u00eancia e Deus;<\/span><\/p>\n<p><span data-contrast=\"none\">c) <\/span><b><span data-contrast=\"none\">RESPONS\u00c1VEL<\/span><\/b><span data-contrast=\"none\">, ou seja, devemos<\/span> <span data-contrast=\"none\">votar sabendo que nosso voto pode ajudar a construir o bem comum, objetivo pr\u00f3prio da pol\u00edtica e n\u00e3o votar pensando em tirar vantagens pessoais, para nossa fam\u00edlia ou para nosso grupo de amigos e de amigas.<\/span><\/p>\n<p style=\"text-align: justify;\"><span data-contrast=\"none\">A Cartilha de Orienta\u00e7\u00e3o Pol\u00edtica da CNBB de 2018, afirmava que \u201cvotar nulo ou branco \u00e9 como a atitude de Pilatos, que lavou as m\u00e3os\u201d (cf. p\u00e1gina 20). O cat\u00f3lico e a cat\u00f3lica devem comparecer na se\u00e7\u00e3o eleitoral onde est\u00e1 inscrito e votar. N\u00e3o podemos pecar por omiss\u00e3o, n\u00e3o podemos fazer como Pilatos, lavar as m\u00e3os e deixar que Cristo continue sendo condenado a morte, nos que passam fome, est\u00e3o desempregados, n\u00e3o tem assist\u00eancia social, n\u00e3o tem atendimento justo de sa\u00fade, sofrem viol\u00eancias e discrimina\u00e7\u00f5es.<\/span><\/p>\n<p style=\"text-align: justify;\"><b style=\"font-style: inherit;\"><span data-contrast=\"none\">Recusar a quem nos incentiva a votar por revolta ou por \u00f3dio aos partidos e aos pol\u00edticos<\/span><\/b><\/p>\n<p style=\"text-align: justify;\"><span data-contrast=\"none\">Nossa Igreja nos ensina que devemos usar de nossa intelig\u00eancia na hora de votar. Isto significa que nosso voto, como j\u00e1 foi lembrado acima, deve ser dado com liberdade, consci\u00eancia e responsabilidade. Devemos Votar no candidato\/na candidata<\/span><span data-contrast=\"none\"> \u00e0 Presid\u00eancia e ao Governo do<\/span><span data-contrast=\"none\"> nosso Estado e para o Poder Legislativo estadual e federal que apresentem o melhor Projeto, ou seja, aquele projeto que promova o bem comum, respeite as diferen\u00e7as, distribua renda, invista em pol\u00edticas p\u00fablicas na \u00e1rea da sa\u00fade, educa\u00e7\u00e3o, seguran\u00e7a e saneamento b\u00e1sico.<\/span><span data-ccp-props=\"{&quot;201341983&quot;:0,&quot;335551550&quot;:6,&quot;335551620&quot;:6,&quot;335559739&quot;:0,&quot;335559740&quot;:276}\">\u00a0<\/span><\/p>\n<p style=\"text-align: justify;\"><span data-contrast=\"none\">Votar simplesmente para protestar contra partidos e pol\u00edticos pode nos fazer contribuir com a elei\u00e7\u00e3o de projetos e pessoas que pensam somente em si mesmos, em suas fam\u00edlias e em grupos de apoiadores. N\u00e3o podemos esquecer que o voto tem consequ\u00eancias.<\/span><\/p>\n<p style=\"text-align: justify;\"><b style=\"font-style: inherit;\"><span data-contrast=\"none\">Votar levando em conta os ensinamentos da Palavra de Deus, especialmente os ensinamentos de Jesus<\/span><\/b><\/p>\n<p style=\"text-align: justify;\"><span data-contrast=\"none\">Apresento agora alguns dos crit\u00e9rios, que brotam da Palavra de Deus e podem nos ajudar na escolha do Projeto de Governo para o Brasil e para nossos Estados:<\/span><span data-ccp-props=\"{&quot;201341983&quot;:0,&quot;335551550&quot;:6,&quot;335551620&quot;:6,&quot;335559739&quot;:0,&quot;335559740&quot;:276}\">\u00a0<\/span><\/p>\n<p style=\"text-align: justify;\"><span data-ccp-props=\"{&quot;201341983&quot;:0,&quot;335551550&quot;:6,&quot;335551620&quot;:6,&quot;335559739&quot;:0,&quot;335559740&quot;:276}\">\u00a0<\/span><b><span data-contrast=\"none\">a) Um Projeto fundamentado no amor<\/span><\/b><\/p>\n<p style=\"text-align: justify;\"><i><span data-contrast=\"none\">\u201cEu dou a voc\u00eas um mandamento novo: amem-se uns aos outros, assim como eu amei voc\u00eas\u201d (Jo 13, 34).<\/span><\/i> <i><span data-contrast=\"none\">\u201cO amor \u00e9 o pleno cumprimento da lei\u201d (Rm 13, 10).<\/span><\/i><span data-ccp-props=\"{&quot;201341983&quot;:0,&quot;335551550&quot;:6,&quot;335551620&quot;:6,&quot;335559739&quot;:0,&quot;335559740&quot;:276}\">\u00a0<\/span><\/p>\n<p style=\"text-align: justify;\"><span data-contrast=\"none\">Quem prop\u00f5e a\u00e7\u00f5es contr\u00e1rias ao amor, foge da proposta de Jesus e n\u00e3o merece o nosso voto. Portanto, quem defende a pena de morte e o uso indiscriminado de armas de fogo, quem propaga o \u00f3dio e a persegui\u00e7\u00e3o aos que pensam diferente, quem ofende as mulheres, os negros, os ind\u00edgenas, os pobres n\u00e3o merece o nosso voto.\u00a0<\/span><span data-ccp-props=\"{&quot;201341983&quot;:0,&quot;335551550&quot;:6,&quot;335551620&quot;:6,&quot;335559739&quot;:0,&quot;335559740&quot;:276}\">\u00a0<\/span><\/p>\n<p style=\"text-align: justify;\"><span data-ccp-props=\"{&quot;201341983&quot;:0,&quot;335551550&quot;:6,&quot;335551620&quot;:6,&quot;335559739&quot;:0,&quot;335559740&quot;:276}\">\u00a0<\/span><b><span data-contrast=\"none\">b) Um Projeto fundamentado no perd\u00e3o e na miseric\u00f3rdia<\/span><\/b><\/p>\n<p style=\"text-align: justify;\"><i><span data-contrast=\"none\">\u201cVoc\u00eas ouviram o que foi dito: \u2018olho por olho e dente por dente\u2019. Eu, por\u00e9m, lhes digo: n\u00e3o se vinguem de quem fez o mal a voc\u00eas\u201d (Mt 5, 38-39).<\/span><\/i> <i><span data-contrast=\"none\">\u201cN\u00e3o paguem a ningu\u00e9m o mal com o mal\u2026 N\u00e3o fa\u00e7am justi\u00e7a por pr\u00f3pria conta\u2026 N\u00e3o se deixe vencer pelo mal, mas ven\u00e7a o mal com o bem\u201d (Rm 12, 17.19.21).<\/span><\/i> <i><span data-contrast=\"none\">\u201cTodos voc\u00eas s\u00e3o irm\u00e3os\u201d (Mt 23, 8).<\/span><\/i><span data-ccp-props=\"{&quot;201341983&quot;:0,&quot;335551550&quot;:6,&quot;335551620&quot;:6,&quot;335559739&quot;:0,&quot;335559740&quot;:276}\">\u00a0<\/span><\/p>\n<p style=\"text-align: justify;\"><span data-contrast=\"none\">A situa\u00e7\u00e3o de viol\u00eancia a que somos afetados, refiro-me a todas as formas de viol\u00eancia (f\u00edsica, psicol\u00f3gica, priva\u00e7\u00e3o de direitos, silenciosa) n\u00e3o pode nos induzir a abra\u00e7ar a solu\u00e7\u00e3o f\u00e1cil da viol\u00eancia para superar a viol\u00eancia. Nossa Igreja diz n\u00e3o \u00e0 pena de morte oficial (aprovada por lei) ou indireta (feita por cada pessoa que porte uma arma de fogo). Esta falsa solu\u00e7\u00e3o somente faz aumentar a inseguran\u00e7a e a viol\u00eancia na sociedade, bem como somente os mais pobres, negros e grupos minorit\u00e1rios ser\u00e3o as v\u00edtimas e muitas vezes, v\u00edtimas injustas, fruto do preconceito.<\/span><span data-ccp-props=\"{&quot;201341983&quot;:0,&quot;335551550&quot;:6,&quot;335551620&quot;:6,&quot;335559739&quot;:0,&quot;335559740&quot;:276}\">\u00a0<\/span><\/p>\n<p style=\"text-align: justify;\"><span data-ccp-props=\"{&quot;201341983&quot;:0,&quot;335551550&quot;:6,&quot;335551620&quot;:6,&quot;335559739&quot;:0,&quot;335559740&quot;:276}\">\u00a0<\/span><b><span data-contrast=\"none\">c) Um Projeto fundamentado na promo\u00e7\u00e3o da VIDA, maior dom que Deus nos deu<\/span><\/b><\/p>\n<p style=\"text-align: justify;\"><i><span data-contrast=\"none\">\u201cEu vim para que tenham vida e a tenham em abund\u00e2ncia\u201d (Jo 10, 10).<\/span><\/i><span data-contrast=\"none\"> Vida desde a concep\u00e7\u00e3o, passando por todas as etapas, da crian\u00e7a que nasce, cresce, chega \u00e0 adolesc\u00eancia e \u00e0 juventude, chega a idade adulta e depois na velhice, morre naturalmente. Por isto nossa Igreja diz N\u00c3O a todas as formas de atentado \u00e0 vida humana: n\u00e3o ao aborto, n\u00e3o \u00e0 mortalidade infantil, n\u00e3o \u00e0 redu\u00e7\u00e3o da maioridade penal para nossos jovens, n\u00e3o \u00e0s injusti\u00e7as sociais que nega direitos e que produz morte em todas as idades, n\u00e3o a eutan\u00e1sia (a antecipa\u00e7\u00e3o da morte de idosos e enfermos com doen\u00e7as incur\u00e1veis).<\/span><span data-ccp-props=\"{&quot;201341983&quot;:0,&quot;335551550&quot;:6,&quot;335551620&quot;:6,&quot;335559739&quot;:0,&quot;335559740&quot;:276}\">\u00a0<\/span><\/p>\n<p style=\"text-align: justify;\"><span data-contrast=\"none\">Temos que votar no Projeto para o Brasil e para o nosso Estado que garanta sempre a vit\u00f3ria da vida e os direitos inalien\u00e1veis de toda pessoa humana: direito de nascer, de ter uma fam\u00edlia, de ter moradia, alimenta\u00e7\u00e3o, condi\u00e7\u00f5es de conservar e recuperar a sa\u00fade, acesso \u00e0 educa\u00e7\u00e3o de qualidade (da alfabetiza\u00e7\u00e3o at\u00e9 o ensino superior), trabalho com justa remunera\u00e7\u00e3o, liberdade religiosa, de express\u00e3o e de ir e vir; ter direito de escolher nossos representantes pelo voto direto e livre e de participar da vida pol\u00edtica do pa\u00eds, do estado e do munic\u00edpio; direito de organizar-se em associa\u00e7\u00f5es, sindicatos e ONGs para trabalharem pelo bem comum, direito a professar sua f\u00e9 livremente sem sofrer interfer\u00eancia do governo.<\/span><span data-ccp-props=\"{&quot;201341983&quot;:0,&quot;335551550&quot;:6,&quot;335551620&quot;:6,&quot;335559739&quot;:0,&quot;335559740&quot;:276}\">\u00a0<\/span><\/p>\n<p style=\"text-align: justify;\"><b><span data-contrast=\"none\">d) Um Projeto fundamentado no servi\u00e7o aos mais pobres<\/span><\/b><\/p>\n<p style=\"text-align: justify;\"><i><span data-contrast=\"none\">\u201cO Esp\u00edrito do Senhor est\u00e1 sobre mim, porque ele me consagrou com a un\u00e7\u00e3o para anunciar a Boa Not\u00edcia aos Pobres (Lc 4, 18).<\/span><\/i> <i><span data-contrast=\"none\">\u201cTodas as vezes que voc\u00eas fizeram isso a um dos menores de meus irm\u00e3os, foi a mim que o fizeram\u201d (Mt 25, 40).<\/span><\/i><span data-contrast=\"none\"> \u201cFizeram isso\u201d: com fome, demos de comer; com sede, demos de beber; estrangeiro, recebemos em casa; sem roupa, vestimos; doente e preso e fomos visitar. Disse Jesus: \u201cfoi a mim que o fizeram\u201d, numa clara op\u00e7\u00e3o de Jesus pelos pobres. Tiago, Pedro e Jo\u00e3o pediram a Paulo que se lembrasse dos pobres. Paulo declara:\u202f<\/span><i><span data-contrast=\"none\">\u201cIsso eu tenho procurado fazer com muito cuidado\u201d (Gl 2, 10).<\/span><\/i><span data-ccp-props=\"{&quot;201341983&quot;:0,&quot;335551550&quot;:6,&quot;335551620&quot;:6,&quot;335559739&quot;:0,&quot;335559740&quot;:276}\">\u00a0<\/span><\/p>\n<p style=\"text-align: justify;\"><span data-contrast=\"none\">Nosso voto tem que ser no Projeto para o Brasil e para nosso Estado que fa\u00e7a uma clara op\u00e7\u00e3o pelos pobres, exclu\u00eddos e marginalizados da sociedade e que garanta a supera\u00e7\u00e3o das desigualdades sociais entre pessoas, ra\u00e7as e regi\u00f5es. Seja um projeto para todos, mas que olhe de modo especial os empobrecidos e marginalizados de nossa sociedade.\u00a0<\/span><span data-ccp-props=\"{&quot;201341983&quot;:0,&quot;335551550&quot;:6,&quot;335551620&quot;:6,&quot;335559739&quot;:0,&quot;335559740&quot;:276}\">\u00a0<\/span><\/p>\n<p style=\"text-align: justify;\"><b style=\"font-style: inherit;\"><span data-contrast=\"none\">Um projeto que respeite o Meio Ambiente, nossos Biomas<\/span><\/b><\/p>\n<p style=\"text-align: justify;\"><span data-contrast=\"none\">Na hora de escolher o Projeto para o Brasil e para o nosso Estado, merece levar em considera\u00e7\u00e3o, um Projeto que respeite a natureza e se comprometa em preservar nossos biomas.<\/span> <span data-contrast=\"none\">Para n\u00f3s que vivemos na Amazonia brasileira, precisamos votar em quem no seu projeto se compromete com a preserva\u00e7\u00e3o de nossa Floresta, Rios, Lagos e Igarap\u00e9s, bem como garanta o respeito aos territ\u00f3rios e culturas dos povos ind\u00edgenas, quilombolas, ribeirinhos, pescadores artesanais e seringueiros.<\/span><span data-ccp-props=\"{&quot;201341983&quot;:0,&quot;335551550&quot;:6,&quot;335551620&quot;:6,&quot;335559739&quot;:0,&quot;335559740&quot;:276}\">\u00a0<\/span><\/p>\n<p style=\"text-align: justify;\"><span data-contrast=\"none\">A REPAM est\u00e1 nos propondo votar pela Amaz\u00f4nia. A Prelazia de Itacoatiara, onde procuro servir como bispo, abra\u00e7ou esta Campanha.<\/span><span data-ccp-props=\"{&quot;201341983&quot;:0,&quot;335551550&quot;:6,&quot;335551620&quot;:6,&quot;335559739&quot;:0,&quot;335559740&quot;:276}\">\u00a0<\/span><\/p>\n<p style=\"text-align: justify;\"><span data-contrast=\"none\">Quero propor a voc\u00ea que nos acompanha neste artigo: Vamos votar pela Amaz\u00f4nia? Isto vale para cidad\u00e3os e cidad\u00e3s de qualquer Estado do Brasil, quando for escolher em quem vai votar para Deputado\/Deputada Federal e para Senador\/Senadora. Vote pensando na Amaz\u00f4nia. Precisamos qualificar melhor o nosso Congresso Nacional, diminuindo o mais que se puder as bancadas da bola, da bala e do boi; diminuindo o chamado Centr\u00e3o, gente que vota contra o meio ambiente, contra nossos biomas, contra os povos ind\u00edgenas e quilombolas, gente que vota a favor da libera\u00e7\u00e3o de venenos para a agricultura, gente que recebe verba do or\u00e7amento secreto para votar sempre a favor do governo.<\/span><span data-ccp-props=\"{&quot;201341983&quot;:0,&quot;335551550&quot;:6,&quot;335551620&quot;:6,&quot;335559739&quot;:0,&quot;335559740&quot;:276}\">\u00a0<\/span><\/p>\n<p style=\"text-align: justify;\"><span data-contrast=\"none\">\u201cQueremos que a Amaz\u00f4nia continue sendo ber\u00e7o transbordante de beleza e diversidade, nosso jardim sagrado de vida. Para isso, precisamos eleger candidaturas comprometidas com o cuidado integral dos povos e territ\u00f3rios amaz\u00f4nicos. Nas elei\u00e7\u00f5es de outubro de 2022, temos o compromisso de refletir e escolher projetos que promovam a dignidade da pessoa humana, o enfretamento \u00e0 pobreza e as desigualdades sociais, o combate imediato \u00e0s mudan\u00e7as clim\u00e1ticas e a prote\u00e7\u00e3o da Amaz\u00f4nia, dos povos e comunidades tradicionais que l\u00e1 vivem. Junto com o Papa Francisco, sonhamos com uma Amaz\u00f4nia que \u2018lute pelos direitos dos mais pobres, dos povos nativos, dos \u00faltimos, de modo que a sua voz seja escutada e que sua dignidade seja promovida [\u2026] com uma Amaz\u00f4nia que preserve a riqueza cultural que a caracteriza e na qual brilha de maneira t\u00e3o variada a beleza humana [\u2026] com uma Amaz\u00f4nia que guarda zelosamente a sedutora beleza natural que a adorna, a vida transbordante que enche seus rios e as suas florestas\u2019 (Querida Amaz\u00f4nia, 07). Por amor \u00e0 vida, ao presente e ao futuro de todas as gera\u00e7\u00f5es: EU VOTO PELA AMAZ\u00d4NIA! Eu vou escolher candidatos e candidatas que v\u00e3o proteger a floresta, as cidades e os povos amaz\u00f4nicos\u201d (<\/span><a href=\"http:\/\/www.repam.org.br\/\" target=\"_blank\" rel=\"noopener\"><span data-contrast=\"auto\">www.repam.org.br<\/span><\/a><span data-contrast=\"none\">).<\/span><span data-ccp-props=\"{&quot;201341983&quot;:0,&quot;335551550&quot;:6,&quot;335551620&quot;:6,&quot;335559739&quot;:0,&quot;335559740&quot;:276}\">\u00a0<\/span><\/p>\n<p style=\"text-align: justify;\"><span data-contrast=\"none\">A REPAM em sua p\u00e1gina na internet faz esta pergunta: Por que votar pela Amaz\u00f4nia? E ela mesma nos ajuda a encontrar respostas claras e profundas que justificam VOTAR pela Amaz\u00f4nia. Compartilho algumas destas raz\u00f5es e motivos aqui neste nosso Artigo. Convido a voc\u00ea leitor\/leitora a refletir e decidir, tamb\u00e9m, votar pela Amaz\u00f4nia.\u00a0<\/span><span data-ccp-props=\"{&quot;201341983&quot;:0,&quot;335551550&quot;:6,&quot;335551620&quot;:6,&quot;335559739&quot;:0,&quot;335559740&quot;:276}\">\u00a0<\/span><\/p>\n<p style=\"text-align: justify;\"><span data-contrast=\"none\">Eu VOTO pela Amaz\u00f4nia por qu\u00ea?<\/span><span data-ccp-props=\"{&quot;201341983&quot;:0,&quot;335551550&quot;:6,&quot;335551620&quot;:6,&quot;335559739&quot;:0,&quot;335559740&quot;:276}\">\u00a0<\/span><\/p>\n<p style=\"text-align: justify;\"><span data-contrast=\"none\">&lt;&gt; Porque votar \u00e9 um compromisso crist\u00e3o de defesa do bem comum, da dignidade da pessoa humana e da promo\u00e7\u00e3o da justi\u00e7a social. Votar \u00e9 um gesto de amor, pela humanidade e por todos os seres;<\/span><span data-ccp-props=\"{&quot;201341983&quot;:0,&quot;335551550&quot;:6,&quot;335551620&quot;:6,&quot;335559739&quot;:0,&quot;335559740&quot;:276}\">\u00a0<\/span><\/p>\n<p style=\"text-align: justify;\"><span data-contrast=\"none\">&lt;&gt; Porque a Amaz\u00f4nia \u00e9 um santu\u00e1rio sagrado da vida. Na Amaz\u00f4nia, Deus revela a beleza de toda sua Cria\u00e7\u00e3o: \u00e1guas, matas, terras, p\u00e1ssaros, mulheres e homens, ind\u00edgenas, quilombolas, ribeirinhos, pescadores. Tudo \u00e9 vida, tudo \u00e9 sagrado e, por isso, deve ser guardado e cuidado;<\/span><span data-ccp-props=\"{&quot;201341983&quot;:0,&quot;335551550&quot;:6,&quot;335551620&quot;:6,&quot;335559739&quot;:0,&quot;335559740&quot;:276}\">\u00a0<\/span><\/p>\n<p style=\"text-align: justify;\"><span data-contrast=\"none\">&lt;&gt; Porque a vida de todo o planeta depende do equil\u00edbrio ambiental do bioma amaz\u00f4nico. A produ\u00e7\u00e3o de alimentos e o abastecimento de \u00e1gua, por exemplo, no Centro-Oeste, Sul e Sudeste do Brasil, dependem dos \u201crios-voadores\u201d (massas de \u00e1gua) que s\u00e3o originados na Amaz\u00f4nia;<\/span><span data-ccp-props=\"{&quot;201341983&quot;:0,&quot;335551550&quot;:6,&quot;335551620&quot;:6,&quot;335559739&quot;:0,&quot;335559740&quot;:276}\">\u00a0<\/span><\/p>\n<p style=\"text-align: justify;\"><span data-contrast=\"none\">&lt;&gt; Porque as presentes e as futuras gera\u00e7\u00f5es t\u00eam o direito de viver em um pa\u00eds com condi\u00e7\u00f5es ambientais saud\u00e1veis, e para isso a preserva\u00e7\u00e3o da Amaz\u00f4nia \u00e9 crucial. Para ter futuro, precisamos cuidar da Amaz\u00f4nia agora, no presente;<\/span><span data-ccp-props=\"{&quot;201341983&quot;:0,&quot;335551550&quot;:6,&quot;335551620&quot;:6,&quot;335559739&quot;:0,&quot;335559740&quot;:276}\">\u00a0<\/span><\/p>\n<p style=\"text-align: justify;\"><span data-contrast=\"none\">&lt;&gt; Porque queremos que os projetos de governo e as pol\u00edticas p\u00fablicas para os pr\u00f3ximos anos, apoiem as muitas iniciativas de agroecologia, economia solid\u00e1ria, produ\u00e7\u00e3o e consumo que respeitam a Amaz\u00f4nia. Essas experi\u00eancias mostram que podemos avan\u00e7ar para economias com foco na justi\u00e7a socioambiental;<\/span><span data-ccp-props=\"{&quot;201341983&quot;:0,&quot;335551550&quot;:6,&quot;335551620&quot;:6,&quot;335559739&quot;:0,&quot;335559740&quot;:276}\">\u00a0<\/span><\/p>\n<p style=\"text-align: justify;\"><span data-contrast=\"none\">&lt;&gt; Porque queremos fortalecer experi\u00eancias de justi\u00e7a econ\u00f4mica que sejam inspiradas no bem viver, na cosmovis\u00e3o dos povos amaz\u00f4nicos e na perman\u00eancia da floresta e dos povos em seus territ\u00f3rios.<\/span><span data-ccp-props=\"{&quot;201341983&quot;:0,&quot;335551550&quot;:6,&quot;335551620&quot;:6,&quot;335559739&quot;:0,&quot;335559740&quot;:276}\">\u00a0<\/span><\/p>\n<p style=\"text-align: justify;\"><b><span data-contrast=\"none\">Conclus\u00e3o<\/span><\/b><span data-ccp-props=\"{&quot;201341983&quot;:0,&quot;335551550&quot;:6,&quot;335551620&quot;:6,&quot;335559739&quot;:0,&quot;335559740&quot;:276}\">\u00a0<\/span><\/p>\n<p style=\"text-align: justify;\"><span data-contrast=\"none\">No decorrer desta semana que antecede a elei\u00e7\u00e3o, todos os dias, sozinho, com a fam\u00edlia, na sua Comunidade, Pastoral, Organismo, Grupo, Movimento, rezemos a ora\u00e7\u00e3o atribu\u00edda a Salom\u00e3o, que est\u00e1 no cap\u00edtulo 9 do Livro da Sabedoria, especialmente o vers\u00edculo 10:\u202f<\/span><i><span data-contrast=\"none\">\u201cManda a Sabedoria desde o c\u00e9u santo e a envia desde o teu trono glorioso, para que ela me acompanhe e participe de meus trabalhos, me ensine o que \u00e9 agrad\u00e1vel a ti\u201d<\/span><\/i><span data-contrast=\"none\">.<\/span><span data-ccp-props=\"{&quot;201341983&quot;:0,&quot;335551550&quot;:6,&quot;335551620&quot;:6,&quot;335559739&quot;:0,&quot;335559740&quot;:276}\">\u00a0<\/span><\/p>\n<p style=\"text-align: justify;\"><span data-contrast=\"none\">Claro, devemos rezar e deixar-nos guiar pela sabedoria divina na escolha do voto que vamos dar no dia 02 de outubro.<\/span><span data-ccp-props=\"{&quot;201341983&quot;:0,&quot;335551550&quot;:6,&quot;335551620&quot;:6,&quot;335559739&quot;:0,&quot;335559740&quot;:276}\">\u00a0<\/span><\/p>\n","protected":false},"excerpt":{"rendered":"<p>Dom Jos\u00e9 Ionilton Lisboa de Oliveira Prelazia de Itacoatiara (AM)\u00a0 \u00a0 Entramos na semana que antecede o dia da vota\u00e7\u00e3o das Elei\u00e7\u00f5es de 2022. N\u00f3s vamos votar para escolher o Presidente da Rep\u00fablica do Brasil e o Governadores dos Estados e do Distrito Federal. Elegeremos, tamb\u00e9m, os que v\u00e3o nos representar nas Assembleias Legislativas dos &hellip;<\/p>\n<p class=\"read-more\"> <a class=\"\" href=\"https:\/\/www.cnbb.org.br\/catolicos-e-catolicas-nas-eleicoes-de-2022\/\"> <span class=\"screen-reader-text\">Cat\u00f3licos e Cat\u00f3licas nas Elei\u00e7\u00f5es de 2022\u00a0<\/span> Leia mais &raquo;<\/a><\/p>\n","protected":false},"author":47,"featured_media":0,"comment_status":"open","ping_status":"open","sticky":false,"template":"","format":"standard","meta":{"site-sidebar-layout":"default","site-content-layout":"default","ast-global-header-display":"","ast-banner-title-visibility":"","ast-main-header-display":"","ast-hfb-above-header-display":"","ast-hfb-below-header-display":"","ast-hfb-mobile-header-display":"","site-post-title":"","ast-breadcrumbs-content":"","ast-featured-img":"","footer-sml-layout":"","theme-transparent-header-meta":"default","adv-header-id-meta":"","stick-header-meta":"","header-above-stick-meta":"","header-main-stick-meta":"","header-below-stick-meta":""},"categories":[758],"tags":[],"acf":[],"_links":{"self":[{"href":"https:\/\/www.cnbb.org.br\/cnbb-app\/wp\/v2\/posts\/931094"}],"collection":[{"href":"https:\/\/www.cnbb.org.br\/cnbb-app\/wp\/v2\/posts"}],"about":[{"href":"https:\/\/www.cnbb.org.br\/cnbb-app\/wp\/v2\/types\/post"}],"author":[{"embeddable":true,"href":"https:\/\/www.cnbb.org.br\/cnbb-app\/wp\/v2\/users\/47"}],"replies":[{"embeddable":true,"href":"https:\/\/www.cnbb.org.br\/cnbb-app\/wp\/v2\/comments?post=931094"}],"version-history":[{"count":0,"href":"https:\/\/www.cnbb.org.br\/cnbb-app\/wp\/v2\/posts\/931094\/revisions"}],"wp:attachment":[{"href":"https:\/\/www.cnbb.org.br\/cnbb-app\/wp\/v2\/media?parent=931094"}],"wp:term":[{"taxonomy":"category","embeddable":true,"href":"https:\/\/www.cnbb.org.br\/cnbb-app\/wp\/v2\/categories?post=931094"},{"taxonomy":"post_tag","embeddable":true,"href":"https:\/\/www.cnbb.org.br\/cnbb-app\/wp\/v2\/tags?post=931094"}],"curies":[{"name":"wp","href":"https:\/\/api.w.org\/{rel}","templated":true}]}}