{"id":9311,"date":"2008-06-20T00:00:00","date_gmt":"2008-06-20T03:00:00","guid":{"rendered":"https:\/\/www.cnbb.org.br\/cam-3-comla-8\/"},"modified":"2020-03-11T20:04:39","modified_gmt":"2020-03-11T23:04:39","slug":"cam-3-comla-8","status":"publish","type":"post","link":"https:\/\/www.cnbb.org.br\/cam-3-comla-8\/","title":{"rendered":"CAM 3 COMLA 8"},"content":{"rendered":"<p style=\"text-align: justify\" \/>Nesse ano de 2008, dois grandes eventos mission\u00e1rios ser\u00e3o realizados. De 12 a 17 de agosto em Quito, no Equador, acontecer\u00e1 o 3\u00ba Congresso Americano   <!--more-->  Mission\u00e1rio, que corresponde ao 8\u00ba Congresso Mission\u00e1rio Latino-Americano. Sua sigla: CAM 3 \u2013 Comla 8. Delega\u00e7\u00f5es de todos os pa\u00edses da Am\u00e9rica Latina e da Am\u00e9rica do Norte estar\u00e3o presentes na capital equatoriana para debater sobre a Igreja em discipulado mission\u00e1rio, \u00e0 luz da Confer\u00eancia de Aparecida em vista da Miss\u00e3o Ad Gentes.<\/p>\n<p style=\"text-align: justify\">Em prepara\u00e7\u00e3o a esse grande evento continental, ser\u00e1 celebrado o 2\u00ba Congresso Mission\u00e1rio Nacional, de 1 a 4 de maio, em Aparecida, no mesmo lugar onde houve a V Confer\u00eancia do Episcopado Latino-Americano no ano passado. Naquela ocasi\u00e3o falou-se do nexo \u201cdisc\u00edpulos mission\u00e1rios\u201d.<\/p>\n<p style=\"text-align: justify\">Desta vez, o tema ser\u00e1 complementado pelo acontecimento da miss\u00e3o \u201ccontextual universal\u201d, aqui e (contemporaneamente) no mundo inteiro. O tema ser\u00e1: \u201cdo Brasil dos batizados, ao Brasil de disc\u00edpulos mission\u00e1rios sem fronteiras\u201d, e o lema: \u201cIgreja no Brasil: escuta, segue e anuncia\u201d.<\/p>\n<p style=\"text-align: justify\">A realiza\u00e7\u00e3o do CAM 3\u2013Comla 8 convoca todas as Igrejas do continente para \u201cum processo de reflex\u00e3o e an\u00e1lise mission\u00e1ria que responda a esta \u00e9poca de mudan\u00e7a de paradigmas, na qual Miss\u00e3o Ad Gentes \u00e9 a Miss\u00e3o para a humanidade\u201d (Instrumento de Trabalho do CAM 3 \u2013 Comla 8). Aparecida convida a repensar a Igreja a partir da Miss\u00e3o, assumindo a caminhada latino-americana p\u00f3s-conciliar, a op\u00e7\u00e3o pelos pobres de Medell\u00edn (1968) e Puebla (1979), e a incultura\u00e7\u00e3o e a op\u00e7\u00e3o pelos outros de Santo Domingo (1992), colocando-as no centro de suas atividades pastorais. Agora o CAM 3 \u2013 Comla 8 quer oferecer um corte espec\u00edfico, abrindo para essa interessante interpreta\u00e7\u00e3o da miss\u00e3o Ad Gentes: \u201ca Miss\u00e3o \u00e9 para o Reino de Deus e para a humanidade inteira e seu futuro. Como a Igreja, a Miss\u00e3o \u00e9 convocada dentre toda a humanidade e posta para toda ela; est\u00e1 marcada indelevelmente de universalidade. Na atual mudan\u00e7a de \u00e9poca e de paradigmas, entrega-se a realizar o Plano de Deus, anunciando Jesus, que nos foi revelado. A Miss\u00e3o abarca-O todo. Hoje a Miss\u00e3o Ad Gentes \u00e9 equivalente \u00e0 \u2018Miss\u00e3o para a humanidade\u2019. A fim de que Jesus Cristo seja hoje \u2018Luz das Na\u00e7\u00f5es\u2019 (cf. Lc 2, 32), abre-se com um sentido de comunh\u00e3o, universalidade e abertura servidora, dialogadora; escuta os sinais da presen\u00e7a do Verbo em toda cultura e no caminho geral dos povos\u201d (Instrumento de trabalho do CAM 3\u2013Comla 8.<\/p>\n","protected":false},"excerpt":{"rendered":"<p>Nesse ano de 2008, dois grandes eventos mission\u00e1rios ser\u00e3o realizados. De 12 a 17 de agosto em Quito, no Equador, acontecer\u00e1 o 3\u00ba Congresso Americano<\/p>\n","protected":false},"author":83,"featured_media":0,"comment_status":"open","ping_status":"open","sticky":false,"template":"","format":"standard","meta":{"site-sidebar-layout":"default","site-content-layout":"default","ast-global-header-display":"","ast-banner-title-visibility":"","ast-main-header-display":"","ast-hfb-above-header-display":"","ast-hfb-below-header-display":"","ast-hfb-mobile-header-display":"","site-post-title":"","ast-breadcrumbs-content":"","ast-featured-img":"","footer-sml-layout":"","theme-transparent-header-meta":"","adv-header-id-meta":"","stick-header-meta":"","header-above-stick-meta":"","header-main-stick-meta":"","header-below-stick-meta":""},"categories":[854,878],"tags":[],"acf":[],"_links":{"self":[{"href":"https:\/\/www.cnbb.org.br\/cnbb-app\/wp\/v2\/posts\/9311"}],"collection":[{"href":"https:\/\/www.cnbb.org.br\/cnbb-app\/wp\/v2\/posts"}],"about":[{"href":"https:\/\/www.cnbb.org.br\/cnbb-app\/wp\/v2\/types\/post"}],"author":[{"embeddable":true,"href":"https:\/\/www.cnbb.org.br\/cnbb-app\/wp\/v2\/users\/83"}],"replies":[{"embeddable":true,"href":"https:\/\/www.cnbb.org.br\/cnbb-app\/wp\/v2\/comments?post=9311"}],"version-history":[{"count":0,"href":"https:\/\/www.cnbb.org.br\/cnbb-app\/wp\/v2\/posts\/9311\/revisions"}],"wp:attachment":[{"href":"https:\/\/www.cnbb.org.br\/cnbb-app\/wp\/v2\/media?parent=9311"}],"wp:term":[{"taxonomy":"category","embeddable":true,"href":"https:\/\/www.cnbb.org.br\/cnbb-app\/wp\/v2\/categories?post=9311"},{"taxonomy":"post_tag","embeddable":true,"href":"https:\/\/www.cnbb.org.br\/cnbb-app\/wp\/v2\/tags?post=9311"}],"curies":[{"name":"wp","href":"https:\/\/api.w.org\/{rel}","templated":true}]}}