{"id":931162,"date":"2022-09-29T11:09:56","date_gmt":"2022-09-29T14:09:56","guid":{"rendered":"https:\/\/www.cnbb.org.br\/?p=931162"},"modified":"2022-09-29T11:10:33","modified_gmt":"2022-09-29T14:10:33","slug":"a-missao-acolher-e-cuidar-da-vida-com-amor","status":"publish","type":"post","link":"https:\/\/www.cnbb.org.br\/a-missao-acolher-e-cuidar-da-vida-com-amor\/","title":{"rendered":"A miss\u00e3o acolher e cuidar da vida com amor\u00a0"},"content":{"rendered":"<p style=\"text-align: right;\"><strong>Dom Jos\u00e9 Gislon<br \/>\nBispo de Caxias do Sul (RS)<\/strong><\/p>\n<p><span data-ccp-props=\"{&quot;201341983&quot;:0,&quot;335551550&quot;:2,&quot;335551620&quot;:2,&quot;335559731&quot;:708,&quot;335559739&quot;:0,&quot;335559740&quot;:240}\">\u00a0<\/span><\/p>\n<p style=\"text-align: justify;\"><span data-contrast=\"auto\">Estimados irm\u00e3os e irm\u00e3s em Cristo Jesus! Na primeira semana de outubro celebramos a Semana Nacional da Vida. A vida \u00e9 um dom precioso e breve, concedido por Deus, que muitas vezes o homem n\u00e3o sabe valorizar. Ela precisa ser acolhida, cuidada e valorizada como um tesouro que temos no presente, mas que \u00e0 luz da f\u00e9 em Cristo Jesus, podemos sonhar e esperar viv\u00ea-la, de forma gloriosa, tamb\u00e9m na eternidade. Por isso, <\/span><span data-contrast=\"auto\">\u00e9 importante trabalharmos juntos para criar<\/span><span data-contrast=\"auto\"> uma consci\u00eancia coletiva, que promova a paz e valorize a vida em toda a sua realidade.\u00a0<\/span><span data-ccp-props=\"{&quot;201341983&quot;:0,&quot;335551550&quot;:6,&quot;335551620&quot;:6,&quot;335559739&quot;:0,&quot;335559740&quot;:240}\">\u00a0<\/span><\/p>\n<p style=\"text-align: justify;\"><span data-contrast=\"auto\">N\u00e3o podemos ceder ao pragmatismo de defender que a vida s\u00f3 merece ser protegida quando a pessoa pode contribuir economicamente com a sociedade. A cultura do descarte n\u00e3o \u00e9 de Deus, o autor da vida. Ela provocou tantos males \u00e0 sociedade, no passado e no presente. O crist\u00e3o deve estar comprometido com os valores da vida, empenhando-se para que os mesmos sejam respeitados e protegidos na fam\u00edlia e na comunidade. Quando abandonamos a defesa da vida, pactuamos de forma silenciosa com a cultura da morte, que ceifa de forma violenta, perversa e maligna a vida das nossas crian\u00e7as, dos nossos jovens, dos adultos e idosos indefesos, e fere no cora\u00e7\u00e3o a vida das nossas fam\u00edlias.\u00a0<\/span><span data-ccp-props=\"{&quot;201341983&quot;:0,&quot;335551550&quot;:6,&quot;335551620&quot;:6,&quot;335559739&quot;:0,&quot;335559740&quot;:240}\">\u00a0<\/span><\/p>\n<p style=\"text-align: justify;\"><span data-contrast=\"auto\">Na nossa sociedade, presenciamos atrav\u00e9s dos meios de comunica\u00e7\u00e3o tantos acontecimentos que agridem e destroem a vida. A vida de pessoas que por si s\u00f3, muitas vezes, n\u00e3o tem como se defender, por isso precisam do apoio e da prote\u00e7\u00e3o da sociedade. O cuidado da vida \u00e9 uma miss\u00e3o na qual todos n\u00f3s dever\u00edamos nos envolver, tendo presente as in\u00fameras crian\u00e7as que s\u00e3o agredidas, muitas vezes dentro do pr\u00f3prio lar, por aqueles que deviam proteg\u00ea-las e ampar\u00e1-las; e os idosos, que tamb\u00e9m passaram a ser v\u00edtimas em potencial da falta de amor na fam\u00edlia e da cultura do descart\u00e1vel.\u00a0<\/span><span data-ccp-props=\"{&quot;201341983&quot;:0,&quot;335551550&quot;:6,&quot;335551620&quot;:6,&quot;335559739&quot;:0,&quot;335559740&quot;:240}\">\u00a0<\/span><\/p>\n<p style=\"text-align: justify;\"><span data-contrast=\"auto\">Dentro das celebra\u00e7\u00f5es da Semana Nacional da Vida, o Dia do Nascituro quer chamar a aten\u00e7\u00e3o da sociedade para a viol\u00eancia silenciosa, que est\u00e1 presente na nossa realidade social, mas se faz de conta que n\u00e3o existe, em nome dos direitos. O sil\u00eancio dos inocentes n\u00e3o pode levar quem tem compromisso com o Senhor Jesus e o Reino de Deus, a permanecer em sil\u00eancio.<\/span><span data-ccp-props=\"{&quot;201341983&quot;:0,&quot;335551550&quot;:6,&quot;335551620&quot;:6,&quot;335559739&quot;:0,&quot;335559740&quot;:240}\">\u00a0<\/span><\/p>\n<p style=\"text-align: justify;\"><span data-contrast=\"auto\">Quando a vida n\u00e3o \u00e9 valorizada, n\u00e3o importa em qual fase da exist\u00eancia n\u00f3s estamos, ela pode ser eliminada a qualquer momento. Por isso,<\/span><span data-contrast=\"auto\"> \u00e9 importante que saibamos acolher a vida como dom de Deus, desde a sua concep\u00e7\u00e3o at\u00e9 o chamado misericordioso do Pai.<\/span><span data-ccp-props=\"{&quot;201341983&quot;:0,&quot;335551550&quot;:6,&quot;335551620&quot;:6,&quot;335559739&quot;:0,&quot;335559740&quot;:240}\">\u00a0<\/span><\/p>\n<p style=\"text-align: justify;\"><span data-ccp-props=\"{&quot;201341983&quot;:0,&quot;335551550&quot;:6,&quot;335551620&quot;:6,&quot;335559739&quot;:0,&quot;335559740&quot;:240}\">\u00a0<\/span><\/p>\n<p style=\"text-align: justify;\"><span data-ccp-props=\"{&quot;201341983&quot;:0,&quot;335551550&quot;:6,&quot;335551620&quot;:6,&quot;335559739&quot;:0,&quot;335559740&quot;:240}\">\u00a0<\/span><\/p>\n<p style=\"text-align: justify;\">\n","protected":false},"excerpt":{"rendered":"<p>Dom Jos\u00e9 Gislon Bispo de Caxias do Sul (RS) \u00a0 Estimados irm\u00e3os e irm\u00e3s em Cristo Jesus! Na primeira semana de outubro celebramos a Semana Nacional da Vida. A vida \u00e9 um dom precioso e breve, concedido por Deus, que muitas vezes o homem n\u00e3o sabe valorizar. Ela precisa ser acolhida, cuidada e valorizada como &hellip;<\/p>\n<p class=\"read-more\"> <a class=\"\" href=\"https:\/\/www.cnbb.org.br\/a-missao-acolher-e-cuidar-da-vida-com-amor\/\"> <span class=\"screen-reader-text\">A miss\u00e3o acolher e cuidar da vida com amor\u00a0<\/span> Leia mais &raquo;<\/a><\/p>\n","protected":false},"author":20,"featured_media":0,"comment_status":"open","ping_status":"open","sticky":false,"template":"","format":"standard","meta":{"site-sidebar-layout":"default","site-content-layout":"default","ast-global-header-display":"","ast-banner-title-visibility":"","ast-main-header-display":"","ast-hfb-above-header-display":"","ast-hfb-below-header-display":"","ast-hfb-mobile-header-display":"","site-post-title":"","ast-breadcrumbs-content":"","ast-featured-img":"","footer-sml-layout":"","theme-transparent-header-meta":"default","adv-header-id-meta":"","stick-header-meta":"","header-above-stick-meta":"","header-main-stick-meta":"","header-below-stick-meta":""},"categories":[758],"tags":[],"acf":[],"_links":{"self":[{"href":"https:\/\/www.cnbb.org.br\/cnbb-app\/wp\/v2\/posts\/931162"}],"collection":[{"href":"https:\/\/www.cnbb.org.br\/cnbb-app\/wp\/v2\/posts"}],"about":[{"href":"https:\/\/www.cnbb.org.br\/cnbb-app\/wp\/v2\/types\/post"}],"author":[{"embeddable":true,"href":"https:\/\/www.cnbb.org.br\/cnbb-app\/wp\/v2\/users\/20"}],"replies":[{"embeddable":true,"href":"https:\/\/www.cnbb.org.br\/cnbb-app\/wp\/v2\/comments?post=931162"}],"version-history":[{"count":0,"href":"https:\/\/www.cnbb.org.br\/cnbb-app\/wp\/v2\/posts\/931162\/revisions"}],"wp:attachment":[{"href":"https:\/\/www.cnbb.org.br\/cnbb-app\/wp\/v2\/media?parent=931162"}],"wp:term":[{"taxonomy":"category","embeddable":true,"href":"https:\/\/www.cnbb.org.br\/cnbb-app\/wp\/v2\/categories?post=931162"},{"taxonomy":"post_tag","embeddable":true,"href":"https:\/\/www.cnbb.org.br\/cnbb-app\/wp\/v2\/tags?post=931162"}],"curies":[{"name":"wp","href":"https:\/\/api.w.org\/{rel}","templated":true}]}}