{"id":931165,"date":"2022-09-29T11:12:26","date_gmt":"2022-09-29T14:12:26","guid":{"rendered":"https:\/\/www.cnbb.org.br\/?p=931165"},"modified":"2022-09-29T11:12:52","modified_gmt":"2022-09-29T14:12:52","slug":"conversa-com-a-virgem-de-nazare-2","status":"publish","type":"post","link":"https:\/\/www.cnbb.org.br\/conversa-com-a-virgem-de-nazare-2\/","title":{"rendered":"Conversa com a virgem de Nazar\u00e9"},"content":{"rendered":"<p style=\"text-align: right;\"><strong>Dom Alberto Taveira Corr\u00eaa<\/strong><br \/>\n<strong>Arcebispo de Bel\u00e9m do Par\u00e1 (PA)<\/strong><\/p>\n<p style=\"text-align: justify;\">\n<p style=\"text-align: justify;\"><span data-ccp-props=\"{&quot;201341983&quot;:0,&quot;335551550&quot;:2,&quot;335551620&quot;:2,&quot;335559739&quot;:0,&quot;335559740&quot;:240}\">\u00a0<\/span><\/p>\n<p style=\"text-align: justify;\"><b><span data-contrast=\"none\">CONVERSA COM A VIRGEM DE NAZAR\u00c9:\u00a0<\/span><\/b><span data-ccp-props=\"{&quot;201341983&quot;:0,&quot;335551550&quot;:2,&quot;335551620&quot;:2,&quot;335559739&quot;:0,&quot;335559740&quot;:256}\"> \u00a0<\/span><b><span data-contrast=\"none\">SANTA MARIA, ROGA POR N\u00d3S\u00a0<\/span><\/b><span data-ccp-props=\"{&quot;201341983&quot;:0,&quot;335551550&quot;:2,&quot;335551620&quot;:2,&quot;335559739&quot;:160,&quot;335559740&quot;:256}\">\u00a0<\/span><\/p>\n<p style=\"text-align: justify;\"><span data-contrast=\"none\">\u201cLembrai-vos, \u00f3 Pi\u00edssima Virgem Maria, de que nunca se ouviu dizer que algum daqueles que tenha recorrido \u00e0 vossa clem\u00eancia, implorado a vossa assist\u00eancia, reclamado o vosso socorro, fosse por v\u00f3s abandonado. Animado eu, pois, com igual confian\u00e7a, a v\u00f3s, Virgem das Virgens, como M\u00e3e recorro, de v\u00f3s me valho e gemendo sob o peso de meus pecados, me prosto a vossos p\u00e9s. N\u00e3o desprezeis as minhas s\u00faplicas, \u00f3 m\u00e3e do Verbo de Deus humanado, mas dignai-vos de as ouvir prop\u00edcia e de me alcan\u00e7ar o que vos rogo. Am\u00e9m.\u201d (Ora\u00e7\u00e3o de S\u00e3o Bernardo).<\/span><span data-ccp-props=\"{&quot;201341983&quot;:0,&quot;335551550&quot;:6,&quot;335551620&quot;:6,&quot;335559731&quot;:708,&quot;335559739&quot;:160,&quot;335559740&quot;:276}\">\u00a0<\/span><\/p>\n<p style=\"text-align: justify;\"><span data-contrast=\"none\">Com tal confian\u00e7a, na certeza da prote\u00e7\u00e3o \u00fanica e inigual\u00e1vel com a qual guardas e proteges nosso povo, desejamos dirigir-nos a ti, com t\u00edtulos suscitados pelo Esp\u00edrito Santo na hist\u00f3ria e na devo\u00e7\u00e3o da Igreja, \u00f3 Senhora de Nazar\u00e9, M\u00e3e e Mestra, que nos conduzes no afeto e na compreens\u00e3o das atitudes a serem assumidas, quando olharmos com carinho para tua Imagem, \u00cdcone de tua presen\u00e7a na Igreja, conduzida pelas nossas cidades no C\u00edrio de Nazar\u00e9 e guardada com carinho em teu Santu\u00e1rio. De fato, junto \u00e0 Cruz de Jesus, estavas de p\u00e9, tu, que \u00e9s a M\u00e3e do Senhor, junto com Maria de Cl\u00e9ofas e Maria Madalena. Jesus, ao ver-te e, ao teu lado, o disc\u00edpulo que ele amava, te disse: \u201cMulher, eis o teu filho!\u201d Depois disse ao disc\u00edpulo: \u201cEis a tua m\u00e3e!\u201d A partir daquela hora, o disc\u00edpulo a acolheu no que era seu (Cf. Jo 19, 25-27). Com ele, todos n\u00f3s, disc\u00edpulos de todos os tempos, te acolhemos como precioso presente, de forma que n\u00e3o \u00e9 poss\u00edvel ser disc\u00edpulos aut\u00eanticos sem tua presen\u00e7a e teu amor materno!\u00a0<\/span><span data-ccp-props=\"{&quot;201341983&quot;:0,&quot;335551550&quot;:6,&quot;335551620&quot;:6,&quot;335559731&quot;:708,&quot;335559739&quot;:160,&quot;335559740&quot;:276}\">\u00a0<\/span><\/p>\n<p style=\"text-align: justify;\"><span data-contrast=\"none\">\u201cMaria, M\u00e3e e Mestra\u201d, roga por n\u00f3s! Com esta invoca\u00e7\u00e3o desejamos viver o C\u00edrio de Nazar\u00e9. Estiveste conosco no escondimento dos dois anos mais exigentes da Pandemia que assolou o mundo. Contigo, percorremos esta\u00e7\u00f5es marcadas pelo an\u00fancio e a presen\u00e7a da dor e muitos sofrimentos. Tu n\u00e3o nos abandonaste e continuaste presente, com teu manto protetor de amor, exemplo e intercess\u00e3o!\u00a0<\/span><span data-ccp-props=\"{&quot;201341983&quot;:0,&quot;335551550&quot;:6,&quot;335551620&quot;:6,&quot;335559731&quot;:708,&quot;335559739&quot;:160,&quot;335559740&quot;:276}\">\u00a0<\/span><\/p>\n<p style=\"text-align: justify;\"><span data-contrast=\"none\">De fato, fomos conduzidos por tuas m\u00e3os carinhosas, Nossa Senhora de Nazar\u00e9. Tu que \u00e9s M\u00e3e de Deus e nossa M\u00e3e, te fizeste Mestra para nos mostrar os passos a serem dados. \u201cEles n\u00e3o t\u00eam mais vinho\u201d, disseste em nosso nome a Jesus muitas vezes durante estes anos. E n\u00f3s clamamos a ti como M\u00e3e da Miseric\u00f3rdia, M\u00e3e da Esperan\u00e7a, Sa\u00fade dos Enfermos, Ref\u00fagio dos Pecadores e Consoladora dos Aflitos! E foste para n\u00f3s Maria Mestra, M\u00e3e do Bom Conselho.<\/span><span data-ccp-props=\"{&quot;201341983&quot;:0,&quot;335551550&quot;:6,&quot;335551620&quot;:6,&quot;335559731&quot;:708,&quot;335559739&quot;:160,&quot;335559740&quot;:276}\">\u00a0<\/span><\/p>\n<p style=\"text-align: justify;\"><span data-contrast=\"none\">E n\u00f3s continuamos fi\u00e9is \u00e0s ra\u00edzes de nossa f\u00e9 crist\u00e3, conduzidos por tua palavra, exemplo e a afeto maternal. Contigo queremos oferecer agora o C\u00edrio ao Povo de Deus e a todas as pessoas que desejam beber na fonte da vida crist\u00e3 cat\u00f3lica a \u00e1gua pura que nasce do Cristo em sua Morte e Ressurrei\u00e7\u00e3o. Maria, M\u00e3e e Mestra, pedimos que passes na nossa frente, para chegarmos a Jesus, mesmo quando nossas talhas est\u00e3o vazias, como servos que te obedecem, quando ensinas: \u201cFazei o que ele vos disser!\u201d (Cf. Jo 2,5).<\/span><span data-ccp-props=\"{&quot;201341983&quot;:0,&quot;335551550&quot;:6,&quot;335551620&quot;:6,&quot;335559731&quot;:708,&quot;335559739&quot;:160,&quot;335559740&quot;:276}\">\u00a0<\/span><\/p>\n<p style=\"text-align: justify;\"><span data-contrast=\"none\">\u201cFazei o que ele vos disser\u201d foi tua palavra em todas as circunst\u00e2ncias, tu que \u00e9s Aux\u00edlio dos Crist\u00e3os, pois, aos p\u00e9s da Cruz, n\u00f3s te recebemos como M\u00e3e da Igreja, na figura de Jo\u00e3o! N\u00f3s te levamos conosco hoje e sempre, entre aquilo que nos \u00e9 pr\u00f3prio! N\u00e3o podemos ser paraenses, nem amaz\u00f4nidas, sem a devo\u00e7\u00e3o a Nossa Senhora de Nazar\u00e9, enraizada em n\u00f3s desde a fonte batismal.\u00a0<\/span><span data-ccp-props=\"{&quot;201341983&quot;:0,&quot;335551550&quot;:6,&quot;335551620&quot;:6,&quot;335559731&quot;:708,&quot;335559739&quot;:160,&quot;335559740&quot;:276}\">\u00a0<\/span><\/p>\n<p style=\"text-align: justify;\"><span data-contrast=\"none\">Nos pr\u00f3ximos dias, outro \u00edcone da Festa de Nazar\u00e9 vai envolver-te e a todos n\u00f3s, mais uma vez, a Corda do C\u00edrio, que nos remete \u00e0 Palavra Prof\u00e9tica: \u201cEu os envolvi com la\u00e7os de amizade, eu os amarrei com cordas de amor; fazia com eles como quem pega uma crian\u00e7a ao colo e a traz at\u00e9 junto ao rosto. Para dar-lhes de comer eu me abaixava at\u00e9 eles\u201d (Os 11,4). Em nome de Deus, tu, que passas \u00e0 nossa frente e caminhas conosco, amarra-nos com cordas de amor ao Pai, por Cristo e na for\u00e7a do Esp\u00edrito Santo, para que sejamos fi\u00e9is \u00e0 f\u00e9 cat\u00f3lica que professamos. Mant\u00e9m viva a f\u00e9 em nossas Par\u00f3quias, Comunidades e Fam\u00edlias, para que sejamos o grande \u00cdcone do C\u00edrio, o Povo de Deus reunido, algo que n\u00e3o se explica, tem que ser experimentado!\u00a0<\/span><span data-ccp-props=\"{&quot;201341983&quot;:0,&quot;335551550&quot;:6,&quot;335551620&quot;:6,&quot;335559731&quot;:708,&quot;335559739&quot;:160,&quot;335559740&quot;:276}\">\u00a0<\/span><\/p>\n<p style=\"text-align: justify;\"><span data-contrast=\"none\">N\u00f3s te invocamos como \u201cRosa M\u00edstica\u201d, repetindo uma antiga invoca\u00e7\u00e3o: \u201cMaria, tu \u00e9s a Rosa M\u00edstica, da qual nasceu Cristo, maravilhoso, de inebriante perfume.\u201d (Hino Akatist\u00f3s). Queremos pedir-te o esp\u00edrito de ora\u00e7\u00e3o, representado pela rosa branca, o esp\u00edrito de expia\u00e7\u00e3o e sacrif\u00edcio, pela rosa vermelha e o esp\u00edrito de penit\u00eancia, pela rosa dourada que est\u00e1 diante de nossos olhos neste ano.<\/span><span data-ccp-props=\"{&quot;201341983&quot;:0,&quot;335551550&quot;:6,&quot;335551620&quot;:6,&quot;335559731&quot;:708,&quot;335559739&quot;:160,&quot;335559740&quot;:276}\">\u00a0<\/span><\/p>\n<p style=\"text-align: justify;\"><span data-contrast=\"none\">E somos levados a retomar um lindo c\u00e2ntico da Igreja (M\u00fasica do S\u00e9culo XV): \u201cNasceu a flor formosa, da tribo de Jess\u00e9, a prole venturosa, da esposa de Jos\u00e9. Jesus \u00e9 essa flor, Maria \u00e9 a roseira que trouxe o Salvador. \u00c9 essa flor bendita, de luz e grato odor, h\u00e1 s\u00e9culos predita, nos livros do Senhor. \u00d3 rosa divinal maior, do que a roseira, prod\u00edgio sem igual! \u00d3 flor, que a cristandade, atrais com teu vigor, n\u00e3o negues, por piedade, a n\u00f3s o teu amor! \u00d3 rosa, \u00f3 flor, sem par, sacia nossas almas com gra\u00e7a salutar!\u201d\u00a0<\/span><span data-ccp-props=\"{&quot;201341983&quot;:0,&quot;335551550&quot;:6,&quot;335551620&quot;:6,&quot;335559731&quot;:708,&quot;335559739&quot;:160,&quot;335559740&quot;:276}\">\u00a0<\/span><\/p>\n<p style=\"text-align: justify;\"><span data-contrast=\"none\">Assim entendemos a multiplicidade de t\u00edtulos e express\u00f5es de carinho com que Maria \u00e9 invocada na Igreja, como p\u00e9talas de rosa que se multiplicam. \u00c9 M\u00e3e da Igreja que cuida como uma rosa de ternura e carinho, mas tamb\u00e9m que nos ensina a superar os espinhos que a vida oferece, pois sabemos que na vida crist\u00e3 n\u00e3o h\u00e1 espinhos sem rosas!<\/span><span data-ccp-props=\"{&quot;201341983&quot;:0,&quot;335551550&quot;:6,&quot;335551620&quot;:6,&quot;335559731&quot;:708,&quot;335559739&quot;:160,&quot;335559740&quot;:276}\">\u00a0<\/span><\/p>\n<p style=\"text-align: justify;\"><span data-contrast=\"none\">Contemplando a Imagem Peregrina, que teremos diante dos olhos nos pr\u00f3ximos dias, podemos rezar: \u201c\u00d3 Maria Sant\u00edssima, Senhora Rosa M\u00edstica, eu me consagro inteiramente a ti. Consagro-te o meu entendimento, para que eu possa sempre te amar. Consagro-te a minha l\u00edngua, para que eu possa sempre te louvar. Consagro-te o meu cora\u00e7\u00e3o, para que eu seja totalmente teu. Recebe-me, \u00f3 M\u00e3e incompar\u00e1vel, no ditoso n\u00famero de teus filhos. Acolhe-me debaixo de tua prote\u00e7\u00e3o, socorre-me em minhas necessidades temporais e espirituais e, sobretudo, na hora da minha morte. Aben\u00e7oa-me e fortalece a minha f\u00e9 para que, amando-te nesta vida, eu possa contemplar para todo sempre a tua face, no c\u00e9u. Am\u00e9m.\u201d\u00a0<\/span><span data-ccp-props=\"{&quot;201341983&quot;:0,&quot;335551550&quot;:6,&quot;335551620&quot;:6,&quot;335559731&quot;:708,&quot;335559739&quot;:160,&quot;335559740&quot;:276}\">\u00a0<\/span><\/p>\n<p style=\"text-align: justify;\"><span data-contrast=\"none\">Nada nos afaste do centro de nossa f\u00e9 e da devo\u00e7\u00e3o ti, Senhora de Nazar\u00e9, M\u00e3e e Mestra da Igreja e de nosso Povo paraense!<\/span><span data-ccp-props=\"{&quot;201341983&quot;:0,&quot;335551550&quot;:6,&quot;335551620&quot;:6,&quot;335559731&quot;:708,&quot;335559739&quot;:160,&quot;335559740&quot;:276}\">\u00a0<\/span><\/p>\n","protected":false},"excerpt":{"rendered":"<p>Dom Alberto Taveira Corr\u00eaa Arcebispo de Bel\u00e9m do Par\u00e1 (PA) \u00a0 CONVERSA COM A VIRGEM DE NAZAR\u00c9:\u00a0 \u00a0SANTA MARIA, ROGA POR N\u00d3S\u00a0\u00a0 \u201cLembrai-vos, \u00f3 Pi\u00edssima Virgem Maria, de que nunca se ouviu dizer que algum daqueles que tenha recorrido \u00e0 vossa clem\u00eancia, implorado a vossa assist\u00eancia, reclamado o vosso socorro, fosse por v\u00f3s abandonado. Animado &hellip;<\/p>\n<p class=\"read-more\"> <a class=\"\" href=\"https:\/\/www.cnbb.org.br\/conversa-com-a-virgem-de-nazare-2\/\"> <span class=\"screen-reader-text\">Conversa com a virgem de Nazar\u00e9<\/span> Leia mais &raquo;<\/a><\/p>\n","protected":false},"author":21,"featured_media":0,"comment_status":"open","ping_status":"open","sticky":false,"template":"","format":"standard","meta":{"site-sidebar-layout":"default","site-content-layout":"default","ast-global-header-display":"","ast-banner-title-visibility":"","ast-main-header-display":"","ast-hfb-above-header-display":"","ast-hfb-below-header-display":"","ast-hfb-mobile-header-display":"","site-post-title":"","ast-breadcrumbs-content":"","ast-featured-img":"","footer-sml-layout":"","theme-transparent-header-meta":"default","adv-header-id-meta":"","stick-header-meta":"","header-above-stick-meta":"","header-main-stick-meta":"","header-below-stick-meta":""},"categories":[758],"tags":[],"acf":[],"_links":{"self":[{"href":"https:\/\/www.cnbb.org.br\/cnbb-app\/wp\/v2\/posts\/931165"}],"collection":[{"href":"https:\/\/www.cnbb.org.br\/cnbb-app\/wp\/v2\/posts"}],"about":[{"href":"https:\/\/www.cnbb.org.br\/cnbb-app\/wp\/v2\/types\/post"}],"author":[{"embeddable":true,"href":"https:\/\/www.cnbb.org.br\/cnbb-app\/wp\/v2\/users\/21"}],"replies":[{"embeddable":true,"href":"https:\/\/www.cnbb.org.br\/cnbb-app\/wp\/v2\/comments?post=931165"}],"version-history":[{"count":0,"href":"https:\/\/www.cnbb.org.br\/cnbb-app\/wp\/v2\/posts\/931165\/revisions"}],"wp:attachment":[{"href":"https:\/\/www.cnbb.org.br\/cnbb-app\/wp\/v2\/media?parent=931165"}],"wp:term":[{"taxonomy":"category","embeddable":true,"href":"https:\/\/www.cnbb.org.br\/cnbb-app\/wp\/v2\/categories?post=931165"},{"taxonomy":"post_tag","embeddable":true,"href":"https:\/\/www.cnbb.org.br\/cnbb-app\/wp\/v2\/tags?post=931165"}],"curies":[{"name":"wp","href":"https:\/\/api.w.org\/{rel}","templated":true}]}}