{"id":931220,"date":"2022-09-29T14:46:28","date_gmt":"2022-09-29T17:46:28","guid":{"rendered":"https:\/\/www.cnbb.org.br\/?p=931220"},"modified":"2022-09-29T14:47:10","modified_gmt":"2022-09-29T17:47:10","slug":"o-voto","status":"publish","type":"post","link":"https:\/\/www.cnbb.org.br\/o-voto\/","title":{"rendered":"O voto"},"content":{"rendered":"<p style=\"text-align: right;\"><strong>Dom Jaime Vieira Rocha\u00a0<\/strong><br \/>\n<strong>Arcebispo de Natal (RN)<\/strong><\/p>\n<p style=\"text-align: justify;\">\n<p style=\"text-align: justify;\"><span data-ccp-props=\"{&quot;201341983&quot;:0,&quot;335559740&quot;:360}\">\u00a0<\/span><\/p>\n<p style=\"text-align: justify;\"><span data-contrast=\"none\">Neste domingo, 2 de outubro, iremos \u00e0s urnas para eleger o Presidente da Rep\u00fablica e o Governante do nosso Estado, Senadores, Deputados Federais e Estaduais. Todos s\u00e3o conscientes de que<\/span><span data-contrast=\"none\"> \u00e9 um<\/span><span data-contrast=\"none\"> momento pol\u00edtico especial, cheio de significado. A Igreja, institu\u00edda por Jesus Cristo para o an\u00fancio do Evangelho, reconhece que a sua palavra n\u00e3o pode ser a apresenta\u00e7\u00e3o de um Evangelho desencarnado. Na verdade, a hist\u00f3ria da Igreja \u00e9 longa na orienta\u00e7\u00e3o de uma rela\u00e7\u00e3o clara e harmoniosa entre f\u00e9 e vida, doutrina dogm\u00e1tica e doutrina social. Ela, por natureza, n\u00e3o deve se envolver em \u201cpol\u00edtica partid\u00e1ria\u201d.\u00a0<\/span><span data-ccp-props=\"{&quot;201341983&quot;:0,&quot;335551550&quot;:6,&quot;335551620&quot;:6,&quot;335559740&quot;:360}\">\u00a0<\/span><\/p>\n<p style=\"text-align: justify;\"><span data-contrast=\"none\">A Igreja assume a sua posi\u00e7\u00e3o, tanto no Conc\u00edlio Vaticano II quanto na sua Doutrina Social, de considerar o exerc\u00edcio da pol\u00edtica como realidade de alt\u00edssimo valor e necess\u00e1rio para o bom desenvolvimento da sociedade: \u201c<\/span><i><span data-contrast=\"none\">A Igreja que, em raz\u00e3o da sua miss\u00e3o e compet\u00eancia, de modo algum se confunde com a sociedade nem est\u00e1 ligada a qualquer sistema pol\u00edtico determinado, \u00e9 ao mesmo tempo o sinal e salvaguarda da transcend\u00eancia da pessoa humana<\/span><\/i><span data-contrast=\"none\">\u201d (CONC\u00cdLIO VATICANO II. Constitui\u00e7\u00e3o pastoral sobre a Igreja no mundo contempor\u00e2neo <\/span><i><span data-contrast=\"none\">Gaudium et spes<\/span><\/i><span data-contrast=\"none\">, n. 76).<\/span> <i><span data-contrast=\"none\">\u201cA pessoa humana \u00e9 fundamento e fim da conviv\u00eancia pol\u00edtica. Dotada de racionalidade, \u00e9 respons\u00e1vel pelas pr\u00f3prias escolhas e capaz de perseguir projetos que d\u00e3o sentido \u00e0 sua vida, tanto no plano individual como no plano social<\/span><\/i><span data-contrast=\"none\">\u201d (PONTIF\u00cdCIO CONSELHO JUSTI\u00c7A E PAZ. Comp\u00eandio da Doutrina Social da Igreja, n. 384)<\/span><span data-contrast=\"none\">. A Igreja tamb\u00e9m afirma: \u201c<\/span><i><span data-contrast=\"none\">Considerar a pessoa humana como fundamento e fim da comunidade pol\u00edtica significa esfor\u00e7ar-se, antes de mais, pelo reconhecimento e pelo respeito da sua dignidade mediante a tutela e a promo\u00e7\u00e3o dos direitos fundamentais e inalien\u00e1veis do homem\u201d <\/span><\/i><span data-contrast=\"none\">(PONTIF\u00cdCIO CONSELHO JUSTI\u00c7A E PAZ. Idem, n. 388)<\/span><i><span data-contrast=\"none\">. <\/span><\/i><span data-contrast=\"none\">Sabemos que o clima fica sempre tenso quando temos que exercitar a nossa cidadania com o voto. Ningu\u00e9m desconsidera ou minimiza que a pol\u00edtica partid\u00e1ria gera paix\u00f5es, sentimentos acalorados e, \u00e0s vezes, at\u00e9 extremos. Outras realidades em que escolhas, gostos, prefer\u00eancias por determinados pontos de nossa conviv\u00eancia, geram esses sentimentos. Mas, nunca podemos esquecer: <\/span><i><span data-contrast=\"none\">somos crist\u00e3os<\/span><\/i><span data-contrast=\"none\">. E para n\u00f3s, ainda valem aquelas formid\u00e1veis palavras do autor da Carta a Diogneto, escrita no s\u00e9culo II: \u201c<\/span><i><span data-contrast=\"none\">Os crist\u00e3os n\u00e3o se distinguem dos demais homens, nem pela terra, nem pela l\u00edngua, nem pelos costumes. Nem, em parte alguma, habitam cidades peculiares, nem usam alguma l\u00edngua distinta, nem vivem uma vida de natureza singular<\/span><\/i><span data-contrast=\"none\">&#8230;<\/span><i><span data-contrast=\"none\">Casam como todos e geram filhos, mas n\u00e3o abandonam \u00e0 viol\u00eancia os rec\u00e9m-nascidos. Servem-se da mesma mesa, mas n\u00e3o do mesmo leito. Encontram-se na carne, mas n\u00e3o vivem segundo a carne. Moram na terra e s\u00e3o regidos pelo c\u00e9u. Obedecem \u00e0s leis estabelecidas e superam as leis com as pr\u00f3prias vidas. Amam todos e por todos s\u00e3o perseguidos<\/span><\/i><span data-contrast=\"none\">\u201d.\u00a0\u00a0<\/span><span data-ccp-props=\"{&quot;201341983&quot;:0,&quot;335551550&quot;:6,&quot;335551620&quot;:6,&quot;335559740&quot;:360}\">\u00a0<\/span><\/p>\n<p style=\"text-align: justify;\"><span data-contrast=\"none\">Nunca \u00e9 demais ressaltar o magist\u00e9rio de Papa Francisco que nos orienta neste caminho: \u201c<\/span><i><span data-contrast=\"none\">[pol\u00edtica]poderia ser traduzido tamb\u00e9m como servi\u00e7o inestim\u00e1vel de dedica\u00e7\u00e3o para a consecu\u00e7\u00e3o do bem comum da sociedade. A pol\u00edtica \u00e9 antes de mais servi\u00e7o; n\u00e3o \u00e9 serva de ambi\u00e7\u00f5es individuais, de prepot\u00eancia de fac\u00e7\u00f5es e de centros de interesses. Como servi\u00e7o, nem sequer \u00e9 dona, pretendendo regular todas as dimens\u00f5es da vida das pessoas, recorrendo at\u00e9 a formas de autocracia e totalitarismo<\/span><\/i><span data-contrast=\"none\">\u201d (FRANCISCO. Mensagem v\u00eddeo aos participantes no Encontro de Pol\u00edticos Cat\u00f3licos, organizado pelo Conselho Episcopal Latino-americano \u2013 CELAM e pela Pontif\u00edcia Comiss\u00e3o para a Am\u00e9rica Latina \u2013 CAL. Bogot\u00e1\/Col\u00f4mbia, 1 a 3 de dezembro de 2017).\u00a0<\/span><span data-ccp-props=\"{&quot;201341983&quot;:0,&quot;335551550&quot;:6,&quot;335551620&quot;:6,&quot;335559740&quot;:360}\">\u00a0<\/span><\/p>\n<p style=\"text-align: justify;\"><span data-contrast=\"none\">Que no pr\u00f3ximo domingo, todos, cidad\u00e3os e cidad\u00e3s, possam ir \u00e0s urnas, conscientes e determinados a colaborar pelo futuro do Pa\u00eds e do nosso Estado.<\/span><span data-ccp-props=\"{&quot;201341983&quot;:0,&quot;335551550&quot;:6,&quot;335551620&quot;:6,&quot;335559740&quot;:360}\">\u00a0<\/span><\/p>\n","protected":false},"excerpt":{"rendered":"<p>Dom Jaime Vieira Rocha\u00a0 Arcebispo de Natal (RN) \u00a0 Neste domingo, 2 de outubro, iremos \u00e0s urnas para eleger o Presidente da Rep\u00fablica e o Governante do nosso Estado, Senadores, Deputados Federais e Estaduais. Todos s\u00e3o conscientes de que \u00e9 um momento pol\u00edtico especial, cheio de significado. A Igreja, institu\u00edda por Jesus Cristo para o &hellip;<\/p>\n<p class=\"read-more\"> <a class=\"\" href=\"https:\/\/www.cnbb.org.br\/o-voto\/\"> <span class=\"screen-reader-text\">O voto<\/span> Leia mais &raquo;<\/a><\/p>\n","protected":false},"author":19,"featured_media":0,"comment_status":"open","ping_status":"open","sticky":false,"template":"","format":"standard","meta":{"site-sidebar-layout":"default","site-content-layout":"default","ast-global-header-display":"","ast-banner-title-visibility":"","ast-main-header-display":"","ast-hfb-above-header-display":"","ast-hfb-below-header-display":"","ast-hfb-mobile-header-display":"","site-post-title":"","ast-breadcrumbs-content":"","ast-featured-img":"","footer-sml-layout":"","theme-transparent-header-meta":"default","adv-header-id-meta":"","stick-header-meta":"","header-above-stick-meta":"","header-main-stick-meta":"","header-below-stick-meta":""},"categories":[758],"tags":[],"acf":[],"_links":{"self":[{"href":"https:\/\/www.cnbb.org.br\/cnbb-app\/wp\/v2\/posts\/931220"}],"collection":[{"href":"https:\/\/www.cnbb.org.br\/cnbb-app\/wp\/v2\/posts"}],"about":[{"href":"https:\/\/www.cnbb.org.br\/cnbb-app\/wp\/v2\/types\/post"}],"author":[{"embeddable":true,"href":"https:\/\/www.cnbb.org.br\/cnbb-app\/wp\/v2\/users\/19"}],"replies":[{"embeddable":true,"href":"https:\/\/www.cnbb.org.br\/cnbb-app\/wp\/v2\/comments?post=931220"}],"version-history":[{"count":0,"href":"https:\/\/www.cnbb.org.br\/cnbb-app\/wp\/v2\/posts\/931220\/revisions"}],"wp:attachment":[{"href":"https:\/\/www.cnbb.org.br\/cnbb-app\/wp\/v2\/media?parent=931220"}],"wp:term":[{"taxonomy":"category","embeddable":true,"href":"https:\/\/www.cnbb.org.br\/cnbb-app\/wp\/v2\/categories?post=931220"},{"taxonomy":"post_tag","embeddable":true,"href":"https:\/\/www.cnbb.org.br\/cnbb-app\/wp\/v2\/tags?post=931220"}],"curies":[{"name":"wp","href":"https:\/\/api.w.org\/{rel}","templated":true}]}}