{"id":931222,"date":"2022-09-29T14:48:56","date_gmt":"2022-09-29T17:48:56","guid":{"rendered":"https:\/\/www.cnbb.org.br\/?p=931222"},"modified":"2022-09-29T14:49:37","modified_gmt":"2022-09-29T17:49:37","slug":"oportunismo-eleitoreiro","status":"publish","type":"post","link":"https:\/\/www.cnbb.org.br\/oportunismo-eleitoreiro\/","title":{"rendered":"Oportunismo eleitoreiro"},"content":{"rendered":"<p style=\"text-align: right;\"><strong>Dom Antonio de Assis Ribeiro<\/strong><br \/>\n<strong>Bispo de Bel\u00e9m (PA)\u00a0<\/strong><\/p>\n<p>&nbsp;<\/p>\n<p style=\"text-align: justify;\"><span data-contrast=\"auto\">Neste tempo de campanha eleitoral, como todos os anos, fomos tocados pelo festival das elei\u00e7\u00f5es: discursos inflamados, propostas mirabolantes, confus\u00e3o de compet\u00eanicas; vimos candidatos se passando por amiguinhos do povo nas periferias cumprimentando, abra\u00e7ando, ouvindo e comendo com os pobres; muitos ilustres desconhecidos e sujeitos sem hist\u00f3ria de luta social!\u00a0<\/span><span data-ccp-props=\"{&quot;201341983&quot;:0,&quot;335551550&quot;:6,&quot;335551620&quot;:6,&quot;335559739&quot;:0,&quot;335559740&quot;:240}\">\u00a0<\/span><\/p>\n<p style=\"text-align: justify;\"><span data-contrast=\"auto\">A calmaria vai voltar, os clamores continuar<\/span><span data-contrast=\"auto\">\u00e3o e<\/span><span data-contrast=\"auto\"> milhares de abanadores de bandeiras permanecer\u00e3o desempregados. Continuaremos com a car\u00eancia de pessoas generosas, cr\u00edticas e comprometidas com a promo\u00e7\u00e3o de um mundo melhor no dia a dia. O oportunismo eleitoreiro deve ser objeto da nossa reflex\u00e3o e nos levar com criticidade a aprofundar qual perfil de servidores na categoria de pol\u00edticos queremos para o Brasil. O que est\u00e1 por detr\u00e1s de tantos interesses em se eleger? Por que tanta agressividade? Por que sempre o concorrente n\u00e3o presta? Por que um sujeito, partido ou institui\u00e7\u00e3o, gastam tanto para eleger seu candidato? Qual ser\u00e1 a estrat\u00e9gia do pagamento das d\u00edvidas? Ser\u00e1 que todo esse esfor\u00e7o, para todos, <\/span><span data-contrast=\"auto\">\u00e9 <\/span><span data-contrast=\"auto\">sinal de compromisso com o Bem Comum?\u00a0 S\u00e3o quest<\/span><span data-contrast=\"auto\">\u00f5es<\/span><span data-contrast=\"auto\"> importantes! O Brasil precisa de pol\u00edticas institucionais de longo alcance, permanentes, universais, interdependentes. Por isso, n\u00e3o pode ficar <\/span><span data-contrast=\"auto\">\u00e0<\/span><span data-contrast=\"auto\"> deriva das pol\u00edticas de governos e nem de aventureiros.\u00a0<\/span><span data-ccp-props=\"{&quot;201341983&quot;:0,&quot;335551550&quot;:6,&quot;335551620&quot;:6,&quot;335559739&quot;:0,&quot;335559740&quot;:240}\">\u00a0<\/span><\/p>\n<p style=\"text-align: justify;\"><span data-contrast=\"auto\">Certa vez, houve uma discuss\u00e3o entre os disc\u00edpulos de Jesus e o objeto da quest\u00e3o\u00a0<\/span><span data-ccp-props=\"{&quot;201341983&quot;:0,&quot;335551550&quot;:6,&quot;335551620&quot;:6,&quot;335559739&quot;:0,&quot;335559740&quot;:240}\">\u00a0<\/span><\/p>\n<p style=\"text-align: justify;\"><span data-contrast=\"auto\">era sobre quem deles era o maior (cf. Lc 9,46-49). Isso significava o desejo de um fazer prevalecer sobre os outros seus pr\u00f3prios interesses, fantasias, pretens<\/span><span data-contrast=\"auto\">\u00f5es<\/span><span data-contrast=\"auto\">, vontade&#8230; Essa disputa entre os disc\u00edpulos acusava a busca de gl\u00f3ria pessoal, sinal de tenta\u00e7\u00e3o da vaidade. Dela vem sutis formas de viol\u00eancias sobre os outros! A vaidade nunca serve, s\u00f3 se serve! E assim \u00e9 a vida do vaidoso em qualquer contexto.\u00a0<\/span><span data-ccp-props=\"{&quot;201341983&quot;:0,&quot;335551550&quot;:6,&quot;335551620&quot;:6,&quot;335559739&quot;:0,&quot;335559740&quot;:240}\">\u00a0<\/span><\/p>\n<p style=\"text-align: justify;\"><span data-contrast=\"auto\">Na interven\u00e7\u00e3o de Jesus, os disc\u00edpulos foram chamados a uma radical mudan\u00e7a de preocupa\u00e7\u00e3o e mentalidade. Quem quer ser prestigiado, reconhecido como grande, dever\u00e1 cultivar a atitude de gratuidade, simplicidade, servi\u00e7o! Nisso ningu\u00e9m deve se impor nem comprar ningu\u00e9m! Tamb\u00e9m isso serve para a pol\u00edtica. Quem quer ser notado deve aprender a servir gratuitamente, com generosidade, transpar\u00eancia, ser capaz de compromisso cotidiano com o exerc\u00edcio da filantropia, caridade, responsabilidade social. S\u00e3o Paulo nos adverte para n\u00e3o nos deixarmos levar pela mania de grandeza (cf. Rm 12,16). Jesus esclarece que o sadio desejo de grandeza deve ser consequ\u00eancia do testemunho da f\u00e9, da gratuidade, do amor (cf. Mt 5,12).\u00a0\u00a0\u00a0\u00a0\u00a0\u00a0<\/span><span data-ccp-props=\"{&quot;201341983&quot;:0,&quot;335551550&quot;:6,&quot;335551620&quot;:6,&quot;335559739&quot;:0,&quot;335559740&quot;:240}\">\u00a0<\/span><\/p>\n<p style=\"text-align: justify;\"><span data-contrast=\"auto\">Quem busca gl\u00f3ria e status, buscar\u00e1 atrair sobre si benef\u00edcios, aplausos, riquezas e muitas formas de compensa\u00e7<\/span><span data-contrast=\"auto\">\u00e3o<\/span><span data-contrast=\"auto\">. Por isso, seu servi\u00e7o ser\u00e1 seletivo e voltado para seus interesses e aqueles da sua categoria, porque lhe falta a compreens\u00e3o das exig\u00eancias do Bem Comum, da justi\u00e7a social e do desenvolvimento humano integral.\u00a0<\/span><span data-ccp-props=\"{&quot;201341983&quot;:0,&quot;335551550&quot;:6,&quot;335551620&quot;:6,&quot;335559739&quot;:0,&quot;335559740&quot;:240}\">\u00a0<\/span><\/p>\n<p style=\"text-align: justify;\"><span data-contrast=\"auto\">Quem compreendeu a identidade da aut\u00eantica pol\u00edtica, se faz servidor p\u00fablico com esp\u00edrito \u00e9tico e senso de cidadania; esse poder\u00e1 fazer um grande bem \u00e0 sociedade, pois se a \u201ccidade celeste\u201d<\/span><span data-contrast=\"auto\"> \u00e9 <\/span><span data-contrast=\"auto\">servida pelos anjos, por sua vez, a \u201ccidade terrena\u201d, <\/span><span data-contrast=\"auto\">\u00e9 cuidada <\/span><span data-contrast=\"auto\">por aut\u00eanticos cidad\u00e3os apaixonados pela dignidade de todos. Que todos os que forem eleitos continuem nas ruas e amigos do povo!<\/span><span data-ccp-props=\"{&quot;201341983&quot;:0,&quot;335551550&quot;:6,&quot;335551620&quot;:6,&quot;335559739&quot;:0,&quot;335559740&quot;:240}\">\u00a0<\/span><\/p>\n","protected":false},"excerpt":{"rendered":"<p>Dom Antonio de Assis Ribeiro Bispo de Bel\u00e9m (PA)\u00a0 &nbsp; Neste tempo de campanha eleitoral, como todos os anos, fomos tocados pelo festival das elei\u00e7\u00f5es: discursos inflamados, propostas mirabolantes, confus\u00e3o de compet\u00eanicas; vimos candidatos se passando por amiguinhos do povo nas periferias cumprimentando, abra\u00e7ando, ouvindo e comendo com os pobres; muitos ilustres desconhecidos e sujeitos &hellip;<\/p>\n<p class=\"read-more\"> <a class=\"\" href=\"https:\/\/www.cnbb.org.br\/oportunismo-eleitoreiro\/\"> <span class=\"screen-reader-text\">Oportunismo eleitoreiro<\/span> Leia mais &raquo;<\/a><\/p>\n","protected":false},"author":79,"featured_media":0,"comment_status":"open","ping_status":"open","sticky":false,"template":"","format":"standard","meta":{"site-sidebar-layout":"default","site-content-layout":"default","ast-global-header-display":"","ast-banner-title-visibility":"","ast-main-header-display":"","ast-hfb-above-header-display":"","ast-hfb-below-header-display":"","ast-hfb-mobile-header-display":"","site-post-title":"","ast-breadcrumbs-content":"","ast-featured-img":"","footer-sml-layout":"","theme-transparent-header-meta":"default","adv-header-id-meta":"","stick-header-meta":"","header-above-stick-meta":"","header-main-stick-meta":"","header-below-stick-meta":""},"categories":[758],"tags":[],"acf":[],"_links":{"self":[{"href":"https:\/\/www.cnbb.org.br\/cnbb-app\/wp\/v2\/posts\/931222"}],"collection":[{"href":"https:\/\/www.cnbb.org.br\/cnbb-app\/wp\/v2\/posts"}],"about":[{"href":"https:\/\/www.cnbb.org.br\/cnbb-app\/wp\/v2\/types\/post"}],"author":[{"embeddable":true,"href":"https:\/\/www.cnbb.org.br\/cnbb-app\/wp\/v2\/users\/79"}],"replies":[{"embeddable":true,"href":"https:\/\/www.cnbb.org.br\/cnbb-app\/wp\/v2\/comments?post=931222"}],"version-history":[{"count":0,"href":"https:\/\/www.cnbb.org.br\/cnbb-app\/wp\/v2\/posts\/931222\/revisions"}],"wp:attachment":[{"href":"https:\/\/www.cnbb.org.br\/cnbb-app\/wp\/v2\/media?parent=931222"}],"wp:term":[{"taxonomy":"category","embeddable":true,"href":"https:\/\/www.cnbb.org.br\/cnbb-app\/wp\/v2\/categories?post=931222"},{"taxonomy":"post_tag","embeddable":true,"href":"https:\/\/www.cnbb.org.br\/cnbb-app\/wp\/v2\/tags?post=931222"}],"curies":[{"name":"wp","href":"https:\/\/api.w.org\/{rel}","templated":true}]}}