{"id":931264,"date":"2022-09-30T11:26:39","date_gmt":"2022-09-30T14:26:39","guid":{"rendered":"https:\/\/www.cnbb.org.br\/?p=931264"},"modified":"2022-09-30T11:27:22","modified_gmt":"2022-09-30T14:27:22","slug":"27o-domingo-do-tempo-comum-02-10-2022-lc-175-10","status":"publish","type":"post","link":"https:\/\/www.cnbb.org.br\/27o-domingo-do-tempo-comum-02-10-2022-lc-175-10\/","title":{"rendered":"27\u00ba Domingo do Tempo Comum"},"content":{"rendered":"<p style=\"text-align: right;\"><b><span data-contrast=\"none\">Dom Carmo Jo\u00e3o Rhoden\u00a0<\/span><\/b><span data-ccp-props=\"{&quot;201341983&quot;:0,&quot;335551550&quot;:2,&quot;335551620&quot;:2,&quot;335559739&quot;:160,&quot;335559740&quot;:259}\"><br \/>\n<\/span><b><span data-contrast=\"none\">Bispo Em\u00e9rito de Taubat\u00e9 (SP)<\/span><\/b><span data-ccp-props=\"{&quot;201341983&quot;:0,&quot;335551550&quot;:2,&quot;335551620&quot;:2,&quot;335559739&quot;:160,&quot;335559740&quot;:257}\">\u00a0<\/span><\/p>\n<p>&nbsp;<\/p>\n<p style=\"text-align: justify;\"><span data-contrast=\"auto\">Textos do Evangelho, de hoje, que mais chamam aten\u00e7\u00e3o: 1\u00ba Os ap\u00f3stolos disseram ao Senhor: \u201caumenta em n\u00f3s, nossa f\u00e9\u201d. (Lc 17,5) 2\u00ba \u201cSomos servos in\u00fateis, s\u00f3 fizemos, nossa obriga\u00e7\u00e3o\u201d. (Lc 17,10)<\/span><span data-ccp-props=\"{&quot;201341983&quot;:0,&quot;335559739&quot;:160,&quot;335559740&quot;:259}\">\u00a0<\/span><\/p>\n<p style=\"text-align: justify;\"><b><span data-contrast=\"auto\">1\u00ba <\/span><\/b><span data-contrast=\"auto\">Sem f\u00e9, n\u00e3o existe vida crist\u00e3, mas sem amor a f\u00e9 n\u00e3o \u00e9 autenticamente vivida. Quem cr\u00ea, ama e quem ama, certamente cr\u00ea, pois Deus \u00e9 tanto conte\u00fado da f\u00e9, quanto do amor. F\u00e9 e amor s\u00e3o ambos dons de Deus. Por\u00e9m, uma vez, recebidos, devem ser cultivados. Jesus criou, at\u00e9 uma par\u00e1bola, para mostrar a import\u00e2ncia e a efic\u00e1cia da f\u00e9: ela seria capaz de arrancar, at\u00e9 a amoreira, e transplant\u00e1-la. Jesus quis acentuar com isso, claramente, a necessidade e a efic\u00e1cia da f\u00e9. N\u00e3o, certamente, para arrancar e transportar \u00e1rvores. Para isso, temos tratores, mas, seguramente, para alcan\u00e7ar a salva\u00e7\u00e3o. Sem f\u00e9, \u00e9 imposs\u00edvel agradar a Deus, afirma a Escritura. (Hb 11,6; Rm 1,17;5,1; Gl 3,17) Jesus serve-se ainda, de uma hist\u00f3ria tipicamente da cultura oriental, para nos deixar claro, que, somente, Deus \u00e9 de fato: Absoluto e Senhor. Ele, e apenas, Ele deve ser amado e servido, sempre: sobretudo, al\u00e9m de tudo e de todos.<\/span><span data-ccp-props=\"{&quot;201341983&quot;:0,&quot;335551550&quot;:6,&quot;335551620&quot;:6,&quot;335559739&quot;:160,&quot;335559740&quot;:259}\">\u00a0<\/span><\/p>\n<p style=\"text-align: justify;\"><b><span data-contrast=\"auto\">2\u00ba <\/span><\/b><span data-contrast=\"auto\">Mesmo, por\u00e9m, depois de termos feito tudo, o que nos cabe fazer, devemos reconhecer que \u00e9 pouco, pois, n\u00e3o h\u00e1 compara\u00e7\u00e3o, entre o que de Deus recebemos (vida, talento, gra\u00e7a etc&#8230;) e o que, por e para Ele, podemos realizar. Jesus est\u00e1 combatendo, sem afirm\u00e1-lo, concretamente a teoria da autossalva\u00e7\u00e3o (pelas obras) ou a hodierna tese da \u201creligi\u00e3o dos m\u00e9ritos\u201d (meritocracia). N\u00f3s somos servos, mas n\u00e3o in\u00fateis, como lemos, no texto de hoje. \u201cIn\u00fatil\u201d foi, contudo, aquele que mal traduziu o texto do grego. Este, certamente, foi (in\u00fatil) e at\u00e9 tradutor, traidor. Somos fracos, ineptos, incompetentes, mas amados, e valorizados por Deus. Jesus n\u00e3o veio salvar \u201cin\u00fateis\u201d, mas fracos, ou at\u00e9 desajustados e pecadores. A estes veio transformar, valorizar e salvar. (Cf. Jo 3,16)<\/span><span data-ccp-props=\"{&quot;201341983&quot;:0,&quot;335551550&quot;:6,&quot;335551620&quot;:6,&quot;335559739&quot;:160,&quot;335559740&quot;:259}\">\u00a0<\/span><\/p>\n<p style=\"text-align: justify;\"><b><span data-contrast=\"auto\">3\u00ba <\/span><\/b><span data-contrast=\"auto\">Crer, s\u00f3 \u00e9 poss\u00edvel, com a gra\u00e7a de Deus, por\u00e9m uma vez, crentes, cabe-nos colaborar. Por isso, \u201ccrer ou n\u00e3o crer\u201d, este \u00e9 o problema&#8230; Problema? N\u00e3o. Solu\u00e7\u00e3o. O que a confian\u00e7a \u00e9, no campo antropol\u00f3gico, a f\u00e9 o \u00e9, no teol\u00f3gico: dom de Deus. Ressalvo, uma vez mais, ser a f\u00e9, gra\u00e7a (dom). Por isso, cabe deixar bem claro, a colabora\u00e7\u00e3o livre, mas necess\u00e1ria do homem. Ningu\u00e9m \u00e9 salvo, contra sua pr\u00f3pria vontade&#8230; (Cf.Tg 2,18-22)<\/span><span data-ccp-props=\"{&quot;201341983&quot;:0,&quot;335551550&quot;:6,&quot;335551620&quot;:6,&quot;335559739&quot;:160,&quot;335559740&quot;:259}\">\u00a0<\/span><\/p>\n<p style=\"text-align: justify;\"><b><span data-contrast=\"auto\">4\u00ba <\/span><\/b><span data-contrast=\"auto\">Lembro, ainda, que outubro n\u00e3o \u00e9, apenas, o m\u00eas das elei\u00e7\u00f5es, para os brasileiros, mas tamb\u00e9m, o das <\/span><span data-contrast=\"auto\">miss\u00f5es<\/span><span data-contrast=\"auto\"> e o da <\/span><span data-contrast=\"auto\">Padroeira<\/span><span data-contrast=\"auto\"> do Brasil, sem esquecer as queridas <\/span><span data-contrast=\"auto\">crian\u00e7as<\/span><span data-contrast=\"auto\">, bem como, os, nem sempre, valorizados <\/span><span data-contrast=\"auto\">Professores<\/span><span data-contrast=\"auto\">(as), do <\/span><span data-contrast=\"auto\">Ecumenismo<\/span><span data-contrast=\"auto\">. A Pr\u00f3-Sa\u00fade n\u00e3o pode, e nem vai esquecer, o dia do <\/span><span data-contrast=\"auto\">M\u00e9dico<\/span><span data-contrast=\"auto\">(a).<\/span><span data-ccp-props=\"{&quot;201341983&quot;:0,&quot;335551550&quot;:6,&quot;335551620&quot;:6,&quot;335559739&quot;:160,&quot;335559740&quot;:259}\">\u00a0<\/span><\/p>\n<p><b><span data-contrast=\"none\">\u00a0\u00a0\u00a0\u00a0\u00a0\u00a0\u00a0\u00a0\u00a0\u00a0\u00a0\u00a0\u00a0\u00a0\u00a0\u00a0\u00a0\u00a0\u00a0\u00a0\u00a0\u00a0\u00a0\u00a0\u00a0\u00a0\u00a0\u00a0\u00a0\u00a0\u00a0\u00a0\u00a0\u00a0\u00a0\u00a0\u00a0\u00a0\u00a0\u00a0\u00a0\u00a0\u00a0\u00a0\u00a0\u00a0\u00a0\u00a0\u00a0\u00a0<\/span><\/b><span data-ccp-props=\"{&quot;201341983&quot;:0,&quot;335551550&quot;:6,&quot;335551620&quot;:6,&quot;335559739&quot;:160,&quot;335559740&quot;:259}\">\u00a0<\/span><\/p>\n<p>&nbsp;<\/p>\n<p><span data-ccp-props=\"{&quot;201341983&quot;:0,&quot;335551550&quot;:6,&quot;335551620&quot;:6,&quot;335559739&quot;:160,&quot;335559740&quot;:259}\">\u00a0<\/span><\/p>\n<p><span data-ccp-props=\"{&quot;201341983&quot;:0,&quot;335559739&quot;:160,&quot;335559740&quot;:259}\">\u00a0<\/span><\/p>\n","protected":false},"excerpt":{"rendered":"<p>Dom Carmo Jo\u00e3o Rhoden\u00a0 Bispo Em\u00e9rito de Taubat\u00e9 (SP)\u00a0 &nbsp; Textos do Evangelho, de hoje, que mais chamam aten\u00e7\u00e3o: 1\u00ba Os ap\u00f3stolos disseram ao Senhor: \u201caumenta em n\u00f3s, nossa f\u00e9\u201d. (Lc 17,5) 2\u00ba \u201cSomos servos in\u00fateis, s\u00f3 fizemos, nossa obriga\u00e7\u00e3o\u201d. (Lc 17,10)\u00a0 1\u00ba Sem f\u00e9, n\u00e3o existe vida crist\u00e3, mas sem amor a f\u00e9 n\u00e3o &hellip;<\/p>\n<p class=\"read-more\"> <a class=\"\" href=\"https:\/\/www.cnbb.org.br\/27o-domingo-do-tempo-comum-02-10-2022-lc-175-10\/\"> <span class=\"screen-reader-text\">27\u00ba Domingo do Tempo Comum<\/span> Leia mais &raquo;<\/a><\/p>\n","protected":false},"author":132,"featured_media":0,"comment_status":"open","ping_status":"open","sticky":false,"template":"","format":"standard","meta":{"site-sidebar-layout":"default","site-content-layout":"default","ast-global-header-display":"","ast-banner-title-visibility":"","ast-main-header-display":"","ast-hfb-above-header-display":"","ast-hfb-below-header-display":"","ast-hfb-mobile-header-display":"","site-post-title":"","ast-breadcrumbs-content":"","ast-featured-img":"","footer-sml-layout":"","theme-transparent-header-meta":"default","adv-header-id-meta":"","stick-header-meta":"","header-above-stick-meta":"","header-main-stick-meta":"","header-below-stick-meta":""},"categories":[758],"tags":[],"acf":[],"_links":{"self":[{"href":"https:\/\/www.cnbb.org.br\/cnbb-app\/wp\/v2\/posts\/931264"}],"collection":[{"href":"https:\/\/www.cnbb.org.br\/cnbb-app\/wp\/v2\/posts"}],"about":[{"href":"https:\/\/www.cnbb.org.br\/cnbb-app\/wp\/v2\/types\/post"}],"author":[{"embeddable":true,"href":"https:\/\/www.cnbb.org.br\/cnbb-app\/wp\/v2\/users\/132"}],"replies":[{"embeddable":true,"href":"https:\/\/www.cnbb.org.br\/cnbb-app\/wp\/v2\/comments?post=931264"}],"version-history":[{"count":0,"href":"https:\/\/www.cnbb.org.br\/cnbb-app\/wp\/v2\/posts\/931264\/revisions"}],"wp:attachment":[{"href":"https:\/\/www.cnbb.org.br\/cnbb-app\/wp\/v2\/media?parent=931264"}],"wp:term":[{"taxonomy":"category","embeddable":true,"href":"https:\/\/www.cnbb.org.br\/cnbb-app\/wp\/v2\/categories?post=931264"},{"taxonomy":"post_tag","embeddable":true,"href":"https:\/\/www.cnbb.org.br\/cnbb-app\/wp\/v2\/tags?post=931264"}],"curies":[{"name":"wp","href":"https:\/\/api.w.org\/{rel}","templated":true}]}}