{"id":931300,"date":"2022-09-30T14:33:58","date_gmt":"2022-09-30T17:33:58","guid":{"rendered":"https:\/\/www.cnbb.org.br\/?p=931300"},"modified":"2022-09-30T15:15:46","modified_gmt":"2022-09-30T18:15:46","slug":"nucleo-lux-mundi-promove-curso-sobre-prevencao-e-protecao-a-vulneraveis-para-seminaristas","status":"publish","type":"post","link":"https:\/\/www.cnbb.org.br\/nucleo-lux-mundi-promove-curso-sobre-prevencao-e-protecao-a-vulneraveis-para-seminaristas\/","title":{"rendered":"N\u00facleo Lux Mundi promove curso sobre preven\u00e7\u00e3o e prote\u00e7\u00e3o a vulner\u00e1veis para seminaristas"},"content":{"rendered":"<p style=\"text-align: justify;\">De 4 a 6 de outubro, o N\u00facleo Lux Mundi promove o curso &#8220;Preven\u00e7\u00e3o e prote\u00e7\u00e3o para vulner\u00e1veis na Igreja Cat\u00f3lica: percurso formativo na voca\u00e7\u00e3o religiosa e presbiteral&#8221;. A forma\u00e7\u00e3o \u00e9 voltada para seminaristas e busca aprofundar os esfor\u00e7os da Igreja na prote\u00e7\u00e3o das crian\u00e7as, dos adolescentes e pessoas vulner\u00e1veis.<\/p>\n<p>A diretora do N\u00facleo Lux Mundi, Eliane Souza De Carli, destaca que, no contexto do\u00a0<em>Moto Proprio Vos Estis Lux Mundi<\/em>, do Papa Francisco, \u00e9 importante &#8220;falar sobre a tem\u00e1tica da preven\u00e7\u00e3o de viol\u00eancia\/abusos de poder, de consci\u00eancia e sexuais no per\u00edodo da forma\u00e7\u00e3o abrangendo aspectos da afetividade e sexualidade&#8221;. O documento pontif\u00edcio, lan\u00e7ado em 2019, traz \u00e0 Igreja o pedido de que\u00a0fossem institu\u00eddas uma ou mais estruturas est\u00e1veis para acolhimento das assinala\u00e7\u00f5es, bem como para promover a\u00e7\u00f5es de preven\u00e7\u00e3o destas viol\u00eancias ou abusos, explicou Eliane.<\/p>\n<h3>Programa\u00e7\u00e3o<\/h3>\n<p style=\"text-align: justify;\">No primeiro dia, conduzido pela Dra. Irma Patricia Espinosa, os participantes ir\u00e3o tratar do tema \u201cEduca\u00e7\u00e3o em afetividade e sexualidade na vida religiosa e consagrada\u201d. A conferencista \u00e9 mexicana e atua como m\u00e9dica especialista em psiquiatria, al\u00e9m de outras qualifica\u00e7\u00f5es. Ela \u00e9 coordenadora da Se\u00e7\u00e3o de Filosofia da Psiquiatria da Associa\u00e7\u00e3o Mexicana de de Psiquiatria e professora visitante da Pontif\u00edcia Universidade Gregoriana de Roma.<\/p>\n<p style=\"text-align: justify;\">Em \u00e2mbito eclesial, Patricia Espinosa \u00e9 membro do Conselho Nacional para a Prote\u00e7\u00e3o dos Menores da Confer\u00eancia Episcopal mexicana; coordenadora do Departamento de Desenvolvimento Humano e Psicopedagogia do Semin\u00e1rio Conciliar do M\u00e9xico; conselheira fundadora do Conselho Latino-Americano de Prote\u00e7\u00e3o ao Menor (CEPROME) America Latina; e coordenadora da \u00e1rea Cl\u00ednica e Avalia\u00e7\u00e3o e Psicodiagn\u00f3stico.<\/p>\n<p style=\"text-align: justify;\">No segundo dia do curso, o tema ser\u00e1 &#8220;Atualiza\u00e7\u00f5es recentes, gravidade e consequ\u00eancias can\u00f4nicas dos delitos&#8221;, conduzida pelo padre Everton Fernandes Moraes, da arquidiocese de S\u00e3o Paulo (SP). O presb\u00edtero \u00e9 mestre e doutor em Direito Can\u00f4nico pela Faculdade de Direito Can\u00f4nico S\u00e3o Paulo Ap\u00f3stolo.<\/p>\n<p style=\"text-align: justify;\">Atualmente, \u00e9 chanceler da arquidiocese de S\u00e3o Paulo, diretor da Faculdade de Direito Can\u00f4nico S\u00e3o Paulo Ap\u00f3stolo; promotor de Justi\u00e7a do Tribunal Eclesi\u00e1stico; membro do Conselho de Presb\u00edteros e do Col\u00e9gio de Consultores. Em \u00e2mbito nacional, colabora na Comiss\u00e3o de assessoria jur\u00eddico-can\u00f4nica da CNBB; e na Comiss\u00e3o especial para a prote\u00e7\u00e3o da crian\u00e7a e do adolescente da CNBB.<\/p>\n<p style=\"text-align: justify;\">J\u00e1 no terceiro e \u00faltimo dia da forma\u00e7\u00e3o, ser\u00e1 aprofundado o tema &#8220;Voto de obedi\u00eancia x abuso de autoridade&#8221;. Conduzir\u00e1 a confer\u00eancia o frei Oton da Silva Ara\u00fajo Jr.<\/p>\n<p style=\"text-align: justify;\">Pertencente \u00e0 Ordem os Frades Menores (OFM), frei Oton \u00e9 doutor em Teologia Moral pela Academia Alfonsina de Roma; professor no Instituto Santo Tom\u00e1s de Aquino, em Belo Horizonte (MG); membro da Equipe Interdisciplinar da Confer\u00eancia dos Religiosos do Brasil (CRB) Nacional e da Equipe de Reflex\u00e3o Teologica da Confedera\u00e7\u00e3o dos Religiosos da Am\u00e9ca Latina e Cabibe (CLAR).<\/p>\n<div id='gallery-1' class='gallery galleryid-931300 gallery-columns-4 gallery-size-medium'><figure class='gallery-item'>\n\t\t\t<div class='gallery-icon landscape'>\n\t\t\t\t<img width=\"300\" height=\"300\" src=\"https:\/\/www.cnbb.org.br\/wp-content\/uploads\/2022\/09\/Prevencao-Protecao-seminaristas-1-300x300.jpeg\" class=\"attachment-medium size-medium\" alt=\"\" decoding=\"async\" loading=\"lazy\" srcset=\"https:\/\/www.cnbb.org.br\/wp-content\/uploads\/2022\/09\/Prevencao-Protecao-seminaristas-1-300x300.jpeg 300w, https:\/\/www.cnbb.org.br\/wp-content\/uploads\/2022\/09\/Prevencao-Protecao-seminaristas-1-1024x1024.jpeg 1024w, https:\/\/www.cnbb.org.br\/wp-content\/uploads\/2022\/09\/Prevencao-Protecao-seminaristas-1-150x150.jpeg 150w, https:\/\/www.cnbb.org.br\/wp-content\/uploads\/2022\/09\/Prevencao-Protecao-seminaristas-1-768x768.jpeg 768w, https:\/\/www.cnbb.org.br\/wp-content\/uploads\/2022\/09\/Prevencao-Protecao-seminaristas-1-800x800.jpeg 800w, https:\/\/www.cnbb.org.br\/wp-content\/uploads\/2022\/09\/Prevencao-Protecao-seminaristas-1-500x500.jpeg 500w, https:\/\/www.cnbb.org.br\/wp-content\/uploads\/2022\/09\/Prevencao-Protecao-seminaristas-1.jpeg 1080w\" sizes=\"(max-width: 300px) 100vw, 300px\" \/>\n\t\t\t<\/div><\/figure><figure class='gallery-item'>\n\t\t\t<div class='gallery-icon landscape'>\n\t\t\t\t<img width=\"300\" height=\"300\" src=\"https:\/\/www.cnbb.org.br\/wp-content\/uploads\/2022\/09\/Prevencao-Protecao-seminaristas-7-300x300.jpeg\" class=\"attachment-medium size-medium\" alt=\"\" decoding=\"async\" loading=\"lazy\" srcset=\"https:\/\/www.cnbb.org.br\/wp-content\/uploads\/2022\/09\/Prevencao-Protecao-seminaristas-7-300x300.jpeg 300w, https:\/\/www.cnbb.org.br\/wp-content\/uploads\/2022\/09\/Prevencao-Protecao-seminaristas-7-1024x1024.jpeg 1024w, https:\/\/www.cnbb.org.br\/wp-content\/uploads\/2022\/09\/Prevencao-Protecao-seminaristas-7-150x150.jpeg 150w, https:\/\/www.cnbb.org.br\/wp-content\/uploads\/2022\/09\/Prevencao-Protecao-seminaristas-7-768x768.jpeg 768w, https:\/\/www.cnbb.org.br\/wp-content\/uploads\/2022\/09\/Prevencao-Protecao-seminaristas-7-800x800.jpeg 800w, https:\/\/www.cnbb.org.br\/wp-content\/uploads\/2022\/09\/Prevencao-Protecao-seminaristas-7-500x500.jpeg 500w, https:\/\/www.cnbb.org.br\/wp-content\/uploads\/2022\/09\/Prevencao-Protecao-seminaristas-7.jpeg 1080w\" sizes=\"(max-width: 300px) 100vw, 300px\" \/>\n\t\t\t<\/div><\/figure><figure class='gallery-item'>\n\t\t\t<div class='gallery-icon landscape'>\n\t\t\t\t<img width=\"300\" height=\"300\" src=\"https:\/\/www.cnbb.org.br\/wp-content\/uploads\/2022\/09\/Prevencao-Protecao-seminaristas-8-300x300.jpeg\" class=\"attachment-medium size-medium\" alt=\"\" decoding=\"async\" loading=\"lazy\" srcset=\"https:\/\/www.cnbb.org.br\/wp-content\/uploads\/2022\/09\/Prevencao-Protecao-seminaristas-8-300x300.jpeg 300w, https:\/\/www.cnbb.org.br\/wp-content\/uploads\/2022\/09\/Prevencao-Protecao-seminaristas-8-1024x1024.jpeg 1024w, https:\/\/www.cnbb.org.br\/wp-content\/uploads\/2022\/09\/Prevencao-Protecao-seminaristas-8-150x150.jpeg 150w, https:\/\/www.cnbb.org.br\/wp-content\/uploads\/2022\/09\/Prevencao-Protecao-seminaristas-8-768x768.jpeg 768w, https:\/\/www.cnbb.org.br\/wp-content\/uploads\/2022\/09\/Prevencao-Protecao-seminaristas-8-800x800.jpeg 800w, https:\/\/www.cnbb.org.br\/wp-content\/uploads\/2022\/09\/Prevencao-Protecao-seminaristas-8-500x500.jpeg 500w, https:\/\/www.cnbb.org.br\/wp-content\/uploads\/2022\/09\/Prevencao-Protecao-seminaristas-8.jpeg 1080w\" sizes=\"(max-width: 300px) 100vw, 300px\" \/>\n\t\t\t<\/div><\/figure><figure class='gallery-item'>\n\t\t\t<div class='gallery-icon landscape'>\n\t\t\t\t<img width=\"300\" height=\"300\" src=\"https:\/\/www.cnbb.org.br\/wp-content\/uploads\/2022\/09\/Prevencao-Protecao-seminaristas-6-300x300.jpeg\" class=\"attachment-medium size-medium\" alt=\"\" decoding=\"async\" loading=\"lazy\" srcset=\"https:\/\/www.cnbb.org.br\/wp-content\/uploads\/2022\/09\/Prevencao-Protecao-seminaristas-6-300x300.jpeg 300w, https:\/\/www.cnbb.org.br\/wp-content\/uploads\/2022\/09\/Prevencao-Protecao-seminaristas-6-1024x1024.jpeg 1024w, https:\/\/www.cnbb.org.br\/wp-content\/uploads\/2022\/09\/Prevencao-Protecao-seminaristas-6-150x150.jpeg 150w, https:\/\/www.cnbb.org.br\/wp-content\/uploads\/2022\/09\/Prevencao-Protecao-seminaristas-6-768x768.jpeg 768w, https:\/\/www.cnbb.org.br\/wp-content\/uploads\/2022\/09\/Prevencao-Protecao-seminaristas-6-800x800.jpeg 800w, https:\/\/www.cnbb.org.br\/wp-content\/uploads\/2022\/09\/Prevencao-Protecao-seminaristas-6-500x500.jpeg 500w, https:\/\/www.cnbb.org.br\/wp-content\/uploads\/2022\/09\/Prevencao-Protecao-seminaristas-6.jpeg 1080w\" sizes=\"(max-width: 300px) 100vw, 300px\" \/>\n\t\t\t<\/div><\/figure>\n\t\t<\/div>\n\n<p><em><strong><a href=\"https:\/\/ciaticket.com.br\/e\/prevencao-e-protecao-para-vulneraveis-na-igreja-catolica04102022-686\" target=\"_blank\" rel=\"noopener\">P\u00e1gina de inscri\u00e7\u00f5es<\/a><\/strong><\/em><\/p>\n<p>O curso \u00e9 realizado com a Confer\u00eancia Nacional dos Bispos do Brasil (CNBB), a Confer\u00eancia dos Religiosos do Brasil (CRB) e a Organiza\u00e7\u00e3o dos Semin\u00e1rios e Institutos Filos\u00f3fico-Teol\u00f3gicos do Brasil (Osib).<\/p>\n","protected":false},"excerpt":{"rendered":"<p>A diretora do N\u00facleo Lux Mundi, Eliane Souza De Carli, destaca que, no contexto do\u00a0Moto Proprio Vos Estis Lux Mundi, do Papa Francisco, \u00e9 importante &#8220;falar sobre a tem\u00e1tica da preven\u00e7\u00e3o de viol\u00eancia\/abusos de poder, de consci\u00eancia e sexuais no per\u00edodo da forma\u00e7\u00e3o abrangendo aspectos da afetividade e sexualidade&#8221;<\/p>\n","protected":false},"author":38,"featured_media":931314,"comment_status":"open","ping_status":"open","sticky":false,"template":"","format":"standard","meta":{"site-sidebar-layout":"default","site-content-layout":"default","ast-global-header-display":"","ast-banner-title-visibility":"","ast-main-header-display":"","ast-hfb-above-header-display":"","ast-hfb-below-header-display":"","ast-hfb-mobile-header-display":"","site-post-title":"","ast-breadcrumbs-content":"","ast-featured-img":"","footer-sml-layout":"","theme-transparent-header-meta":"default","adv-header-id-meta":"","stick-header-meta":"","header-above-stick-meta":"","header-main-stick-meta":"","header-below-stick-meta":""},"categories":[815,50,1833],"tags":[1914,4044,4689,3034],"acf":[],"_links":{"self":[{"href":"https:\/\/www.cnbb.org.br\/cnbb-app\/wp\/v2\/posts\/931300"}],"collection":[{"href":"https:\/\/www.cnbb.org.br\/cnbb-app\/wp\/v2\/posts"}],"about":[{"href":"https:\/\/www.cnbb.org.br\/cnbb-app\/wp\/v2\/types\/post"}],"author":[{"embeddable":true,"href":"https:\/\/www.cnbb.org.br\/cnbb-app\/wp\/v2\/users\/38"}],"replies":[{"embeddable":true,"href":"https:\/\/www.cnbb.org.br\/cnbb-app\/wp\/v2\/comments?post=931300"}],"version-history":[{"count":0,"href":"https:\/\/www.cnbb.org.br\/cnbb-app\/wp\/v2\/posts\/931300\/revisions"}],"wp:featuredmedia":[{"embeddable":true,"href":"https:\/\/www.cnbb.org.br\/cnbb-app\/wp\/v2\/media\/931314"}],"wp:attachment":[{"href":"https:\/\/www.cnbb.org.br\/cnbb-app\/wp\/v2\/media?parent=931300"}],"wp:term":[{"taxonomy":"category","embeddable":true,"href":"https:\/\/www.cnbb.org.br\/cnbb-app\/wp\/v2\/categories?post=931300"},{"taxonomy":"post_tag","embeddable":true,"href":"https:\/\/www.cnbb.org.br\/cnbb-app\/wp\/v2\/tags?post=931300"}],"curies":[{"name":"wp","href":"https:\/\/api.w.org\/{rel}","templated":true}]}}