{"id":931480,"date":"2022-10-05T11:06:01","date_gmt":"2022-10-05T14:06:01","guid":{"rendered":"https:\/\/www.cnbb.org.br\/?p=931480"},"modified":"2022-10-05T11:06:01","modified_gmt":"2022-10-05T14:06:01","slug":"sul-2-3o-ano-letivo-escola-missao-guine-bissau","status":"publish","type":"post","link":"https:\/\/www.cnbb.org.br\/sul-2-3o-ano-letivo-escola-missao-guine-bissau\/","title":{"rendered":"Regional Sul 2 da CNBB inicia terceiro ano letivo da escola mantida por miss\u00e3o cat\u00f3lica em Guin\u00e9 Bissau"},"content":{"rendered":"<p>A iniciativa mission\u00e1ria mantida pelo Regional Sul 2 da Confer\u00eancia Nacional dos Bispos do Brasil (CNBB) em Guin\u00e9 Bissau abriu o terceiro ano letivo na Escola S\u00e3o Paulo VI, localizada na cidade de Quebo. As atividades letivas tiveram in\u00edcio no dia 3 de outubro com 160 alunos, divididos em seis turmas do Jardim de Inf\u00e2ncia at\u00e9 o 2\u00ba per\u00edodo.<\/p>\n<p>Na Guin\u00e9 Bissau, o ano letivo tem in\u00edcio no m\u00eas de outubro, ap\u00f3s o intenso per\u00edodo de chuvas. As aulas seguem at\u00e9 o m\u00eas de julho.<\/p>\n<p>A escola iniciou suas atividades em outubro de 2020, com tr\u00eas turmas de jardim de inf\u00e2ncia. No ano seguinte, os alunos que cursaram o Jardim III avan\u00e7aram uma etapa e inauguraram a turma da primeira classe, dando in\u00edcio ao que, no Brasil, corresponde ao Ensino Fundamental. Neste ano, esses alunos da 1\u00aa classe avan\u00e7aram para a 2\u00aa classe. Essa \u00e9 a proposta da escola, ir aumentando as turmas gradativamente, \u00e0 medida que forem avan\u00e7ando as etapas.<\/p>\n<p><img decoding=\"async\" class=\"aligncenter\" src=\"https:\/\/cnbbs2.org.br\/wp-content\/uploads\/2022\/10\/WhatsApp-Image-2022-10-03-at-13.19.25-1.jpeg\" \/><\/p>\n<h3 class=\"wp-block-image\">Nova diretoria<\/h3>\n<div class=\"wp-block-image\"><span style=\"font-size: 16px;\"><img decoding=\"async\" loading=\"lazy\" class=\"alignleft\" src=\"https:\/\/cnbbs2.org.br\/wp-content\/uploads\/2022\/10\/Imagem-do-WhatsApp-de-2022-10-04-as-08.47.19-768x1024.jpg\" width=\"106\" height=\"141\" \/>Neste novo ano letivo, assume a dire\u00e7\u00e3o da escola a irm\u00e3 Helena Yukie Makiyama <em>(foto ao lado),<\/em> que chegou \u00e0 Miss\u00e3o no dia 27 de setembro, junto com irm\u00e3 Maria de F\u00e1tima da Costa. A nova diretora afirma que assumir a dire\u00e7\u00e3o da Escola S\u00e3o Paulo VI \u00e9 um compromisso que abra\u00e7a com muito amor.<\/span><\/div>\n<div>\n<blockquote><p>\u201cTenho consci\u00eancia que devo continuar o que os mission\u00e1rios j\u00e1 fizeram at\u00e9 aqui, que foram muitas coisas bonitas e boas. A Miss\u00e3o S\u00e3o Paulo VI aposta na educa\u00e7\u00e3o porque acredita que \u00e9 um caminho que pode mudar as pessoas e a realidade. J\u00e1 deu pra perceber que as crian\u00e7as daqui s\u00e3o muito inteligentes, s\u00e3o curiosas, t\u00eam sede do saber, s\u00e3o cheias de possibilidades. Ent\u00e3o, investir na educa\u00e7\u00e3o \u00e9 algo que vale a pena\u201d, disse a religiosa.<\/p><\/blockquote>\n<p>Em v\u00eddeo, mission\u00e1rios agradecem, junto \u00e0s crian\u00e7as da escola, o apoio do Regional Sul 2 da CNBB na oferta de educa\u00e7\u00e3o:<\/p>\n<div class=\"ast-oembed-container\" style=\"height: 100%;\"><iframe loading=\"lazy\" title=\"Primeiro dia de aula na Escola da Miss\u00e3o S\u00e3o Paulo VI\" width=\"500\" height=\"281\" src=\"https:\/\/www.youtube.com\/embed\/o9H_qvxpEaI?feature=oembed\" frameborder=\"0\" allow=\"accelerometer; autoplay; clipboard-write; encrypted-media; gyroscope; picture-in-picture\" allowfullscreen><\/iframe><\/div>\n<p>&nbsp;<\/p>\n<\/div>\n<h3>Miss\u00e3o em tr\u00eas \u00e2mbitos<\/h3>\n<p>Mantida desde 2014, a Miss\u00e3o S\u00e3o Paulo VI \u00e9 uma iniciativa do Regional Sul 2 da CNBB que colabora com a diocese de Bafat\u00e1, \u00e0 \u00e9poca governada por dom Pedro Carlos Zilli, falecido em 2021, v\u00edtima da Covid-19.<\/p>\n<p>Quando teve in\u00edcio, foram definidos tr\u00eas \u00e2mbitos de atua\u00e7\u00e3o: evangeliza\u00e7\u00e3o, sa\u00fade e educa\u00e7\u00e3o. Os primeiros mission\u00e1rios enviados, logo come\u00e7aram o trabalho de evangeliza\u00e7\u00e3o e a colaborar na sa\u00fade, ajudando no pequeno hospital da cidade de Quebo, prec\u00e1rio em todos os aspectos, e tamb\u00e9m atendendo as pessoas da comunidade, com curativos e primeiros socorros.<\/p>\n<p>A educa\u00e7\u00e3o, inicialmente, era o sonho de construir uma escola no terreno da miss\u00e3o para poder oferecer ensino \u00e0s crian\u00e7as e jovens. Esse sonho foi amadurecido, projetado e come\u00e7ou a ser concretizado em 2019, com a constru\u00e7\u00e3o f\u00edsica da escola. Ao mesmo tempo, professores volunt\u00e1rios no Brasil, em conjunto com educadores guineenses, come\u00e7aram a construir o projeto pol\u00edtico pedag\u00f3gico da escola.<\/p>\n<p>A escola est\u00e1 projetada para atender desde o jardim de inf\u00e2ncia at\u00e9 o ensino t\u00e9cnico. Para isso, escutando a realidade guineense, est\u00e3o sendo constru\u00eddos 3 blocos.<\/p>\n<figure style=\"width: 1021px\" class=\"wp-caption aligncenter\"><img decoding=\"async\" loading=\"lazy\" src=\"https:\/\/cnbbs2.org.br\/wp-content\/uploads\/2022\/10\/projeto-arq-6-Copy.jpg\" alt=\"\" width=\"1021\" height=\"440\" \/><figcaption class=\"wp-caption-text\">Projeto arquitet\u00f4nico da escola foi realizado, voluntariamente, pela arquiteta Let\u00edcia Surmas, da diocese de Uni\u00e3o da Vit\u00f3ria (PR)<\/figcaption><\/figure>\n<div>\n<p>Atualmente, a escola \u00e9 administrada pela Miss\u00e3o S\u00e3o Paulo VI, de responsabilidade da Igreja no Paran\u00e1, e a doc\u00eancia \u00e9 realizada por professores guineenses. Tamb\u00e9m os funcion\u00e1rios s\u00e3o todos locais.<\/p>\n<p>&nbsp;<\/p>\n<p>Saiba mais:<\/p>\n<h4 class=\"jeg_post_title\"><em><a href=\"https:\/\/cnbbs2.org.br\/2022\/10\/escola-da-missao-da-inicio-ao-3o-ano-letivo-com-160-alunos\/\" target=\"_blank\" rel=\"noopener\">Escola da Miss\u00e3o d\u00e1 in\u00edcio ao 3\u00ba ano letivo com 160 alunos<\/a><\/em><\/h4>\n<\/div>\n<p>&nbsp;<\/p>\n<pre>Com Karina Carvalho\/CNBB Sul 2\r\nFotos: divulga\u00e7\u00e3o\/CNBB Sul 2<\/pre>\n","protected":false},"excerpt":{"rendered":"<p>As atividades letivas tiveram in\u00edcio no dia 3 de outubro com 160 alunos, divididos em seis turmas do Jardim de Inf\u00e2ncia at\u00e9 o 2\u00ba per\u00edodo. Na Guin\u00e9 Bissau, o ano letivo tem in\u00edcio no m\u00eas de outubro, ap\u00f3s o intenso per\u00edodo de chuvas. As aulas seguem at\u00e9 o m\u00eas de julho<\/p>\n","protected":false},"author":38,"featured_media":931481,"comment_status":"open","ping_status":"open","sticky":false,"template":"","format":"standard","meta":{"site-sidebar-layout":"default","site-content-layout":"default","ast-global-header-display":"","ast-banner-title-visibility":"","ast-main-header-display":"","ast-hfb-above-header-display":"","ast-hfb-below-header-display":"","ast-hfb-mobile-header-display":"","site-post-title":"","ast-breadcrumbs-content":"","ast-featured-img":"","footer-sml-layout":"","theme-transparent-header-meta":"default","adv-header-id-meta":"","stick-header-meta":"","header-above-stick-meta":"","header-main-stick-meta":"","header-below-stick-meta":""},"categories":[50,781],"tags":[2025,2292,2987,4215],"acf":[],"_links":{"self":[{"href":"https:\/\/www.cnbb.org.br\/cnbb-app\/wp\/v2\/posts\/931480"}],"collection":[{"href":"https:\/\/www.cnbb.org.br\/cnbb-app\/wp\/v2\/posts"}],"about":[{"href":"https:\/\/www.cnbb.org.br\/cnbb-app\/wp\/v2\/types\/post"}],"author":[{"embeddable":true,"href":"https:\/\/www.cnbb.org.br\/cnbb-app\/wp\/v2\/users\/38"}],"replies":[{"embeddable":true,"href":"https:\/\/www.cnbb.org.br\/cnbb-app\/wp\/v2\/comments?post=931480"}],"version-history":[{"count":0,"href":"https:\/\/www.cnbb.org.br\/cnbb-app\/wp\/v2\/posts\/931480\/revisions"}],"wp:featuredmedia":[{"embeddable":true,"href":"https:\/\/www.cnbb.org.br\/cnbb-app\/wp\/v2\/media\/931481"}],"wp:attachment":[{"href":"https:\/\/www.cnbb.org.br\/cnbb-app\/wp\/v2\/media?parent=931480"}],"wp:term":[{"taxonomy":"category","embeddable":true,"href":"https:\/\/www.cnbb.org.br\/cnbb-app\/wp\/v2\/categories?post=931480"},{"taxonomy":"post_tag","embeddable":true,"href":"https:\/\/www.cnbb.org.br\/cnbb-app\/wp\/v2\/tags?post=931480"}],"curies":[{"name":"wp","href":"https:\/\/api.w.org\/{rel}","templated":true}]}}