{"id":931667,"date":"2022-10-06T12:05:32","date_gmt":"2022-10-06T15:05:32","guid":{"rendered":"https:\/\/www.cnbb.org.br\/?p=931667"},"modified":"2022-10-06T12:14:10","modified_gmt":"2022-10-06T15:14:10","slug":"igreja-na-america-latina-lanca-a-campanha-frutos-do-sinodo-amazonico","status":"publish","type":"post","link":"https:\/\/www.cnbb.org.br\/igreja-na-america-latina-lanca-a-campanha-frutos-do-sinodo-amazonico\/","title":{"rendered":"Campanha \u201cFrutos do S\u00ednodo Amaz\u00f4nico\u201d comemora tr\u00eas anos de caminho na Amaz\u00f4nia\u00a0"},"content":{"rendered":"<p style=\"text-align: justify;\"><span data-contrast=\"auto\">O Conselho Episcopal Latino-Americano e Caribe (Celam), a Rede Eclesial Pan-Amaz\u00f4nica (Repam), a Confer\u00eancia Eclesial da Amaz\u00f4nia (Ceama), a Confedera\u00e7\u00e3o Latino-Americana e Caribenha de Religiosos (CLAR) e a C\u00e1ritas Am\u00e9rica Latina e Caribe lan\u00e7am a partir de 6 de outubro a campanha <strong>&#8220;Frutos do S\u00ednodo Amaz\u00f4nico&#8221;<\/strong> para celebrar tr\u00eas anos de caminho \u00e0 luz do <a href=\"https:\/\/www.vatican.va\/roman_curia\/synod\/documents\/rc_synod_doc_20191026_sinodo-amazzonia_po.html\" target=\"_blank\" rel=\"noopener\">Documento Final<\/a> e da <a href=\"https:\/\/www.vatican.va\/content\/francesco\/pt\/apost_exhortations\/documents\/papa-francesco_esortazione-ap_20200202_querida-amazonia.html\" target=\"_blank\" rel=\"noopener\">Exorta\u00e7\u00e3o P\u00f3s-Sinodal Querida Amaz\u00f4nia<\/a>.<\/span><span data-ccp-props=\"{&quot;201341983&quot;:0,&quot;335559739&quot;:160,&quot;335559740&quot;:259}\">\u00a0<\/span><\/p>\n<p style=\"text-align: justify;\"><span data-contrast=\"auto\">Para este fim foram coletados testemunhos de diversas organiza\u00e7\u00f5es, n\u00facleos tem\u00e1ticos e comunidades ligados \u00e0 Igreja da Amaz\u00f4nia, nos quais se fala de avan\u00e7os concretos dos quatro sonhos do Papa Francisco na Querida Amaz\u00f4nia: social, cultural, ecol\u00f3gico e eclesial. Estes testemunhos ser\u00e3o publicados durante as pr\u00f3ximas semanas nas redes sociais das institui\u00e7\u00f5es.<\/span><span data-ccp-props=\"{&quot;201341983&quot;:0,&quot;335559739&quot;:160,&quot;335559740&quot;:259}\">\u00a0<\/span><\/p>\n<h3 style=\"text-align: justify;\"><b><span data-contrast=\"auto\">A \u00e1rvore que d\u00e1 frutos<\/span><\/b><span data-ccp-props=\"{&quot;201341983&quot;:0,&quot;335559739&quot;:160,&quot;335559740&quot;:259}\">\u00a0<\/span><\/h3>\n<p style=\"text-align: justify;\"><span data-contrast=\"auto\"><img decoding=\"async\" loading=\"lazy\" class=\"size-medium wp-image-931670 alignleft\" src=\"https:\/\/www.cnbb.org.br\/wp-content\/uploads\/2022\/10\/WhatsApp-Image-2022-10-06-at-11.37.37-300x169.jpeg\" alt=\"\" width=\"300\" height=\"169\" srcset=\"https:\/\/www.cnbb.org.br\/wp-content\/uploads\/2022\/10\/WhatsApp-Image-2022-10-06-at-11.37.37-300x169.jpeg 300w, https:\/\/www.cnbb.org.br\/wp-content\/uploads\/2022\/10\/WhatsApp-Image-2022-10-06-at-11.37.37-1024x576.jpeg 1024w, https:\/\/www.cnbb.org.br\/wp-content\/uploads\/2022\/10\/WhatsApp-Image-2022-10-06-at-11.37.37-768x432.jpeg 768w, https:\/\/www.cnbb.org.br\/wp-content\/uploads\/2022\/10\/WhatsApp-Image-2022-10-06-at-11.37.37-500x281.jpeg 500w, https:\/\/www.cnbb.org.br\/wp-content\/uploads\/2022\/10\/WhatsApp-Image-2022-10-06-at-11.37.37.jpeg 1280w\" sizes=\"(max-width: 300px) 100vw, 300px\" \/>A identidade desta campanha est\u00e1 centrada numa \u00e1rvore cujos frutos (maduros, quase maduros e verdes) caem para formar o nome <strong>&#8220;Frutos do S\u00ednodo Amaz\u00f4nico&#8221;,<\/strong> com o qual &#8220;queremos criar uma identidade permanente para celebrar o anivers\u00e1rio deste S\u00ednodo que come\u00e7ou com a visita do Papa Francisco ao Peru em 2018&#8221;, explica o padre da Consolata Julio Caldeira, coordenador de comunica\u00e7\u00f5es da Repam.<\/span><\/p>\n<p style=\"text-align: justify;\"><span data-contrast=\"auto\">Trata-se de uma \u00e1rvore de pupunha (chontaduro ou chonta em espanhol) conhecida na l\u00edngua Shuar como uwi, que mede de 10 a 15 metros e \u00e9 nativa da Amaz\u00f4nia e se espalhou para a Am\u00e9rica Central e o Caribe.<\/span><span data-ccp-props=\"{&quot;201341983&quot;:0,&quot;335559739&quot;:160,&quot;335559740&quot;:259}\">\u00a0<\/span><\/p>\n<blockquote>\n<p style=\"text-align: justify;\"><span data-contrast=\"auto\">&#8220;Da mesma forma, queremos que a Igreja na Amaz\u00f4nia seja conhecida pelo mundo, porque queremos \u2018amazoniz\u00e1-lo\u2019. O Papa sempre tem presente a Igreja amaz\u00f4nica, como evidenciado por seu respaldo aos estatutos do Ceama&#8221;, explicou Aura Orozco, referente de comunica\u00e7\u00f5es da Ceama.<\/span><span data-ccp-props=\"{&quot;201341983&quot;:0,&quot;335559739&quot;:160,&quot;335559740&quot;:259}\">\u00a0<\/span><\/p>\n<\/blockquote>\n<h3 style=\"text-align: justify;\"><b><span data-contrast=\"auto\">Um exerc\u00edcio de genu\u00edna sinodalidade<\/span><\/b><span data-ccp-props=\"{&quot;201341983&quot;:0,&quot;335559739&quot;:160,&quot;335559740&quot;:259}\">\u00a0<\/span><\/h3>\n<p style=\"text-align: justify;\"><span data-contrast=\"auto\">Monsenhor Miguel Cabrejos, presidente do Celam, se une \u00e0 celebra\u00e7\u00e3o. A este respeito, assinala que &#8220;em um exerc\u00edcio de genu\u00edna sinodalidade, queremos apresentar-lhe esta campanha&#8221;.<\/span><span data-ccp-props=\"{&quot;201341983&quot;:0,&quot;335559739&quot;:160,&quot;335559740&quot;:259}\">\u00a0<\/span><\/p>\n<p style=\"text-align: justify;\"><span data-contrast=\"auto\">Por esta raz\u00e3o, &#8220;gostar\u00edamos de convid\u00e1-lo a acompanhar esta s\u00e9rie e a compartilh\u00e1-la. Nela destacamos a riqueza que brota do cora\u00e7\u00e3o da Igreja na Amaz\u00f4nia ao longo deste processo sinodal que continua a animar tantos bons homens e mulheres a caminharem juntos, discernindo os novos caminhos que devemos percorrer na Am\u00e9rica Latina e no Caribe e na Igreja universal&#8221;.<\/span><span data-ccp-props=\"{&quot;201341983&quot;:0,&quot;335559739&quot;:160,&quot;335559740&quot;:259}\">\u00a0<\/span><\/p>\n<p>&nbsp;<\/p>\n<p>&nbsp;<\/p>\n<pre>Por \u00c1ngel Morillo \/ ADN Celam<\/pre>\n<p><span data-ccp-props=\"{&quot;201341983&quot;:0,&quot;335559739&quot;:160,&quot;335559740&quot;:259}\">\u00a0<\/span><\/p>\n","protected":false},"excerpt":{"rendered":"<p>Foram coletados testemunhos de diversas organiza\u00e7\u00f5es, n\u00facleos tem\u00e1ticos e comunidades ligados \u00e0 Igreja da Amaz\u00f4nia, nos quais se fala de avan\u00e7os concretos dos quatro sonhos do Papa Francisco na Querida Amaz\u00f4nia: social, cultural, ecol\u00f3gico e eclesial<\/p>\n","protected":false},"author":141,"featured_media":931670,"comment_status":"open","ping_status":"open","sticky":false,"template":"","format":"standard","meta":{"site-sidebar-layout":"default","site-content-layout":"default","ast-global-header-display":"","ast-banner-title-visibility":"","ast-main-header-display":"","ast-hfb-above-header-display":"","ast-hfb-below-header-display":"","ast-hfb-mobile-header-display":"","site-post-title":"","ast-breadcrumbs-content":"","ast-featured-img":"","footer-sml-layout":"","theme-transparent-header-meta":"default","adv-header-id-meta":"","stick-header-meta":"","header-above-stick-meta":"","header-main-stick-meta":"","header-below-stick-meta":""},"categories":[50,823],"tags":[4731,3253,4729],"acf":[],"_links":{"self":[{"href":"https:\/\/www.cnbb.org.br\/cnbb-app\/wp\/v2\/posts\/931667"}],"collection":[{"href":"https:\/\/www.cnbb.org.br\/cnbb-app\/wp\/v2\/posts"}],"about":[{"href":"https:\/\/www.cnbb.org.br\/cnbb-app\/wp\/v2\/types\/post"}],"author":[{"embeddable":true,"href":"https:\/\/www.cnbb.org.br\/cnbb-app\/wp\/v2\/users\/141"}],"replies":[{"embeddable":true,"href":"https:\/\/www.cnbb.org.br\/cnbb-app\/wp\/v2\/comments?post=931667"}],"version-history":[{"count":0,"href":"https:\/\/www.cnbb.org.br\/cnbb-app\/wp\/v2\/posts\/931667\/revisions"}],"wp:featuredmedia":[{"embeddable":true,"href":"https:\/\/www.cnbb.org.br\/cnbb-app\/wp\/v2\/media\/931670"}],"wp:attachment":[{"href":"https:\/\/www.cnbb.org.br\/cnbb-app\/wp\/v2\/media?parent=931667"}],"wp:term":[{"taxonomy":"category","embeddable":true,"href":"https:\/\/www.cnbb.org.br\/cnbb-app\/wp\/v2\/categories?post=931667"},{"taxonomy":"post_tag","embeddable":true,"href":"https:\/\/www.cnbb.org.br\/cnbb-app\/wp\/v2\/tags?post=931667"}],"curies":[{"name":"wp","href":"https:\/\/api.w.org\/{rel}","templated":true}]}}