{"id":9317,"date":"2009-07-15T00:00:00","date_gmt":"2009-07-15T03:00:00","guid":{"rendered":"https:\/\/www.cnbb.org.br\/seminaristas-participam-de-curso-de-formacao-missionaria-em-brasilia\/"},"modified":"2020-03-11T20:04:36","modified_gmt":"2020-03-11T23:04:36","slug":"seminaristas-participam-de-curso-de-formacao-missionaria-em-brasilia","status":"publish","type":"post","link":"https:\/\/www.cnbb.org.br\/seminaristas-participam-de-curso-de-formacao-missionaria-em-brasilia\/","title":{"rendered":"Seminaristas participam de curso de forma\u00e7\u00e3o mission\u00e1ria em Bras\u00edlia"},"content":{"rendered":"<p style=\"text-align: justify\" \/>Nos dias 12 a 23, no Centro Cultural Mission\u00e1rio (CCM), em Bras\u00edlia acontece o Curso de Forma\u00e7\u00e3o Mission\u00e1ria para Seminaristas. Aproximadamente 38 jovens, vindos de   <!--more-->  v\u00e1rias partes do pa\u00eds se inscreveram e est\u00e3o em processo de forma\u00e7\u00e3o mission\u00e1ria. O tema deste ano \u00e9 \u201cForma\u00e7\u00e3o Mission\u00e1ria para Seminaristas \u00e0 Luz dos disc\u00edpulos de Ema\u00fas: N\u00e3o estava nosso cora\u00e7\u00e3o ardendo? (Lc 24,32)\u201d<\/p>\n<p style=\"text-align: justify\">Pelo quarto ano consecutivo o CCM organiza uma forma\u00e7\u00e3o mission\u00e1ria para seminaristas diocesanos e religiosos com a finalidade de introduzir os participantes ao estudo da Teologia da Miss\u00e3o.<\/p>\n<p style=\"text-align: justify\">\u201cEste curso oferecido pelo Centro Cultural Mission\u00e1rio \u00e9 uma forma que achamos de expandir os horizontes dos seminaristas para as causas mission\u00e1rias\u201d, afirmou o assessor da Comiss\u00e3o Episcopal Pastoral para a A\u00e7\u00e3o Mission\u00e1ria e Coopera\u00e7\u00e3o Intereclesial da Confer\u00eancia Nacional dos Bispos do Brasil (CNBB), padre Jos\u00e9 Altevir da Silva.<\/p>\n<p style=\"text-align: justify\">O curso se realiza uma vez por ano, e de acordo com um dos participantes, seminarista de S\u00e3o Mateus (Esp\u00edrito Santo), Ac\u00e1cio dos Santos, o encontro \u00e9 \u201cuma oportunidade muito grande para n\u00f3s, seminaristas aprendermos sobre as diversidades culturais que aqui encontramos e tamb\u00e9m no \u00e2mbito mission\u00e1rio. \u00c9 uma troca de experi\u00eancias e acho que isso que deve acontecer na Igreja\u201d, afirmou. Ao explicar sobre o curso, o seminarista explicou que a Igreja se mostra interessada na diversifica\u00e7\u00e3o cultural e na forma\u00e7\u00e3o de mission\u00e1rios. \u201cO curso, com sua grade de programa\u00e7\u00e3o, desperta em n\u00f3s o esp\u00edrito mission\u00e1rio no sentido da import\u00e2ncia em estarmos acompanhando o que est\u00e1 acontecendo ao nosso redor\u201d, ressaltou Ac\u00e1cio.<\/p>\n<p style=\"text-align: justify\">Para uma das coordenadoras do Curso de Forma\u00e7\u00e3o Mission\u00e1ria, Aparecida Severo o curso surgiu da necessidade de \u201cdespertar o ardor mission\u00e1rio dentro dos semin\u00e1rios e com o objetivo de introduzir os participantes o estudo da teologia da miss\u00e3o, mediante a abordagem de quest\u00f5es fundamentais, fortalec\u00ea-los [os seminaristas] em sua consci\u00eancia mission\u00e1ria e inici\u00e1-los a uma pr\u00e1tica evangelizadora pr\u00f3xima, com o horizonte universal. Eles s\u00e3o convidados a se tornarem agentes multiplicadores de eventos semelhantes em suas realidades\u201d, afirmou.<\/p>\n","protected":false},"excerpt":{"rendered":"<p>Nos dias 12 a 23, no Centro Cultural Mission\u00e1rio (CCM), em Bras\u00edlia acontece o Curso de Forma\u00e7\u00e3o Mission\u00e1ria para Seminaristas. Aproximadamente 38 jovens, vindos de<\/p>\n","protected":false},"author":83,"featured_media":0,"comment_status":"open","ping_status":"open","sticky":false,"template":"","format":"standard","meta":{"site-sidebar-layout":"default","site-content-layout":"default","ast-global-header-display":"","ast-banner-title-visibility":"","ast-main-header-display":"","ast-hfb-above-header-display":"","ast-hfb-below-header-display":"","ast-hfb-mobile-header-display":"","site-post-title":"","ast-breadcrumbs-content":"","ast-featured-img":"","footer-sml-layout":"","theme-transparent-header-meta":"","adv-header-id-meta":"","stick-header-meta":"","header-above-stick-meta":"","header-main-stick-meta":"","header-below-stick-meta":""},"categories":[854,878],"tags":[],"acf":[],"_links":{"self":[{"href":"https:\/\/www.cnbb.org.br\/cnbb-app\/wp\/v2\/posts\/9317"}],"collection":[{"href":"https:\/\/www.cnbb.org.br\/cnbb-app\/wp\/v2\/posts"}],"about":[{"href":"https:\/\/www.cnbb.org.br\/cnbb-app\/wp\/v2\/types\/post"}],"author":[{"embeddable":true,"href":"https:\/\/www.cnbb.org.br\/cnbb-app\/wp\/v2\/users\/83"}],"replies":[{"embeddable":true,"href":"https:\/\/www.cnbb.org.br\/cnbb-app\/wp\/v2\/comments?post=9317"}],"version-history":[{"count":0,"href":"https:\/\/www.cnbb.org.br\/cnbb-app\/wp\/v2\/posts\/9317\/revisions"}],"wp:attachment":[{"href":"https:\/\/www.cnbb.org.br\/cnbb-app\/wp\/v2\/media?parent=9317"}],"wp:term":[{"taxonomy":"category","embeddable":true,"href":"https:\/\/www.cnbb.org.br\/cnbb-app\/wp\/v2\/categories?post=9317"},{"taxonomy":"post_tag","embeddable":true,"href":"https:\/\/www.cnbb.org.br\/cnbb-app\/wp\/v2\/tags?post=9317"}],"curies":[{"name":"wp","href":"https:\/\/api.w.org\/{rel}","templated":true}]}}