{"id":932250,"date":"2022-10-19T14:32:22","date_gmt":"2022-10-19T17:32:22","guid":{"rendered":"https:\/\/www.cnbb.org.br\/?p=932250"},"modified":"2022-10-20T09:41:33","modified_gmt":"2022-10-20T12:41:33","slug":"consep-esteve-reunido-na-manha-desta-quarta-feira-de-forma-virtual","status":"publish","type":"post","link":"https:\/\/www.cnbb.org.br\/consep-esteve-reunido-na-manha-desta-quarta-feira-de-forma-virtual\/","title":{"rendered":"Consep esteve reunido na manh\u00e3 desta quarta-feira, de forma virtual"},"content":{"rendered":"<p style=\"text-align: justify;\">O Conselho Episcopal Pastoral (Consep) da Confer\u00eancia Nacional dos Bispos do Brasil (CNBB) esteve reunido na manh\u00e3 desta quarta-feira, 19 de outubro, de forma virtual. A Presid\u00eancia da CNBB, os presidentes das Comiss\u00f5es Episcopais Pastorais, assessores e representantes de organismos vinculados \u00e0 Confer\u00eancia trataram de diversos assuntos sobre a realidade brasileira e a respeito das a\u00e7\u00f5es da Igreja no Brasil.<\/p>\n<p style=\"text-align: justify;\">Foi apresentada a an\u00e1lise de conjuntura sociopol\u00edtica, econ\u00f4mica e social. Os bispos tamb\u00e9m fizeram apontamentos sobre a etapa presencial da 59\u00aa Assembleia Geral da CNBB; refletiram sobre as sugest\u00f5es de tema para a Campanha da Fraternidade 2024 e a respeito de uma proposta de motiva\u00e7\u00e3o pela reconcilia\u00e7\u00e3o e a paz na sociedade brasileira. Eles tamb\u00e9m trataram das proje\u00e7\u00f5es para o calend\u00e1rio de encontros dos conselhos e da Assembleia Geral pr\u00f3ximo ano.<\/p>\n<p style=\"text-align: justify;\">Houve ainda um momento de partilha sobre as celebra\u00e7\u00f5es dos 70 anos da CNBB e sobre a 10\u00aa Assembleia Nacional dos Organismos do Povo de Deus. Foram oferecidos informes sobre a pesquisa da sa\u00fade do clero e sobre as a\u00e7\u00f5es da Comiss\u00f5es Episcopais Pastorais.<\/p>\n<h3 style=\"text-align: justify;\">An\u00e1lise de conjuntura<\/h3>\n<p style=\"text-align: justify;\">O primeiro ponto a ser abordado na reuni\u00e3o foi a an\u00e1lise de conjuntura sociopol\u00edtica, econ\u00f4mica e cultural, apresentada pelo bispo de Carolina (MA), dom Francisco Lima Soares. O material focou na pol\u00edtica brasileira e internacional, mas sem abordar o impacto da quest\u00e3o pol\u00edtica na religi\u00e3o, pois j\u00e1 o fez em outra oportunidade. O grupo entende que seja necess\u00e1ria uma profunda an\u00e1lise eclesial sobre a tem\u00e1tica.<\/p>\n<figure id=\"attachment_932263\" aria-describedby=\"caption-attachment-932263\" style=\"width: 720px\" class=\"wp-caption aligncenter\"><img decoding=\"async\" loading=\"lazy\" class=\"size-full wp-image-932263\" src=\"https:\/\/www.cnbb.org.br\/wp-content\/uploads\/2022\/10\/Consep-19-10-22-Dom-Francisco-Lima.png\" alt=\"\" width=\"720\" height=\"499\" srcset=\"https:\/\/www.cnbb.org.br\/wp-content\/uploads\/2022\/10\/Consep-19-10-22-Dom-Francisco-Lima.png 720w, https:\/\/www.cnbb.org.br\/wp-content\/uploads\/2022\/10\/Consep-19-10-22-Dom-Francisco-Lima-300x208.png 300w, https:\/\/www.cnbb.org.br\/wp-content\/uploads\/2022\/10\/Consep-19-10-22-Dom-Francisco-Lima-500x347.png 500w\" sizes=\"(max-width: 720px) 100vw, 720px\" \/><figcaption id=\"caption-attachment-932263\" class=\"wp-caption-text\"><em>Dom Francisco Lima Soares<\/em><\/figcaption><\/figure>\n<p style=\"text-align: justify;\">No cen\u00e1rio internacional, destaque para os resultados das elei\u00e7\u00f5es italianas; as dificuldades no sistema financeiro europeu; o baixo crescimento econ\u00f4mico no continente e os conflitos na Ucr\u00e2nia, com a &#8220;chantagem&#8221; russa sobre o fornecimento energ\u00e9tico e a possibilidade de uso de armas de destrui\u00e7\u00e3o em massa.<\/p>\n<p style=\"text-align: justify;\">Sobre o Brasil, a an\u00e1lise observou que o ambiente econ\u00f4mico teve situa\u00e7\u00f5es favor\u00e1veis, dada a queda no ritmo da infla\u00e7\u00e3o. Os servi\u00e7os est\u00e3o retomando, o desemprego caiu e o n\u00edvel de ocupa\u00e7\u00e3o da popula\u00e7\u00e3o que busca trabalho se elevou. Tal contexto, de acordo com a an\u00e1lise do Grupo Padre Thierry Linard, &#8220;favorece um discurso ufanista e deslocado de tend\u00eancias menos circunstanciais por parte dos integrantes do governo, apesar do quadro social permanecer demonstrando situa\u00e7\u00e3o cr\u00edtica e das proje\u00e7\u00f5es preocupantes para 2023&#8221;.<\/p>\n<p style=\"text-align: justify;\">Dom Francisco tamb\u00e9m apresentou dados sobre o cen\u00e1rio da elei\u00e7\u00e3o presidencial e sobre os eleitos para o Legislativo. Neste ano, houve uma renova\u00e7\u00e3o cerca de 8% menor em rela\u00e7\u00e3o \u00e0s elei\u00e7\u00f5es de 2018. Foi prometida uma an\u00e1lise mais completa sobre o quadro pol\u00edtico para a reuni\u00e3o do Conselho Permanente, em novembro, ap\u00f3s o resultado definitivo do pleito. Nas rea\u00e7\u00f5es dos bispos e assessores, no entanto, foi apresentada a preocupa\u00e7\u00e3o com a comunh\u00e3o da Igreja diante da radicaliza\u00e7\u00e3o da polariza\u00e7\u00e3o e a instrumentaliza\u00e7\u00e3o religiosa, al\u00e9m do apontamento da influ\u00eancia do or\u00e7amento secreto no resultado das elei\u00e7\u00f5es, principalmente para o legislativo, e na governabilidade a partir de 2023.<\/p>\n<p><em><a href=\"https:\/\/www.cnbb.org.br\/wp-content\/uploads\/2022\/10\/A-Politica-Brasileira-e-Internacional-17.10.2022.pdf\">\ud83d\udcc4 Confira o material na \u00edntegra aqui<\/a><\/em><\/p>\n<h3 style=\"text-align: justify;\">Etapa presencial da 59\u00aa AG<\/h3>\n<p style=\"text-align: justify;\">Os bispos puderam partilhar impress\u00f5es sobre a etapa presencial da 59\u00aa Assembleia Geral da CNBB, realizada em Aparecida (SP), de 28 de agosto a 2 de setembro. Para o bispo de Tocantin\u00f3polis (TO) e presidente da Comiss\u00e3o Episcopal Pastoral para o Laicato da CNBB, dom Giovane Pereira de Melo, os tr\u00eas verbos sugeridos pelo secret\u00e1rio-geral da CNBB, dom Joel Portela Amado, &#8220;conviver, votar e rezar&#8221; foram cumpridos.<\/p>\n<p style=\"text-align: justify;\">V\u00e1rios apontamentos positivos foram feitos sobre a estrutura programa\u00e7\u00e3o, as vota\u00e7\u00f5es e a an\u00e1lise pr\u00e9via dos materiais que seriam colocados em vota\u00e7\u00e3o. O bispo de Santo Andr\u00e9 (SP) e presidente da Comiss\u00e3o Episcopal Pastoral para a Doutrina da F\u00e9, dom Pedro Cipollini, sugeriu que seja feita na pr\u00f3xima assembleia uma &#8220;profunda an\u00e1lise de conjuntura eclesial&#8221;.<\/p>\n<h3 style=\"text-align: justify;\">Campanha da Fraternidade<\/h3>\n<p style=\"text-align: justify;\">Na prepara\u00e7\u00e3o para os 60 anos da Campanha da Fraternidade realizada em \u00e2mbito nacional, o assessor de Campanhas da CNBB, padre Jean Poul Hansen, apresentou uma sugest\u00e3o de tema para ser abordado na edi\u00e7\u00e3o de 2024, que marcar\u00e1 as seis d\u00e9cadas da iniciativa realizada nacionalmente. A ideia da tem\u00e1tica \u00e9 trabalhar a dimens\u00e3o social da f\u00e9, presente nos 60 anos da CF, bem como &#8220;sua fundamenta\u00e7\u00e3o e import\u00e2ncia indispens\u00e1vel&#8221;.<\/p>\n<p style=\"text-align: justify;\">Ap\u00f3s as indica\u00e7\u00f5es dos bispos, que refor\u00e7aram a necessidade de um &#8220;reencantamento&#8221; pela CF e sugeriram outras defini\u00e7\u00f5es para a express\u00e3o que ser\u00e1 o mote da campanha de 2024, o Setor de Campanhas vai formular as alternativas para aprova\u00e7\u00e3o pelo Conselho Permanente.<\/p>\n<p style=\"text-align: justify;\">Nesse contexto celebrativo, foi anunciado um encontro, marcado para novembro, com os ex-secret\u00e1rios executivos de Campanhas da CNBB.<\/p>\n<h3 style=\"text-align: justify;\">70 anos da CNBB<\/h3>\n<p style=\"text-align: justify;\">O primeiro vice-presidente da CNBB, dom Jaime Spengler, partilhou com os membros do Consep sobre as celebra\u00e7\u00f5es dos 70 anos da CNBB, particularmente as realizadas na \u00faltima semana, durante os festejos de Nossa Senhora Aparecida, no Santu\u00e1rio Nacional, e em Bras\u00edlia.<\/p>\n<p><img decoding=\"async\" loading=\"lazy\" class=\"aligncenter size-full wp-image-932267\" src=\"https:\/\/www.cnbb.org.br\/wp-content\/uploads\/2022\/10\/Consep-19-10-22-dom-Jaime.jpg\" alt=\"\" width=\"1080\" height=\"565\" srcset=\"https:\/\/www.cnbb.org.br\/wp-content\/uploads\/2022\/10\/Consep-19-10-22-dom-Jaime.jpg 1080w, https:\/\/www.cnbb.org.br\/wp-content\/uploads\/2022\/10\/Consep-19-10-22-dom-Jaime-300x157.jpg 300w, https:\/\/www.cnbb.org.br\/wp-content\/uploads\/2022\/10\/Consep-19-10-22-dom-Jaime-1024x536.jpg 1024w, https:\/\/www.cnbb.org.br\/wp-content\/uploads\/2022\/10\/Consep-19-10-22-dom-Jaime-768x402.jpg 768w, https:\/\/www.cnbb.org.br\/wp-content\/uploads\/2022\/10\/Consep-19-10-22-dom-Jaime-500x262.jpg 500w\" sizes=\"(max-width: 1080px) 100vw, 1080px\" \/><\/p>\n<p style=\"text-align: justify;\">Dom Jaime destacou a dimens\u00e3o do reconhecimento do trabalho que vem sendo feito nas \u00faltimas d\u00e9cadas e o comprometimento de toda &#8220;a nossa grande fam\u00edlia da confer\u00eancia&#8221;. O bispo tamb\u00e9m recordou a missa presidida pelo n\u00fancio apost\u00f3lico no Brasil, dom Giambattista Diquattro, no dia do anivers\u00e1rio da CNBB, em 14 de outubro. Na oportunidade, a homilia do representante do Papa Francisco no Brasil foi de &#8220;reconhecimento, promo\u00e7\u00e3o e apoio \u00e0 confer\u00eancia&#8221;.<\/p>\n<p style=\"text-align: justify;\">Tamb\u00e9m no dia 14 de outubro, houve a inaugura\u00e7\u00e3o do audit\u00f3rio S\u00e3o Jo\u00e3o XXIII e da Casa Dom Luciano, ambos os espa\u00e7os no complexo do Centro Cultural Mission\u00e1rio, na Asa Norte de Bras\u00edlia. O primeiro evento realizado no espa\u00e7o ap\u00f3s a inaugura\u00e7\u00e3o foi a 10\u00aa Assembleia Nacional dos Organismos do Povo de Deus. O secret\u00e1rio-geral da CNBB, dom Joel Portella Amado, relatou o n\u00famero de participantes, os temas abordados e as principais conclus\u00f5es do evento, das quais se destaca a Mensagem ao Povo de Deus.<\/p>\n<h3 style=\"text-align: justify;\">Sa\u00fade do clero<\/h3>\n<p style=\"text-align: justify;\">Outro tema abordado na reuni\u00e3o desta manh\u00e3 foi a pesquisa sobre a sa\u00fade integral do clero. O bispo de Novo Hamburgo (RS) e presidente da Comiss\u00e3o Episcopal Pastoral para os Minist\u00e9rios Ordenados e a Vida Consagrada da CNBB, dom Jo\u00e3o Francisco Salm, contou que ap\u00f3s a etapa presencial da Assembleia, o grupo de cl\u00e9rigos e especialistas que trabalha na pesquisa far\u00e1 a leitura dos dados coletados e, juntando com outros dados, ir\u00e1 fornecer <span style=\"font-size: 16px;\">indica\u00e7\u00f5es e dar uma resposta aos bispos e aos padres &#8220;como responder a essas dificuldades todas que o clero vem sentindo para que se tenham programas que tenham em vista a sa\u00fade integral&#8221;.\u00a0<\/span><\/p>\n<figure id=\"attachment_932264\" aria-describedby=\"caption-attachment-932264\" style=\"width: 720px\" class=\"wp-caption aligncenter\"><img decoding=\"async\" loading=\"lazy\" class=\"size-full wp-image-932264\" src=\"https:\/\/www.cnbb.org.br\/wp-content\/uploads\/2022\/10\/Consep-19-10-22-Dom-Joao-Francisco-Salm.jpg\" alt=\"\" width=\"720\" height=\"378\" srcset=\"https:\/\/www.cnbb.org.br\/wp-content\/uploads\/2022\/10\/Consep-19-10-22-Dom-Joao-Francisco-Salm.jpg 720w, https:\/\/www.cnbb.org.br\/wp-content\/uploads\/2022\/10\/Consep-19-10-22-Dom-Joao-Francisco-Salm-300x158.jpg 300w, https:\/\/www.cnbb.org.br\/wp-content\/uploads\/2022\/10\/Consep-19-10-22-Dom-Joao-Francisco-Salm-500x263.jpg 500w\" sizes=\"(max-width: 720px) 100vw, 720px\" \/><figcaption id=\"caption-attachment-932264\" class=\"wp-caption-text\">Dom Jo\u00e3o Francisco Salm<\/figcaption><\/figure>\n<p style=\"text-align: justify;\">O\u00a0grupo deve entregar um material para a Presid\u00eancia da CNBB avaliar como proceder a partir das sugest\u00f5es dos especialistas, quais passos podem ser desenvolvidos na sequ\u00eancia como projetos.<\/p>\n<p style=\"text-align: justify;\">Antes do fim da reuni\u00e3o, os presidentes das Comiss\u00f5es Episcopais para a Comunica\u00e7\u00e3o, para a Vida e a Fam\u00edlia, para o Laicato, para a A\u00e7\u00e3o Mission\u00e1ria fizeram informes sobre as atividades realizadas e iniciativas promovidas.<\/p>\n<p style=\"text-align: justify;\">\n","protected":false},"excerpt":{"rendered":"<p>Os bispos acompanharam a an\u00e1lise de conjuntura eclesial, fizeram apontamentos sobre a etapa presencial da 59\u00aa AG, refletiram sobre as sugest\u00f5es de tema para a CF 2024 e das proje\u00e7\u00f5es para o calend\u00e1rio de 2023. Foram feitas partilhas sobre os 70 anos da CNBB, a 10\u00aa Assembleia Nacional dos Organismos do Povo de Deus e a pesquisa da sa\u00fade do clero<\/p>\n","protected":false},"author":38,"featured_media":932260,"comment_status":"open","ping_status":"open","sticky":false,"template":"","format":"standard","meta":{"site-sidebar-layout":"default","site-content-layout":"default","ast-global-header-display":"","ast-banner-title-visibility":"","ast-main-header-display":"","ast-hfb-above-header-display":"","ast-hfb-below-header-display":"","ast-hfb-mobile-header-display":"","site-post-title":"","ast-breadcrumbs-content":"","ast-featured-img":"","footer-sml-layout":"","theme-transparent-header-meta":"default","adv-header-id-meta":"","stick-header-meta":"","header-above-stick-meta":"","header-main-stick-meta":"","header-below-stick-meta":""},"categories":[824,50],"tags":[4433,2026,2509],"acf":[],"_links":{"self":[{"href":"https:\/\/www.cnbb.org.br\/cnbb-app\/wp\/v2\/posts\/932250"}],"collection":[{"href":"https:\/\/www.cnbb.org.br\/cnbb-app\/wp\/v2\/posts"}],"about":[{"href":"https:\/\/www.cnbb.org.br\/cnbb-app\/wp\/v2\/types\/post"}],"author":[{"embeddable":true,"href":"https:\/\/www.cnbb.org.br\/cnbb-app\/wp\/v2\/users\/38"}],"replies":[{"embeddable":true,"href":"https:\/\/www.cnbb.org.br\/cnbb-app\/wp\/v2\/comments?post=932250"}],"version-history":[{"count":5,"href":"https:\/\/www.cnbb.org.br\/cnbb-app\/wp\/v2\/posts\/932250\/revisions"}],"predecessor-version":[{"id":932279,"href":"https:\/\/www.cnbb.org.br\/cnbb-app\/wp\/v2\/posts\/932250\/revisions\/932279"}],"wp:featuredmedia":[{"embeddable":true,"href":"https:\/\/www.cnbb.org.br\/cnbb-app\/wp\/v2\/media\/932260"}],"wp:attachment":[{"href":"https:\/\/www.cnbb.org.br\/cnbb-app\/wp\/v2\/media?parent=932250"}],"wp:term":[{"taxonomy":"category","embeddable":true,"href":"https:\/\/www.cnbb.org.br\/cnbb-app\/wp\/v2\/categories?post=932250"},{"taxonomy":"post_tag","embeddable":true,"href":"https:\/\/www.cnbb.org.br\/cnbb-app\/wp\/v2\/tags?post=932250"}],"curies":[{"name":"wp","href":"https:\/\/api.w.org\/{rel}","templated":true}]}}