{"id":932293,"date":"2022-10-21T15:03:07","date_gmt":"2022-10-21T18:03:07","guid":{"rendered":"https:\/\/www.cnbb.org.br\/?p=932293"},"modified":"2022-10-21T16:42:14","modified_gmt":"2022-10-21T19:42:14","slug":"dom-carlos-o-leigo-e-a-vocacao-missionaria","status":"publish","type":"post","link":"https:\/\/www.cnbb.org.br\/dom-carlos-o-leigo-e-a-vocacao-missionaria\/","title":{"rendered":"O leigo e a voca\u00e7\u00e3o mission\u00e1ria"},"content":{"rendered":"<div dir=\"auto\">\n<div dir=\"auto\" style=\"text-align: right;\"><strong>Dom Carlos Jos\u00e9<\/strong><\/div>\n<div dir=\"auto\" style=\"text-align: right;\"><strong>Bispo da Diocese de Apucarana (PR)<\/strong><\/div>\n<\/div>\n<div dir=\"auto\"><\/div>\n<p dir=\"auto\" style=\"text-align: justify;\">\u201cRecebereis a for\u00e7a do Esp\u00edrito Santo, que descer\u00e1 sobre v\u00f3s, e sereis minhas testemunhas em Jerusal\u00e9m, por toda a Jud\u00e9ia e Samaria e at\u00e9 aos confins do mundo\u201d. (At 1,8)<\/p>\n<p dir=\"auto\" style=\"text-align: justify;\">Ap\u00f3s pronunciar as palavras acima, num de seus \u00faltimos di\u00e1logos com seus disc\u00edpulos, depois de sua Ressurrei\u00e7\u00e3o, Jesus sobe aos c\u00e9us e senta-se \u00e0 direita do Pai. E vir\u00e1, conforme sua promessa, em esplendor e Gl\u00f3ria, no final dos tempos. Entretanto, poder\u00e1 acontecer, n\u00e3o sabemos quando ou como, que O vejamos muito antes de sua vinda gloriosa, quando partirmos dessa vida e Ele pe\u00e7a que n\u00f3s lhe apresentemos nossas obras mission\u00e1rias, os frutos de nossa voca\u00e7\u00e3o evangelizadora enquanto vivemos neste mundo.<\/p>\n<p dir=\"auto\" style=\"text-align: justify;\">Somos a Igreja de Cristo, o povo escolhido, eleito e amado, pelo qual Jesus derramou seu precioso Sangue abrindo-nos as portas da Salva\u00e7\u00e3o eterna. Sua Vida, Paix\u00e3o, Morte, Ressurrei\u00e7\u00e3o e Ascen\u00e7\u00e3o nos garantiu a infal\u00edvel presen\u00e7a do Espirito Santo que em tudo nos auxilia para que sejamos aut\u00eanticos na f\u00e9, no seguimento e no an\u00fancio da Boa Nova.<\/p>\n<p dir=\"auto\" style=\"text-align: justify;\">A Igreja de Cristo \u00e9 mission\u00e1ria por natureza e essa miss\u00e3o consiste em tornar Cristo Amado e conhecido por todos os povos. Esse \u00e9 o princ\u00edpio da evangeliza\u00e7\u00e3o, \u00e9 o mandato de Jesus dado aos seus disc\u00edpulos: Ide e evangelizai! Desde o princ\u00edpio, da Cria\u00e7\u00e3o do mundo at\u00e9 ao nosso tempo, e assim se dar\u00e1 at\u00e9 o fim, Deus desejou necessitar de n\u00f3s para sermos juntos com Ele, unidos \u00e0 sua Igreja, construtores do amor, da paz e da comunh\u00e3o entre os povos.<\/p>\n<p dir=\"auto\" style=\"text-align: justify;\">Somos todos mission\u00e1rios, oper\u00e1rios na vinha do Senhor, em todo tempo, em todo lugar, cada qual com sua voca\u00e7\u00e3o pr\u00f3pria, sua profiss\u00e3o, seu dom e seu carisma pessoal. O mission\u00e1rio n\u00e3o fala de si mesmo, de suas obras ou de seus prod\u00edgios, isso seria um tanto descabido e por vezes, nem t\u00e3o interessante; a maior honra que recebemos \u00e9 a de anunciar Aquele que \u00c9, que Foi e que sempre Ser\u00e1 o Maior e \u00danico Digno de todo louvor e Adora\u00e7\u00e3o: Jesus, O Verbo Encarnado, que sendo verdadeiramente Deus, se fez Homem, como n\u00f3s, exceto no pecado, amando-nos at\u00e9 a morte de Cruz, para nos resgatar da condena\u00e7\u00e3o eterna.<\/p>\n<p dir=\"auto\" style=\"text-align: justify;\">Jesus \u00e9 o primeiro mission\u00e1rio do Pai, e como tal, envia seus disc\u00edpulos e toda a comunidade formada pela Igreja, que somos n\u00f3s, como testemunhas fieis em miss\u00e3o, para, hoje, sermos os respons\u00e1veis para que Ele seja realmente conhecido pelo que verdadeiramente \u00e9: Deus feito Homem, o Amor feito Carne, Deus que habitou entre n\u00f3s.<\/p>\n<p dir=\"auto\" style=\"text-align: justify;\">Atualmente fala-se sobre tudo e todos, por\u00e9m h\u00e1 muito escr\u00fapulo quando se trata de evangelizar, de ser mission\u00e1rio, seja por medo de se expor, de mostrar-se crist\u00e3o de verdade, ou por falta de argumentos, cala-se a voz, deixando passar a oportunidade. Voltando o olhar \u00e0 realidade, nota-se que, em meio a tanto conhecimento e informa\u00e7\u00f5es, not\u00edcias e novidades, tornou-se meio que um tabu falar sobre Cristo e, quando se fala, geralmente, \u00e9 de maneira t\u00e3o sup\u00e9rflua ou fora de contexto que chega a causar falsos entendimentos ou mesmo desinteresse por parte de quem ouve.<\/p>\n<p dir=\"auto\" style=\"text-align: justify;\">Falar de Cristo, anunciar a Boa Nova exige de n\u00f3s uma for\u00e7a que vem do alto: a un\u00e7\u00e3o do Esp\u00edrito Santo, nossa entrega total \u00c0quele que n\u00e3o nos desampara e nos d\u00e1 a ousada alegria de evangelizar com coragem. Tenhamos consci\u00eancia: se amamos a Cristo \u00e9 por que O conhecemos, se O conhecemos, algu\u00e9m O anunciou a n\u00f3s. Ent\u00e3o, n\u00e3o podemos reter essa alegria apenas para n\u00f3s, nem delegar a outro que o fa\u00e7a em nosso lugar, sejamos esse algu\u00e9m que partilha o an\u00fancio, que testemunha esse encontro, afinal, ningu\u00e9m ama o que n\u00e3o conhece. E s\u00f3 se conhece quando se apresenta. Apresentemos Jesus ao outro, com nosso testemunho e atitudes, sob a a\u00e7\u00e3o do Esp\u00edrito Santo, unidos \u00e0 Igreja de Jesus e \u00e0 Palavra que anima e evangeliza sempre.<\/p>\n<p dir=\"auto\" style=\"text-align: justify;\">Onde ser mission\u00e1rio? Nos confins do mundo? Sim, se for necess\u00e1rio! Mas, principalmente, ser mission\u00e1rio onde Deus nos coloca: em meio a nossa fam\u00edlia, no trabalho, no lazer, junto ao amigos, no \u00f4nibus, na sala de espera dos consult\u00f3rios, com o ter\u00e7o nas m\u00e3os em ora\u00e7\u00e3o, fazendo sobre n\u00f3s, em nossos filhos e netos o Sinal da Cruz ao deix\u00e1-los na escola, aos nos despedirmos deles, n\u00e3o importando a idade que tenham, rezando em fam\u00edlia, agradecendo antes das refei\u00e7\u00f5es, participando das Missas, assumindo nossa identidade crist\u00e3 com fidelidade e alegria, participando com comprometimento das pastorais paroquiais, enfim, sendo crist\u00e3os fieis \u00e0 Igreja de Cristo e sua Doutrina.<\/p>\n<p dir=\"auto\" style=\"text-align: justify;\">Quando faltarem palavras, que imitemos a Virgem Sant\u00edssima, que, com seu sil\u00eancio, testemunhou com gestos que Jesus \u00e9 o alicerce, Caminho, Verdade e Vida.<\/p>\n","protected":false},"excerpt":{"rendered":"<p>Dom Carlos Jos\u00e9 Bispo da Diocese de Apucarana (PR) \u201cRecebereis a for\u00e7a do Esp\u00edrito Santo, que descer\u00e1 sobre v\u00f3s, e sereis minhas testemunhas em Jerusal\u00e9m, por toda a Jud\u00e9ia e Samaria e at\u00e9 aos confins do mundo\u201d. (At 1,8) Ap\u00f3s pronunciar as palavras acima, num de seus \u00faltimos di\u00e1logos com seus disc\u00edpulos, depois de sua &hellip;<\/p>\n<p class=\"read-more\"> <a class=\"\" href=\"https:\/\/www.cnbb.org.br\/dom-carlos-o-leigo-e-a-vocacao-missionaria\/\"> <span class=\"screen-reader-text\">O leigo e a voca\u00e7\u00e3o mission\u00e1ria<\/span> Leia mais &raquo;<\/a><\/p>\n","protected":false},"author":101,"featured_media":0,"comment_status":"open","ping_status":"open","sticky":false,"template":"","format":"standard","meta":{"site-sidebar-layout":"default","site-content-layout":"default","ast-global-header-display":"","ast-banner-title-visibility":"","ast-main-header-display":"","ast-hfb-above-header-display":"","ast-hfb-below-header-display":"","ast-hfb-mobile-header-display":"","site-post-title":"","ast-breadcrumbs-content":"","ast-featured-img":"","footer-sml-layout":"","theme-transparent-header-meta":"default","adv-header-id-meta":"","stick-header-meta":"","header-above-stick-meta":"","header-main-stick-meta":"","header-below-stick-meta":""},"categories":[758],"tags":[],"acf":[],"_links":{"self":[{"href":"https:\/\/www.cnbb.org.br\/cnbb-app\/wp\/v2\/posts\/932293"}],"collection":[{"href":"https:\/\/www.cnbb.org.br\/cnbb-app\/wp\/v2\/posts"}],"about":[{"href":"https:\/\/www.cnbb.org.br\/cnbb-app\/wp\/v2\/types\/post"}],"author":[{"embeddable":true,"href":"https:\/\/www.cnbb.org.br\/cnbb-app\/wp\/v2\/users\/101"}],"replies":[{"embeddable":true,"href":"https:\/\/www.cnbb.org.br\/cnbb-app\/wp\/v2\/comments?post=932293"}],"version-history":[{"count":1,"href":"https:\/\/www.cnbb.org.br\/cnbb-app\/wp\/v2\/posts\/932293\/revisions"}],"predecessor-version":[{"id":932294,"href":"https:\/\/www.cnbb.org.br\/cnbb-app\/wp\/v2\/posts\/932293\/revisions\/932294"}],"wp:attachment":[{"href":"https:\/\/www.cnbb.org.br\/cnbb-app\/wp\/v2\/media?parent=932293"}],"wp:term":[{"taxonomy":"category","embeddable":true,"href":"https:\/\/www.cnbb.org.br\/cnbb-app\/wp\/v2\/categories?post=932293"},{"taxonomy":"post_tag","embeddable":true,"href":"https:\/\/www.cnbb.org.br\/cnbb-app\/wp\/v2\/tags?post=932293"}],"curies":[{"name":"wp","href":"https:\/\/api.w.org\/{rel}","templated":true}]}}