{"id":932461,"date":"2022-10-24T14:18:37","date_gmt":"2022-10-24T17:18:37","guid":{"rendered":"https:\/\/www.cnbb.org.br\/?p=932461"},"modified":"2022-10-27T14:59:57","modified_gmt":"2022-10-27T17:59:57","slug":"cerimonia-de-entrega-dos-premios-de-comunicacao-sera-no-proximo-dia-23-de-novembro","status":"publish","type":"post","link":"https:\/\/www.cnbb.org.br\/cerimonia-de-entrega-dos-premios-de-comunicacao-sera-no-proximo-dia-23-de-novembro\/","title":{"rendered":"Cerim\u00f4nia de entrega dos Pr\u00eamios de Comunica\u00e7\u00e3o ser\u00e1 no pr\u00f3ximo dia 23 de novembro"},"content":{"rendered":"<p style=\"text-align: justify;\">A cerim\u00f4nia de entrega dos <a href=\"https:\/\/premios.cnbb.org.br\/\" target=\"_blank\" rel=\"noopener\">Pr\u00eamios de Comunica\u00e7\u00e3o da CNBB<\/a>, em sua 54\u00aa edi\u00e7\u00e3o, ser\u00e1 exibida no pr\u00f3ximo dia<strong> 23 de novembro <\/strong>pelas emissoras de inspira\u00e7\u00e3o cat\u00f3lica. Com produ\u00e7\u00e3o da Confer\u00eancia Nacional dos Bispos do Brasil (CNBB) e da TV Evangelizar, pela primeira vez a solenidade ocorrer\u00e1 de forma h\u00edbrida &#8211; os finalistas participar\u00e3o de maneira remota e os ganhadores, presencialmente, diretamente dos est\u00fadios da TV Evangelizar, em Curitiba (PR).<\/p>\n<p style=\"text-align: justify;\">O coordenador dos Pr\u00eamios, Rafael Alberto, relatou que em <span style=\"font-size: 16px;\">2021, a cerim\u00f4nia aconteceu on-line, com a participa\u00e7\u00e3o de todos os finalistas. &#8220;E isso mostrou-se muito eficiente do ponto de vista pastoral, pois os finalistas puderam interagir entre eles, conhecer os trabalhos uns dos outros. Quisemos manter isso em 2022, mesmo agora com a possibilidade de os ganhadores j\u00e1 poderem participar presencialmente da cerim\u00f4nia. Acredito que a TV Evangelizar apresentou uma solu\u00e7\u00e3o muito criativa e os finalistas ter\u00e3o uma participa\u00e7\u00e3o especial que vai agradar as pessoas&#8221;.<\/span><\/p>\n<p style=\"text-align: justify;\">Rafael comenta que a TV Evangelizar, por meio do padre Reginaldo Manzotti, vai entregar um programa muito bonito, com um cen\u00e1rio especial. &#8220;A cerim\u00f4nia est\u00e1 toda muito festiva e mais uma vez a escolha do j\u00fari t\u00e9cnico ratificada pelos bispos mostra que os Pr\u00eamios de Comunica\u00e7\u00e3o da CNBB n\u00e3o s\u00e3o proselitistas, mas destacam trabalhos que d\u00e3o voz a quem n\u00e3o tem voz&#8221;, garante.<\/p>\n<blockquote>\n<p style=\"text-align: justify;\">&#8220;Sem poder revelar ainda nomes, eu adianto desde j\u00e1 que ser\u00e1 especialmente emocionante a revela\u00e7\u00e3o do ganhador da men\u00e7\u00e3o honrosa. Mais uma vez a CNBB mostra que est\u00e1 alinhada ao pedido do Papa Francisco para que a Igreja seja uma Igreja em sa\u00edda, com cheiro de povo! Os ganhadores dos pr\u00eamios 2022 mostram mais uma vez como a Igreja quer estar ao lado de quem sofre&#8221;, finaliza Rafael Alberto.<\/p>\n<\/blockquote>\n<h3><strong>Emissoras que ir\u00e3o transmitir a cerim\u00f4nia<\/strong><\/h3>\n<p><strong>\u00a0<\/strong><span style=\"font-size: 16px; text-align: justify;\">O programa ter\u00e1 a dura\u00e7\u00e3o de duas horas e ser\u00e1 dividido em cinco blocos.<\/span><\/p>\n<p style=\"text-align: justify;\">As emissoras de inspira\u00e7\u00e3o cat\u00f3lica que at\u00e9 o presente momento est\u00e3o confirmadas para fazer a transmiss\u00e3o s\u00e3o:<\/p>\n<p>TV IMACULADA &#8211; 20h<br \/>\nTV PAI ETERNO &#8211; 21h<br \/>\nTV REDE S\u00c9CULO 21 &#8211; 21h<br \/>\nTV APARECIDA &#8211; 21h<br \/>\nTV HORIZONTE &#8211; 21h<br \/>\nTV EVANGELIZAR &#8211; 20h<br \/>\nTV NAZAR\u00c9 &#8211; 21h<br \/>\nTV REDE VIDA &#8211; Exibe dia 27\/11 \u00e0s 23h<\/p>\n<h3><strong>Os Pr\u00eamios de Comunica\u00e7\u00e3o da CNBB<\/strong><\/h3>\n<p style=\"text-align: justify;\">Os Pr\u00eamios de Comunica\u00e7\u00e3o foram criados pela CNBB com o objetivo de oferecer um reconhecimento p\u00fablico da Igreja Cat\u00f3lica Apost\u00f3lica Romana ao trabalho merit\u00f3rio de profissionais da comunica\u00e7\u00e3o social nos diversos meios que apresentaram suas obras e se distinguiram pelo servi\u00e7o \u00e0 dignidade humana e aos valores do Evangelho.<\/p>\n<p style=\"text-align: justify;\">Eles tamb\u00e9m t\u00eam por objetivo estimular, fomentar e reconhecer as boas iniciativas de trabalho jornal\u00edstico e cultural provenientes de todo o pa\u00eds nas \u00e1reas do Cinema, R\u00e1dio, Televis\u00e3o, Imprensa e Internet, bem como do campo da pesquisa acad\u00eamica em comunica\u00e7\u00e3o e iniciativas da Pastoral da Comunica\u00e7\u00e3o.<\/p>\n<p style=\"text-align: justify;\">Concess\u00e3o da Confer\u00eancia Nacional dos Bispos do Brasil, os Pr\u00eamios t\u00eam car\u00e1ter exclusivamente cultural e n\u00e3o se vinculam a nenhuma modalidade de sorteio ou a qualquer exig\u00eancia de pagamento pelos concorrentes, tampouco est\u00e3o condicionados \u00e0 aquisi\u00e7\u00e3o ou ao uso de quaisquer bens, direitos ou servi\u00e7os. Eles s\u00e3o entregues aos profissionais autores dos trabalhos que s\u00e3o apresentados para a sele\u00e7\u00e3o.<\/p>\n<p style=\"text-align: justify;\">Os trabalhos inscritos s\u00e3o submetidos \u00e0 avalia\u00e7\u00e3o de dois j\u00faris. A primeira avalia\u00e7\u00e3o \u00e9 a do j\u00fari t\u00e9cnico, que leva em considera\u00e7\u00e3o a qualidade do material produzido conforme as exig\u00eancias t\u00e9cnicas de cada categoria e modalidade. Para cada categoria, o j\u00fari t\u00e9cnico escolhe os 5 melhores trabalhos. Em seguida, esses trabalhos escolhidos s\u00e3o submetidos a um j\u00fari pastoral, que faz a avalia\u00e7\u00e3o da pertin\u00eancia do conte\u00fado relacionado ao apre\u00e7o pela dignidade humana e aos valores do Evangelho.<\/p>\n<h3><strong>Conhe\u00e7a as categorias dos Pr\u00eamios\u00a0<\/strong><\/h3>\n<p>&nbsp;<\/p>\n<ul>\n<li><strong>PR\u00caMIO PARA CINEMA \u201cMARGARIDA DE PRATA\u201d<\/strong><\/li>\n<\/ul>\n<p style=\"text-align: justify;\">A CNBB instituiu, em 1967, o primeiro Pr\u00eamio de Comunica\u00e7\u00e3o Margarida de Prata para o Cinema, que representou um importante apoio \u00e0 produ\u00e7\u00e3o cultural livre. O pr\u00eamio \u00e9 entregue em duas modalidades:<\/p>\n<p>a) Longa-metragem<br \/>\nParticipam desta categoria os filmes, ficcionais ou document\u00e1rios, com dura\u00e7\u00e3o m\u00ednima de 70 minutos.<\/p>\n<p>b) Curta-metragem<br \/>\nParticipam desta categoria os filmes, ficcionais ou document\u00e1rios com menos de 70 minutos (incluindo cr\u00e9ditos).<\/p>\n<ul>\n<li><strong>PR\u00caMIO PARA R\u00c1DIO \u201cMICROFONE DE PRATA\u201d<\/strong><\/li>\n<\/ul>\n<p style=\"text-align: justify;\">Em 1989, a CNBB apoiou a cria\u00e7\u00e3o do Pr\u00eamio Microfone de Prata para produ\u00e7\u00f5es radiof\u00f4nicas, promovido pela Uni\u00e3o de R\u00e1dio Difus\u00e3o Cat\u00f3lica (UNDA-Brasil). Em 2010, a promo\u00e7\u00e3o da categoria passou para a Rede Cat\u00f3lica de R\u00e1dio (RCR). Para concorrer ao pr\u00eamio, podem se inscrever conte\u00fados veiculados em emissoras de r\u00e1dio, webradio e em agregadores de podcast. A premia\u00e7\u00e3o ser\u00e1 entregue nas seguintes modalidades:<\/p>\n<p>a) Jornal\u00edstico<br \/>\nConcorrem trabalhos com dura\u00e7\u00e3o m\u00e1xima de 30 minutos (no caso de programas, basta enviar uma vers\u00e3o editada com esse mesmo tempo).<\/p>\n<p>b) Religioso<br \/>\nConcorrem trabalhos com dura\u00e7\u00e3o m\u00e1xima de 30 minutos (no caso de programas mais extensos, basta enviar uma vers\u00e3o editada com esse mesmo tempo).<\/p>\n<p>c) Entretenimento<br \/>\nConcorrem trabalhos com dura\u00e7\u00e3o m\u00e1xima de 30 minutos (no caso de programas mais extensos, basta enviar uma vers\u00e3o editada com esse mesmo tempo).<\/p>\n<ul>\n<li><strong>PR\u00caMIO PARA IMPRENSA \u201cDOM HELDER C\u00c2MARA\u201d<\/strong><\/li>\n<\/ul>\n<p style=\"text-align: justify;\">Em comemora\u00e7\u00e3o aos 50 anos de funda\u00e7\u00e3o da CNBB, em 2002, a Assessoria de Imprensa da CNBB instituiu o Pr\u00eamio Dom Helder C\u00e2mara de Imprensa, com o objetivo de premiar reportagens e trabalhos jornal\u00edsticos voltados \u00e0 promo\u00e7\u00e3o humana e social. Este pr\u00eamio inclui mat\u00e9rias, s\u00e9ries de mat\u00e9rias, reportagens ou outras formas do texto jornal\u00edstico. Os trabalhos podem ser inscritos nas seguintes modalidades:<\/p>\n<p>a) Jornal<br \/>\nConcorrem trabalhos publicados em jornal impresso (ainda que tenham vers\u00f5es eletr\u00f4nicas).<\/p>\n<p style=\"text-align: justify;\">a) Revista<br \/>\nConcorrem trabalhos publicados em revista impressa (ainda que tenham vers\u00f5es eletr\u00f4nicas).<\/p>\n<ul>\n<li style=\"text-align: justify;\"><strong>PR\u00caMIO PARA TELEVIS\u00c3O \u201cCLARA DE ASSIS\u201d<\/strong><\/li>\n<\/ul>\n<p style=\"text-align: justify;\">Em 2005, a CNBB instituiu o Pr\u00eamio Clara de Assis para a Televis\u00e3o, concedido a programas televisivos nacionais produzidos e exibidos por emissoras comerciais, educativas e comunit\u00e1rias. Mais recentemente, tamb\u00e9m s\u00e3o aceitos v\u00eddeos veiculados em plataformas digitais.<\/p>\n<p>As modalidades desta categoria s\u00e3o:<\/p>\n<p>a) Reportagem<\/p>\n<p style=\"text-align: justify;\">Concorrem nesta modalidade reportagens televisivas com dura\u00e7\u00e3o entre 1\u201930 a 14\u201959 minutos. Ser\u00e3o aceitas inscri\u00e7\u00f5es de s\u00e9ries de reportagens.<\/p>\n<p>b) Document\u00e1rio<br \/>\nPodem se inscrever document\u00e1rios produzidos e veiculados em canais de televis\u00e3o que tenham dura\u00e7\u00e3o entre 15 a 60 minutos.<\/p>\n<ul>\n<li style=\"text-align: justify;\"><strong>PR\u00caMIO PARA INTERNET \u201cDOM LUCIANO MENDES DE ALMEIDA\u201d<\/strong><\/li>\n<\/ul>\n<p style=\"text-align: justify;\">Na celebra\u00e7\u00e3o de 50 anos dos Pr\u00eamios de Comunica\u00e7\u00e3o, a CNBB lan\u00e7ou este pr\u00eamio para reconhecer o trabalho de converg\u00eancia midi\u00e1tica realizado no ambiente virtual da internet. Este pr\u00eamio est\u00e1 dividido em tr\u00eas modalidades. Os trabalhos concorrentes devem colocar em evid\u00eancia valores humanos e crist\u00e3os, com conte\u00fado no formato digital:<\/p>\n<p style=\"text-align: justify;\">a) Sites\/Portais\/Blogs<br \/>\nLocal na Internet identificado por um nome de dom\u00ednio, constitu\u00eddo por uma ou mais p\u00e1ginas de hipertexto, que podem conter textos, gr\u00e1ficos e informa\u00e7\u00f5es em multim\u00eddia.<\/p>\n<p style=\"text-align: justify;\">b) Iniciativas com Redes Sociais Projetos lan\u00e7ados em redes sociais (Facebook, Instagram, Twitter, YouTube, etc) para criar la\u00e7os entre pessoas em vista da apresenta\u00e7\u00e3o, defesa e engajamento em uma causa religiosa ou social.<\/p>\n<p style=\"text-align: justify;\">c) Aplicativos<br \/>\nAplicativo (app) \u00e9 um software desenvolvido para ser instalado em um dispositivo eletr\u00f4nico m\u00f3vel.<\/p>\n<ul>\n<li style=\"text-align: justify;\"><strong>PR\u00caMIO PARA PASTORAL DA COMUNICA\u00c7\u00c3O \u201cKERIGMA\u201d<\/strong><\/li>\n<\/ul>\n<p style=\"text-align: justify;\">Aprovada pelo Conselho Permanente da CNBB em 2019, esta categoris visa o reconhecimento e o incentivo de a\u00e7\u00f5es desenvolvidas pelas equipes de Pastoral da Comunica\u00e7\u00e3o das par\u00f3quias e dioceses, tendo como crit\u00e9rio a implementa\u00e7\u00e3o das Diretrizes Gerais da A\u00e7\u00e3o Evangelizadora da CNBB (2019-2023). S\u00e3o v\u00e1lidas para este pr\u00eamios todas e quaisquer iniciativas pastorais que destaquem ao menos dois dos seguintes crit\u00e9rios:<\/p>\n<p>&#8211; a evangeliza\u00e7\u00e3o no mundo urbano;<br \/>\n&#8211; a forma\u00e7\u00e3o de comunidades eclesiais mission\u00e1rias;<br \/>\n&#8211; a op\u00e7\u00e3o preferencial pelos pobres;<br \/>\n&#8211; o cuidado da Casa Comum.<\/p>\n<ul>\n<li style=\"text-align: justify;\"><strong>PR\u00caMIO PARA TESES E DISSERTA\u00c7\u00d5ES \u201cPAPA FRANCISCO\u201d<\/strong><\/li>\n<\/ul>\n<p style=\"text-align: justify;\">Aprovada pelo Conselho Permanente da CNBB em 2019, a categoria visa reconhecer e incentivar o trabalho dos pesquisadores em comunica\u00e7\u00e3o, que tanto colaboram com a reflex\u00e3o, bem como no trabalho pastoral da Igreja no Brasil. Cada pessoa pode se inscrever apenas um trabalho nesta categoria. Participam deste pr\u00eamio trabalhos acad\u00eamicos, aprovados no per\u00edodo de validade do concurso, nas seguintes modalidades:<\/p>\n<p style=\"text-align: justify;\">a) Mestrado<br \/>\nPara esta modalidade, concorrem autores de disserta\u00e7\u00f5es de mestrado que contemplem tem\u00e1ticas que destaquem o servi\u00e7o \u00e0 dignidade humana e aos valores do Evangelho.<\/p>\n<p style=\"text-align: justify;\">b) Doutorado<br \/>\nPara esta modalidade, concorrem autores de teses de doutorado que contemplem tem\u00e1ticas que destaquem o servi\u00e7o \u00e0 dignidade humana e aos valores do Evangelho.<\/p>\n<ul>\n<li style=\"text-align: justify;\"><strong>MEN\u00c7\u00c3O HONROSA \u201cIRM\u00c3 DOROTY STANG\u201d<\/strong><\/li>\n<\/ul>\n<p style=\"text-align: justify;\">A Comiss\u00e3o Episcopal Pastoral para a Comunica\u00e7\u00e3o, com aprova\u00e7\u00e3o da Presid\u00eancia da CNBB, poder\u00e1 outorgar \u201cMen\u00e7\u00e3o Honrosa\u201d a pessoas ou trabalhos do mundo da comunica\u00e7\u00e3o que se destacarem na promo\u00e7\u00e3o de valores humanos e crist\u00e3os. Cabe \u00fanica e exclusivamente aos membros da Comiss\u00e3o Episcopal a defini\u00e7\u00e3o de quantas e quais as men\u00e7\u00f5es honrosas ser\u00e3o entregues a cada edi\u00e7\u00e3o dos Pr\u00eamios de Comunica\u00e7\u00e3o da CNBB.<\/p>\n<h3><strong>Saiba quem s\u00e3o os finalistas desta 54\u00aa edi\u00e7\u00e3o<\/strong><\/h3>\n<p>&nbsp;<\/p>\n<p><img decoding=\"async\" loading=\"lazy\" class=\"aligncenter wp-image-919105 size-full\" src=\"https:\/\/www.cnbb.org.br\/wp-content\/uploads\/2022\/07\/Margarida-de-Prata.png\" sizes=\"(max-width: 640px) 100vw, 640px\" srcset=\"https:\/\/www.cnbb.org.br\/wp-content\/uploads\/2022\/07\/Margarida-de-Prata.png 640w, https:\/\/www.cnbb.org.br\/wp-content\/uploads\/2022\/07\/Margarida-de-Prata-300x200.png 300w, https:\/\/www.cnbb.org.br\/wp-content\/uploads\/2022\/07\/Margarida-de-Prata-391x260.png 391w, https:\/\/www.cnbb.org.br\/wp-content\/uploads\/2022\/07\/Margarida-de-Prata-500x334.png 500w\" alt=\"\" width=\"640\" height=\"428\" \/><br \/>\n<strong>Longa-metragem<\/strong><br \/>\n\u2013 <strong>Estrela da Manh\u00e3<\/strong>\u00a0\u2013\u00a0<em>Marco Vin\u00edcius Ropelli<\/em><\/p>\n<p><strong>Curta-metragem<\/strong><br \/>\n\u2013 <strong>Meu corpo, minha fronteira<\/strong>\u00a0\u2013\u00a0<em>Eduardo Mossri<\/em><br \/>\n\u2013 <strong>Ded\u00e3o, ca\u00e7ador de polvos<\/strong>\u00a0\u2013\u00a0<em>Pablo de Luca<\/em><br \/>\n\u2013 <strong>Canarinhos de Petr\u00f3polis \u2013 Tradi\u00e7\u00e3o e Contemporaneidade<\/strong>\u00a0\u2013\u00a0<em>Frei Augusto Luiz Gabriel<\/em><\/p>\n<p>&nbsp;<\/p>\n<p><img decoding=\"async\" loading=\"lazy\" class=\"aligncenter wp-image-919106 size-full\" src=\"https:\/\/www.cnbb.org.br\/wp-content\/uploads\/2022\/07\/Categoria-Clara-de-Assis-TV.png\" sizes=\"(max-width: 638px) 100vw, 638px\" srcset=\"https:\/\/www.cnbb.org.br\/wp-content\/uploads\/2022\/07\/Categoria-Clara-de-Assis-TV.png 638w, https:\/\/www.cnbb.org.br\/wp-content\/uploads\/2022\/07\/Categoria-Clara-de-Assis-TV-300x204.png 300w, https:\/\/www.cnbb.org.br\/wp-content\/uploads\/2022\/07\/Categoria-Clara-de-Assis-TV-500x339.png 500w\" alt=\"\" width=\"638\" height=\"433\" \/><br \/>\n<strong>Document\u00e1rio<\/strong><br \/>\n\u2013\u00a0 <strong>Arquivo A: Desafios da Igreja: Alto do Rio Negro<\/strong>, de<em>\u00a0Camila Franco Morais<\/em>\u00a0(TV Aparecida)<br \/>\n\u2013 <strong>Caminho dos Santos M\u00e1rtires<\/strong>, de\u00a0<em>Claudio Ribeiro Jr<\/em>\u00a0(TV Evangelizar)<br \/>\n\u2013 <strong>Padre Jesus Flores \u2013 Viva a vida<\/strong>, de\u00a0<em>Marcus Tullius Oliveira Neto<\/em>\u00a0(TV Pai Eterno)<\/p>\n<p><strong>Reportagem<\/strong><br \/>\n\u2013 <strong>A Igreja em Sa\u00edda: a miss\u00e3o do Padre J\u00falio Lancellotti<\/strong>, de\u00a0<em>Mateus Eduardo Lino<\/em>\u00a0(A Igreja Em Sa\u00edda)<br \/>\n\u2013 <strong>Sustentabilidade (2021)<\/strong>, de<em>\u00a0Claudio Ribeiro Jr<\/em>\u00a0(TV Evangelizar)<br \/>\n\u2013 <strong>Bom Jesus diferente<\/strong>, de<em>\u00a0Gabriel Lemos Martins<\/em>\u00a0(Catedral Propri\u00e1)<\/p>\n<p><img decoding=\"async\" loading=\"lazy\" class=\"aligncenter wp-image-919107 size-full\" src=\"https:\/\/www.cnbb.org.br\/wp-content\/uploads\/2022\/07\/Categoria-dom-Helder-Camara-imprensa.png\" sizes=\"(max-width: 635px) 100vw, 635px\" srcset=\"https:\/\/www.cnbb.org.br\/wp-content\/uploads\/2022\/07\/Categoria-dom-Helder-Camara-imprensa.png 635w, https:\/\/www.cnbb.org.br\/wp-content\/uploads\/2022\/07\/Categoria-dom-Helder-Camara-imprensa-300x200.png 300w, https:\/\/www.cnbb.org.br\/wp-content\/uploads\/2022\/07\/Categoria-dom-Helder-Camara-imprensa-391x260.png 391w, https:\/\/www.cnbb.org.br\/wp-content\/uploads\/2022\/07\/Categoria-dom-Helder-Camara-imprensa-500x332.png 500w\" alt=\"\" width=\"635\" height=\"422\" \/><\/p>\n<p><strong>Jornais<\/strong><br \/>\n\u2013 <strong>As filhas do Bolsa Fam\u00edlia, 18 anos depois \u2013<\/strong>\u00a0Jornal O Estado de S.Paulo, de\u00a0<em>Vin\u00edcius Valfr\u00e9 Pereira<\/em><br \/>\n\u2013 <strong>O 1\u00ba ano da pandemia nas pris\u00f5es<\/strong>\u00a0\u2013 Jornal O S\u00e3o Paulo, de<em>\u00a0Daniel Gomes<\/em><br \/>\n\u2013 <strong>Aos 50 anos, Minhoc\u00e3o vive contrastes\u00a0<\/strong>\u2013 Jornal O Estado de S.Paulo, de\u00a0<em>Priscila Mengue e Tiago Queiroz<\/em><\/p>\n<p><strong>Revistas<\/strong><br \/>\n\u2013 <strong>Como vive o portador de HIV hoje em dia?<\/strong>\u00a0\u2013 Revista Fam\u00edlia Crist\u00e3,\u00a0\u00a0<em>Juliana Borga<\/em><br \/>\n\u2013 <strong>Servi\u00e7o Jesu\u00edta a Migrantes e Refugiados<\/strong>\u00a0\u2013 Jesu\u00edtas Brasil,\u00a0\u00a0<em>Jana\u00edna Santos<\/em><br \/>\n\u2013 <strong>Dossi\u00ea ICF PUC-PR\u00a0\u00a0<\/strong>\u2013 Pontif\u00edcia Universidade Cat\u00f3lica do Paran\u00e1,\u00a0<em>Douglas Borges<\/em><\/p>\n<p><img decoding=\"async\" loading=\"lazy\" class=\"aligncenter wp-image-919108 size-full\" src=\"https:\/\/www.cnbb.org.br\/wp-content\/uploads\/2022\/07\/Microfone-de-Prata-radio.png\" sizes=\"(max-width: 638px) 100vw, 638px\" srcset=\"https:\/\/www.cnbb.org.br\/wp-content\/uploads\/2022\/07\/Microfone-de-Prata-radio.png 638w, https:\/\/www.cnbb.org.br\/wp-content\/uploads\/2022\/07\/Microfone-de-Prata-radio-300x209.png 300w, https:\/\/www.cnbb.org.br\/wp-content\/uploads\/2022\/07\/Microfone-de-Prata-radio-500x348.png 500w\" alt=\"\" width=\"638\" height=\"444\" \/><\/p>\n<p><strong>Jornalismo<\/strong><br \/>\n\u2013 <strong>Ferida que ainda sangra<\/strong>\u00a0\u2013\u00a0<em>R\u00e1dio Senado\u00a0<\/em><br \/>\n\u2013 <strong>Brasil: Face que Clama por Miseric\u00f3rdia<\/strong>\u00a0\u2013\u00a0<em>R\u00e1dio Aparecida<br \/>\n<\/em>\u00a0\u2013 <strong>Dia da visibilidade trans: pessoas transg\u00eaneros e as elei\u00e7\u00f5es 2020<\/strong>\u00a0\u2013\u00a0<em>Ag\u00eancia R\u00e1dio Web<\/em><\/p>\n<p><strong>Entretenimento<\/strong><br \/>\n\u2013 <strong>Mensagem sertaneja<\/strong>\u00a0\u2013\u00a0<em>R\u00e1dio Mensagem<\/em>\u00a0(Da Diocese de S\u00e3o Jos\u00e9 dos Campos\/SP)<br \/>\n\u2013 <strong>Gente nossa<\/strong>\u00a0\u2013\u00a0<em>R\u00e1dio Educativa<\/em>\u00a0(Funda\u00e7\u00e3o Bento Freire de Souza)<br \/>\n\u2013 <strong>Est\u00fadio aberto<\/strong>\u00a0\u2013\u00a0<em>R\u00e1dio Imaculada<\/em><\/p>\n<p><em><strong>Religioso<\/strong><\/em><\/p>\n<p><em>\u2013 <strong>Palavra de Amigo<\/strong> \u2013 R\u00e1dio Mundo Melhor (Funda\u00e7\u00e3o Jo\u00e3o XXIII)<br \/>\n<\/em><em>\u00a0\u2013 <strong>Campanha da CF 2022<\/strong>\u00a0\u2013 Pastoral da Crian\u00e7a<\/em><\/p>\n<p><img decoding=\"async\" loading=\"lazy\" class=\"aligncenter wp-image-919109 size-full\" src=\"https:\/\/www.cnbb.org.br\/wp-content\/uploads\/2022\/07\/Teses-e-Dissertacoes-Papa-Francisco.png\" sizes=\"(max-width: 637px) 100vw, 637px\" srcset=\"https:\/\/www.cnbb.org.br\/wp-content\/uploads\/2022\/07\/Teses-e-Dissertacoes-Papa-Francisco.png 637w, https:\/\/www.cnbb.org.br\/wp-content\/uploads\/2022\/07\/Teses-e-Dissertacoes-Papa-Francisco-300x204.png 300w, https:\/\/www.cnbb.org.br\/wp-content\/uploads\/2022\/07\/Teses-e-Dissertacoes-Papa-Francisco-500x340.png 500w\" alt=\"\" width=\"637\" height=\"433\" \/><\/p>\n<p><strong>Teses<br \/>\n<\/strong>\u2013 <strong>A representa\u00e7\u00e3o do capel\u00e3o militar nos filmes de guerra: O Resgate do Soldado, Pearl Harbor, Pais\u00e0 e A Grande Guerra<\/strong>, de\u00a0<em>H\u00e9liton Marconi Dantas de Medeiros<\/em>\u00a0(PUC-Rio)<\/p>\n<p><strong>Disserta\u00e7\u00f5es<\/strong><br \/>\n-\u201c<strong>\u00c9 melhor tirar a cadeia\u201d: contribui\u00e7\u00f5es da teologia p\u00fablica para a supera\u00e7\u00e3o do encarceramento,\u00a0<\/strong>de<em>\u00a0Lucas Henrique Pereira Duarte<\/em>\u00a0(PUC-PR)<br \/>\n<strong>-Migra\u00e7\u00e3o de R\u00e1dio: do AM ao FM, tradi\u00e7\u00e3o, inova\u00e7\u00e3o e reconfigura\u00e7\u00e3o na R\u00e1dio Educadora do Maranh\u00e3o,\u00a0 <\/strong>de\u00a0<em>Gutemberg de Sousa Feitosa<\/em>\u00a0(Universidade Federal do Maranh\u00e3o)<br \/>\n<strong>-A Voca\u00e7\u00e3o Para O Direito E A Justi\u00e7a No Primeiro Canto Do Servo De Yhwh (Is 42,1-9), <\/strong>de\u00a0<em>M\u00e1rcio Jos\u00e9 Pelinski<\/em>\u00a0(PUC-PR)<\/p>\n<p>&nbsp;<\/p>\n<p><img decoding=\"async\" loading=\"lazy\" class=\"aligncenter wp-image-919110 size-full\" src=\"https:\/\/www.cnbb.org.br\/wp-content\/uploads\/2022\/07\/Kerigma-Pastoral-da-Comunicacao.png\" sizes=\"(max-width: 642px) 100vw, 642px\" srcset=\"https:\/\/www.cnbb.org.br\/wp-content\/uploads\/2022\/07\/Kerigma-Pastoral-da-Comunicacao.png 642w, https:\/\/www.cnbb.org.br\/wp-content\/uploads\/2022\/07\/Kerigma-Pastoral-da-Comunicacao-300x190.png 300w, https:\/\/www.cnbb.org.br\/wp-content\/uploads\/2022\/07\/Kerigma-Pastoral-da-Comunicacao-500x316.png 500w\" alt=\"\" width=\"642\" height=\"406\" \/><br \/>\n\u2013 <strong>Maximiliano, o santo de \u00f3culos no cora\u00e7\u00e3o do maior bairro da capital alagoana\u201d<\/strong>, de<em>\u00a0Marcos Filipe das Silva Souza<\/em> (Pascom Par\u00f3quia S\u00e3o Maximiliano Kolbe, Macei\u00f3\/AL)<br \/>\n\u2013 <strong>Projeto FelizMente<\/strong>, de\u00a0<em>Amanda Aparecida de Oliveira Silva<\/em>\u00a0(Pascom Arquidiocese de Uberaba\/MG)<br \/>\n\u2013 <strong>Plano Pastoral Digital Par\u00f3quia Nossa Senhora Aparecida Xingu<\/strong>, de\u00a0<em>Karina de Carvalho<\/em>\u00a0(Pascom da Par\u00f3quia Nossa Senhora do Xingu, Diocese de S\u00e3o Jos\u00e9 dos Pinhais\/PR)<\/p>\n<p>&nbsp;<\/p>\n<p><img decoding=\"async\" loading=\"lazy\" class=\"aligncenter wp-image-919111 size-full\" src=\"https:\/\/www.cnbb.org.br\/wp-content\/uploads\/2022\/07\/Dom-Luciano-Mendes-Internet.png\" sizes=\"(max-width: 638px) 100vw, 638px\" srcset=\"https:\/\/www.cnbb.org.br\/wp-content\/uploads\/2022\/07\/Dom-Luciano-Mendes-Internet.png 638w, https:\/\/www.cnbb.org.br\/wp-content\/uploads\/2022\/07\/Dom-Luciano-Mendes-Internet-300x200.png 300w, https:\/\/www.cnbb.org.br\/wp-content\/uploads\/2022\/07\/Dom-Luciano-Mendes-Internet-391x260.png 391w, https:\/\/www.cnbb.org.br\/wp-content\/uploads\/2022\/07\/Dom-Luciano-Mendes-Internet-500x334.png 500w\" alt=\"\" width=\"638\" height=\"426\" \/><\/p>\n<p><strong>Aplicativos<\/strong><\/p>\n<p>\u2013 <strong>Conex\u00e3o Fraterna<\/strong>, de autoria de\u00a0<em>Frei Augusto Luiz Gabriel<\/em><\/p>\n<p><strong>Iniciativas com redes sociais:<\/strong><br \/>\n\u2013 <strong>Adotar \u00e9 amor<\/strong>, autoria de\u00a0<em>Juliana Rodrigues Freitas<\/em><br \/>\n\u2013 <strong>G\u00e1latas \u2013 m\u00eas da B\u00edblia<\/strong>, autoria de\u00a0<em>Alice Carolina Dias Pedreira<\/em><br \/>\n\u2013 <strong>Evangelho com as crian\u00e7as<\/strong>, autoria de<em>\u00a0Osmar de Oliveira Brado<\/em><\/p>\n<p><strong>Sites\/blogs\/portais<\/strong><br \/>\n\u2013 <strong>Not\u00edcias Can\u00e7\u00e3o Nova<\/strong>, autoria de\u00a0<em>J\u00falia Beck Ferreira<\/em><br \/>\n\u2013 <strong>Projeto m\u00e3os \u00e0 obra entrega duas casas<\/strong>, autoria\u00a0<em>Samuel Rocha Medeiros<\/em><br \/>\n\u2013 <strong>Patr\u00edcia ConVIDA<\/strong>, autoria de\u00a0<em>Patr\u00edcia Mid\u00f5es de Matos.<\/em><\/p>\n<h3><strong>Saiba mais<\/strong><\/h3>\n<p>&nbsp;<\/p>\n<p><strong><a href=\"https:\/\/www.cnbb.org.br\/conheca-os-finalistas-nas-sete-categorias-da-54a-edicao-dos-premios-de-comunicacao-da-cnbb\/\">Conhe\u00e7a os finalistas nas sete categorias da 54\u00aa edi\u00e7\u00e3o dos Pr\u00eamios de Comunica\u00e7\u00e3o da CNBB;<\/a><\/strong><\/p>\n<p><strong><a href=\"https:\/\/www.cnbb.org.br\/finalistas-da-54a-edicao-dos-premios-de-comunicacao-da-cnbb-vao-participar-da-cerimonia-diretamente-de-curitiba-pr\/\">Finalistas da 54\u00aa edi\u00e7\u00e3o dos Pr\u00eamios de Comunica\u00e7\u00e3o da CNBB v\u00e3o participar da cerim\u00f4nia diretamente de Curitiba (PR) \u2013 CNBB;<\/a><\/strong><\/p>\n<p><strong><a href=\"https:\/\/www.cnbb.org.br\/prorrogadas-inscricoes-premios-comunicacao-cnbb\/\">Prorrogadas at\u00e9 o dia 30 de maio as inscri\u00e7\u00f5es para os Pr\u00eamios de Comunica\u00e7\u00e3o da CNBB;<\/a><\/strong><\/p>\n<p class=\"elementor-heading-title elementor-size-default\"><strong><a href=\"https:\/\/www.cnbb.org.br\/inscricoes-as-7-categorias-da-54a-edicao-dos-premios-de-comunicacao-da-cnbb\/\"><span class=\"TextRun SCXW171420886 BCX0\" lang=\"PT-PT\" xml:lang=\"PT-PT\" data-contrast=\"auto\"><span class=\"NormalTextRun SCXW171420886 BCX0\">Inscri\u00e7\u00f5es \u00e0s 7 categorias da 54\u00aa edi\u00e7\u00e3o dos pr\u00eamios de comunica\u00e7\u00e3o da cnbb se encerram na pr\u00f3xima segunda, 9;<\/span><\/span><span class=\"EOP SCXW171420886 BCX0\" data-ccp-props=\"{&quot;201341983&quot;:0,&quot;335559739&quot;:160,&quot;335559740&quot;:259}\">\u00a0<\/span><\/a><\/strong><\/p>\n<p>&nbsp;<\/p>\n<p class=\"elementor-heading-title elementor-size-default\"><strong><a href=\"https:\/\/www.cnbb.org.br\/54a-edicao-dos-premios-de-comunicacao-da-cnbb\/\">Est\u00e3o abertas as inscri\u00e7\u00f5es \u00e0 54\u00aa edi\u00e7\u00e3o dos Pr\u00eamios de Comunica\u00e7\u00e3o da CNBB \u2013 CNBB.<\/a><\/strong><\/p>\n<p>&nbsp;<\/p>\n","protected":false},"excerpt":{"rendered":"<p>A cerim\u00f4nia de entrega dos Pr\u00eamios de Comunica\u00e7\u00e3o da CNBB, em sua 54\u00aa edi\u00e7\u00e3o, ser\u00e1 exibida no pr\u00f3ximo dia 23 de novembro, \u00e0s 21h, pelas emissoras de inspira\u00e7\u00e3o cat\u00f3lica. Com produ\u00e7\u00e3o da CNBB e da TV Evangelizar, pela primeira vez a solenidade ocorrer\u00e1 de forma h\u00edbrida <\/p>\n","protected":false},"author":141,"featured_media":866480,"comment_status":"open","ping_status":"open","sticky":false,"template":"","format":"standard","meta":{"site-sidebar-layout":"default","site-content-layout":"default","ast-global-header-display":"","ast-banner-title-visibility":"","ast-main-header-display":"","ast-hfb-above-header-display":"","ast-hfb-below-header-display":"","ast-hfb-mobile-header-display":"","site-post-title":"","ast-breadcrumbs-content":"","ast-featured-img":"","footer-sml-layout":"","theme-transparent-header-meta":"default","adv-header-id-meta":"","stick-header-meta":"","header-above-stick-meta":"","header-main-stick-meta":"","header-below-stick-meta":""},"categories":[50,1760],"tags":[4504,1291],"acf":[],"_links":{"self":[{"href":"https:\/\/www.cnbb.org.br\/cnbb-app\/wp\/v2\/posts\/932461"}],"collection":[{"href":"https:\/\/www.cnbb.org.br\/cnbb-app\/wp\/v2\/posts"}],"about":[{"href":"https:\/\/www.cnbb.org.br\/cnbb-app\/wp\/v2\/types\/post"}],"author":[{"embeddable":true,"href":"https:\/\/www.cnbb.org.br\/cnbb-app\/wp\/v2\/users\/141"}],"replies":[{"embeddable":true,"href":"https:\/\/www.cnbb.org.br\/cnbb-app\/wp\/v2\/comments?post=932461"}],"version-history":[{"count":36,"href":"https:\/\/www.cnbb.org.br\/cnbb-app\/wp\/v2\/posts\/932461\/revisions"}],"predecessor-version":[{"id":932715,"href":"https:\/\/www.cnbb.org.br\/cnbb-app\/wp\/v2\/posts\/932461\/revisions\/932715"}],"wp:featuredmedia":[{"embeddable":true,"href":"https:\/\/www.cnbb.org.br\/cnbb-app\/wp\/v2\/media\/866480"}],"wp:attachment":[{"href":"https:\/\/www.cnbb.org.br\/cnbb-app\/wp\/v2\/media?parent=932461"}],"wp:term":[{"taxonomy":"category","embeddable":true,"href":"https:\/\/www.cnbb.org.br\/cnbb-app\/wp\/v2\/categories?post=932461"},{"taxonomy":"post_tag","embeddable":true,"href":"https:\/\/www.cnbb.org.br\/cnbb-app\/wp\/v2\/tags?post=932461"}],"curies":[{"name":"wp","href":"https:\/\/api.w.org\/{rel}","templated":true}]}}