{"id":932511,"date":"2022-10-24T15:05:07","date_gmt":"2022-10-24T18:05:07","guid":{"rendered":"https:\/\/www.cnbb.org.br\/?p=932511"},"modified":"2022-10-24T15:11:21","modified_gmt":"2022-10-24T18:11:21","slug":"pastoral-da-sobriedade-3","status":"publish","type":"post","link":"https:\/\/www.cnbb.org.br\/pastoral-da-sobriedade-3\/","title":{"rendered":"Pastoral da Sobriedade"},"content":{"rendered":"<p style=\"text-align: right;\"><span data-contrast=\"auto\"><strong>Dom Fernando Ar\u00eaas Rifan<\/strong><br \/>\n<strong>Bispo de S\u00e3o Jo\u00e3o Maria Vianney (RJ)\u00a0<\/strong><br \/>\n<\/span><\/p>\n<p style=\"text-align: justify;\"><span data-contrast=\"none\">\u00a0<\/span> <span data-ccp-props=\"{&quot;335551550&quot;:2,&quot;335551620&quot;:2,&quot;335559685&quot;:2832,&quot;335559737&quot;:616,&quot;335559991&quot;:2832}\">\u00a0<\/span><\/p>\n<p style=\"text-align: justify;\"><span data-contrast=\"auto\">No \u00faltimo fim de semana, tivemos o Curso de Forma\u00e7\u00e3o e Atualiza\u00e7\u00e3o de agentes da Pastoral da Sobriedade da Diocese de Campos e Administra\u00e7\u00e3o Apost\u00f3lica. \u00c9 urgente a implanta\u00e7\u00e3o dessa importante pastoral em todas as nossas par\u00f3quias. Quantas fam\u00edlias destru\u00eddas e atingidas pelo sofrimento de tantos filhos extraviados pelas drogas e outras depend\u00eancias! Problema que se agravou com a recente pandemia. <\/span> <span data-ccp-props=\"{&quot;335551550&quot;:6,&quot;335551620&quot;:6,&quot;335559737&quot;:-1}\">\u00a0<\/span><\/p>\n<p style=\"text-align: justify;\"><span data-contrast=\"auto\">Considerando que 25% da popula\u00e7\u00e3o brasileira est\u00e1, direta ou indiretamente, ligada ao fen\u00f4meno das drogas, e que cada vez mais cedo os adolescentes entram em contato com elas, carregando consigo, em m\u00e9dia, quatro outras pessoas, chamadas de codependentes, membros da fam\u00edlia e amigos, a Pastoral da Sobriedade, institui\u00e7\u00e3o da Igreja do Brasil, como uma atua\u00e7\u00e3o especial diante desse problema, vem prestando nesse setor imenso benef\u00edcio \u00e0 sociedade, como a\u00e7\u00e3o concreta na preven\u00e7\u00e3o e recupera\u00e7\u00e3o da depend\u00eancia qu\u00edmica.<\/span><span data-ccp-props=\"{&quot;335551550&quot;:6,&quot;335551620&quot;:6,&quot;335559737&quot;:-1}\">\u00a0<\/span><\/p>\n<p style=\"text-align: justify;\"><span data-contrast=\"auto\">Trata-se de uma a\u00e7\u00e3o pastoral conjunta que busca a integra\u00e7\u00e3o entre todas as Pastorais, Movimentos, Comunidades Terap\u00eauticas, Casas de Recupera\u00e7\u00e3o para, atrav\u00e9s da pedagogia da f\u00e9 e da ci\u00eancia, usando a terapia de grupo, resgatar e reinserir os exclu\u00eddos, conduzindo a uma mudan\u00e7a de vida atrav\u00e9s da convers\u00e3o. A Pastoral da Sobriedade nos prop\u00f5e a liberta\u00e7\u00e3o da depend\u00eancia das drogas, do \u00e1lcool, dos v\u00edcios, das manias, das compuls\u00f5es e pecados, ajudando a resgatar valores, numa transforma\u00e7\u00e3o de vida e valoriza\u00e7\u00e3o da pessoa humana. Como Bispo referencial dessa Pastoral no Estado do Rio de Janeiro, desejo que se institua em todas as par\u00f3quias essa ben\u00e9fica institui\u00e7\u00e3o da Igreja.<\/span><span data-ccp-props=\"{&quot;335551550&quot;:6,&quot;335551620&quot;:6,&quot;335559731&quot;:708}\">\u00a0<\/span><\/p>\n<p style=\"text-align: justify;\"><span data-contrast=\"auto\">Nas reuni\u00f5es semanais da Pastoral da Sobriedade, institu\u00edda em quase todas as Par\u00f3quias brasileiras, incutem-se, atrav\u00e9s do convencimento, as virtudes humanas e crist\u00e3s, base da serenidade e da sobriedade. Virtude \u00e9 a disposi\u00e7\u00e3o habitual e firme para fazer o bem. Permite \u00e0 pessoa n\u00e3o s\u00f3 praticar atos bons, mas dar o melhor de si: tender ao bem, procura-lo e escolhe-lo na pr\u00e1tica. As virtudes humanas s\u00e3o atitudes firmes, disposi\u00e7\u00f5es est\u00e1veis, perfei\u00e7\u00f5es habituais da intelig\u00eancia e da vontade que regulam nossos atos, ordenando nossas paix\u00f5es e guiando-nos segundo a raz\u00e3o e a f\u00e9. Facilitam, assim, e nos ajudam a ter dom\u00ednio e alegria para levar uma vida moralmente boa. Pessoa virtuosa \u00e9 aquela que livremente pratica o bem. As virtudes morais s\u00e3o adquiridas humanamente. S\u00e3o os frutos e os germes de atos moralmente bons; disp\u00f5em todas as for\u00e7as do ser humano para entrar em comunh\u00e3o com Deus.\u00a0<\/span><span data-ccp-props=\"{&quot;335551550&quot;:6,&quot;335551620&quot;:6,&quot;335559731&quot;:708}\">\u00a0<\/span><\/p>\n<p style=\"text-align: justify;\"><span data-contrast=\"auto\">Entre as virtudes humanas est\u00e1 a temperan\u00e7a, ou sobriedade, <\/span><span data-contrast=\"none\">virtude moral que modera a atra\u00e7\u00e3o dos prazeres e proporciona o equil\u00edbrio no uso dos bens criados. Assegura o dom\u00ednio da vontade sobre os instintos e mant\u00e9m os desejos nos limites da honestidade, gerando a paz.\u00a0<\/span><span data-ccp-props=\"{&quot;335551550&quot;:6,&quot;335551620&quot;:6,&quot;335559731&quot;:708,&quot;335559737&quot;:-1}\">\u00a0<\/span><\/p>\n<p style=\"text-align: justify;\"><span data-contrast=\"auto\">A PASTORAL DA SOBRIEDADE vem nos propor a liberta\u00e7\u00e3o das depend\u00eancias das drogas, ou o correto uso da liberdade que Deus nos deu: \u201cComportai-vos como homens livres, e n\u00e3o \u00e0 maneira dos que tomam a liberdade como v\u00e9u para encobrir a mal\u00edcia\u201d (S. Pedro &#8211; 1Pd 2, 16). \u201cV\u00f3s, irm\u00e3os, fostes chamados \u00e0 liberdade. N\u00e3o abuseis, por\u00e9m, da liberdade como pretexto para prazeres carnais\u201d (S\u00e3o Paulo &#8211; Gl 5, 13).<\/span><span data-ccp-props=\"{&quot;335551550&quot;:6,&quot;335551620&quot;:6,&quot;335559731&quot;:708}\">\u00a0<\/span><\/p>\n<p><span data-contrast=\"auto\">\u00a0<\/span><span data-ccp-props=\"{&quot;335551550&quot;:6,&quot;335551620&quot;:6}\">\u00a0<\/span><\/p>\n<p>&nbsp;<\/p>\n","protected":false},"excerpt":{"rendered":"<p>Dom Fernando Ar\u00eaas Rifan Bispo de S\u00e3o Jo\u00e3o Maria Vianney (RJ)\u00a0 \u00a0 \u00a0 No \u00faltimo fim de semana, tivemos o Curso de Forma\u00e7\u00e3o e Atualiza\u00e7\u00e3o de agentes da Pastoral da Sobriedade da Diocese de Campos e Administra\u00e7\u00e3o Apost\u00f3lica. \u00c9 urgente a implanta\u00e7\u00e3o dessa importante pastoral em todas as nossas par\u00f3quias. Quantas fam\u00edlias destru\u00eddas e atingidas &hellip;<\/p>\n<p class=\"read-more\"> <a class=\"\" href=\"https:\/\/www.cnbb.org.br\/pastoral-da-sobriedade-3\/\"> <span class=\"screen-reader-text\">Pastoral da Sobriedade<\/span> Leia mais &raquo;<\/a><\/p>\n","protected":false},"author":29,"featured_media":0,"comment_status":"open","ping_status":"open","sticky":false,"template":"","format":"standard","meta":{"site-sidebar-layout":"default","site-content-layout":"default","ast-global-header-display":"","ast-banner-title-visibility":"","ast-main-header-display":"","ast-hfb-above-header-display":"","ast-hfb-below-header-display":"","ast-hfb-mobile-header-display":"","site-post-title":"","ast-breadcrumbs-content":"","ast-featured-img":"","footer-sml-layout":"","theme-transparent-header-meta":"default","adv-header-id-meta":"","stick-header-meta":"","header-above-stick-meta":"","header-main-stick-meta":"","header-below-stick-meta":""},"categories":[758,1837],"tags":[],"acf":[],"_links":{"self":[{"href":"https:\/\/www.cnbb.org.br\/cnbb-app\/wp\/v2\/posts\/932511"}],"collection":[{"href":"https:\/\/www.cnbb.org.br\/cnbb-app\/wp\/v2\/posts"}],"about":[{"href":"https:\/\/www.cnbb.org.br\/cnbb-app\/wp\/v2\/types\/post"}],"author":[{"embeddable":true,"href":"https:\/\/www.cnbb.org.br\/cnbb-app\/wp\/v2\/users\/29"}],"replies":[{"embeddable":true,"href":"https:\/\/www.cnbb.org.br\/cnbb-app\/wp\/v2\/comments?post=932511"}],"version-history":[{"count":2,"href":"https:\/\/www.cnbb.org.br\/cnbb-app\/wp\/v2\/posts\/932511\/revisions"}],"predecessor-version":[{"id":932515,"href":"https:\/\/www.cnbb.org.br\/cnbb-app\/wp\/v2\/posts\/932511\/revisions\/932515"}],"wp:attachment":[{"href":"https:\/\/www.cnbb.org.br\/cnbb-app\/wp\/v2\/media?parent=932511"}],"wp:term":[{"taxonomy":"category","embeddable":true,"href":"https:\/\/www.cnbb.org.br\/cnbb-app\/wp\/v2\/categories?post=932511"},{"taxonomy":"post_tag","embeddable":true,"href":"https:\/\/www.cnbb.org.br\/cnbb-app\/wp\/v2\/tags?post=932511"}],"curies":[{"name":"wp","href":"https:\/\/api.w.org\/{rel}","templated":true}]}}