{"id":932524,"date":"2022-10-25T10:17:40","date_gmt":"2022-10-25T13:17:40","guid":{"rendered":"https:\/\/www.cnbb.org.br\/?p=932524"},"modified":"2022-10-25T14:07:10","modified_gmt":"2022-10-25T17:07:10","slug":"menina-benigna-e-beata-exemplo-de-nao-subjugacao-das-mulheres-ressaltou-o-cardeal-leonardo-steiner-na-cerimonia-de-beatificacao-de-benigna-cardoso-da-silva","status":"publish","type":"post","link":"https:\/\/www.cnbb.org.br\/menina-benigna-e-beata-exemplo-de-nao-subjugacao-das-mulheres-ressaltou-o-cardeal-leonardo-steiner-na-cerimonia-de-beatificacao-de-benigna-cardoso-da-silva\/","title":{"rendered":"Menina Benigna \u00e9 declarada bem aventurada, \u201cexemplo de n\u00e3o subjuga\u00e7\u00e3o das mulheres\u201d, ressaltou o cardeal Steiner"},"content":{"rendered":"<p style=\"text-align: justify;\">A luta ao feminic\u00eddio foi invocada pelo representante do Papa Francisco, cardeal Leonardo Steiner, na missa a beatifica\u00e7\u00e3o de Benigna Cardoso da Silva.\u00a0Depois de lida a biografia da jovem leiga m\u00e1rtir, o arcebispo de Manaus leu a carta apost\u00f3lica assinada pelo Papa na qual se acolhe o pedido dos bispos para declarar Bem-aventurada a Menina Benigna e se estabelece o dia 24 de outubro como data de sua mem\u00f3ria lit\u00fargica. Na sequ\u00eancia, sua rel\u00edquia foi levada ao altar por duas de suas irm\u00e3s de cria\u00e7\u00e3o e por alguns jovens, enquanto se entoava o hino \u00e0 nova Beata.<\/p>\n<p><em style=\"font-size: 16px; font-weight: 400; text-align: justify;\"><img decoding=\"async\" loading=\"lazy\" class=\" wp-image-932529 alignleft\" src=\"https:\/\/www.cnbb.org.br\/wp-content\/uploads\/2022\/10\/Menina-Benigna-1-300x169.jpeg\" alt=\"\" width=\"373\" height=\"210\" srcset=\"https:\/\/www.cnbb.org.br\/wp-content\/uploads\/2022\/10\/Menina-Benigna-1-300x169.jpeg 300w, https:\/\/www.cnbb.org.br\/wp-content\/uploads\/2022\/10\/Menina-Benigna-1-768x432.jpeg 768w, https:\/\/www.cnbb.org.br\/wp-content\/uploads\/2022\/10\/Menina-Benigna-1-500x282.jpeg 500w, https:\/\/www.cnbb.org.br\/wp-content\/uploads\/2022\/10\/Menina-Benigna-1.jpeg 1000w\" sizes=\"(max-width: 373px) 100vw, 373px\" \/><\/em><\/p>\n<p style=\"text-align: justify;\"><em style=\"font-size: 16px;\">\u201cNa tarde da sexta-feira, 24 de outubro de 1941, Benigna foi \u00e0 fonte, em busca de \u00e1gua. Conhecia o caminho para matar a sede, servir aos da casa, regar as plantas. Lugar da \u00e1gua, da vida, tornou-se lugar da agress\u00e3o, da viol\u00eancia, torna-se lugar da morte. Lugar da morte, fonte de resist\u00eancia, de transpar\u00eancia, de fortaleza, de dignidade. Junto \u00e0 fonte, Benigna oferece a sua vida na fidelidade a Jesus.\u201d<\/em><em>\u00a0\u00a0 \u00a0<\/em><\/p>\n<p style=\"text-align: justify;\">Desde cedo, a Palavra e a Eucaristia foram bebida e alimento de Benigna. Dessa fonte, recebeu for\u00e7as para perseverar, resistir, temperar-se, permanecer fiel aos desejos do seu cora\u00e7\u00e3o.<\/p>\n<p style=\"text-align: justify;\">Na sua tenra idade, lia as hist\u00f3rias da Sagrada Escritura, participava da comunidade, cuidava das tias doentes, mesmo sendo assediada e aconselhada a afastar-se para outro local. Cresceu na bondade, na generosidade, no cuidado das pessoas idosas, aprendeu na inf\u00e2ncia a amar Jesus!<\/p>\n<p style=\"text-align: justify;\"><em>\u201cO seu amor, a sua miseric\u00f3rdia, a levou ao mart\u00edrio\u201d, <\/em>ressaltou Dom Leonardo<em>, que citou na homilia inclusive o jovem Raimundo Raul Alves Ribeiro, por cujas m\u00e3os Benigna encontrou a morte a facadas.<\/em><\/p>\n<p style=\"text-align: justify;\"><img decoding=\"async\" loading=\"lazy\" class=\"wp-image-932527 alignleft\" src=\"https:\/\/www.cnbb.org.br\/wp-content\/uploads\/2022\/10\/Dom-leonardo-Diocese-de-Crato1-300x169.jpeg\" alt=\"\" width=\"413\" height=\"232\" srcset=\"https:\/\/www.cnbb.org.br\/wp-content\/uploads\/2022\/10\/Dom-leonardo-Diocese-de-Crato1-300x169.jpeg 300w, https:\/\/www.cnbb.org.br\/wp-content\/uploads\/2022\/10\/Dom-leonardo-Diocese-de-Crato1-768x432.jpeg 768w, https:\/\/www.cnbb.org.br\/wp-content\/uploads\/2022\/10\/Dom-leonardo-Diocese-de-Crato1-500x282.jpeg 500w, https:\/\/www.cnbb.org.br\/wp-content\/uploads\/2022\/10\/Dom-leonardo-Diocese-de-Crato1.jpeg 1000w\" sizes=\"(max-width: 413px) 100vw, 413px\" \/>\u201cBem ressoam as palavras do Ap\u00f3stolo diante da brutalidade, mesmo dos nossos dias em rela\u00e7\u00e3o \u00e0s crian\u00e7as abusadas e o feminic\u00eddio, e diante da figura iluminadora de nossa Beata: \u2018Somos afligidos de todos os lados, mas n\u00e3o vencidos pela ang\u00fastia; postos entre os maiores apuros, mas sem perder a esperan\u00e7a; perseguidos, mas n\u00e3o desamparados; derrubados, mas n\u00e3o aniquilados\u2019.<\/p>\n<p style=\"text-align: justify;\"><em>\u201cHoje louvamos a Deus pela vida e pelo testemunho daquela que pelo mart\u00edrio foi bem-nascida para a Igreja como Bem-aventurada, indicadora e defensora da dignidade da mulher. Benigna exemplo de n\u00e3o subjuga\u00e7\u00e3o das mulheres, defensora da pr\u00f3pria for\u00e7a e valor, da dignidade e da beleza, da sexualidade e da maternidade, do vigor e da ternura. Preferiu a morte que a paix\u00e3o, preferiu a morte que romper com a sua dignidade.\u201d<\/em><\/p>\n<p style=\"text-align: justify;\"><img decoding=\"async\" loading=\"lazy\" class=\" wp-image-932525 alignright\" src=\"https:\/\/www.cnbb.org.br\/wp-content\/uploads\/2022\/10\/Missa-canonizacao-Benigna-300x169.jpeg\" alt=\"\" width=\"380\" height=\"214\" srcset=\"https:\/\/www.cnbb.org.br\/wp-content\/uploads\/2022\/10\/Missa-canonizacao-Benigna-300x169.jpeg 300w, https:\/\/www.cnbb.org.br\/wp-content\/uploads\/2022\/10\/Missa-canonizacao-Benigna-500x281.jpeg 500w, https:\/\/www.cnbb.org.br\/wp-content\/uploads\/2022\/10\/Missa-canonizacao-Benigna.jpeg 750w\" sizes=\"(max-width: 380px) 100vw, 380px\" \/>Hoje, portanto, a Bem-aventurada \u00e9 invocada como defensora da dignidade de mulher, como \u00edcone contra o abuso sexual de crian\u00e7as e adolescentes. De fato, destacou Dom Leonardo, neste mesmo dia da beatifica\u00e7\u00e3o foi instalado o Juizado de Viol\u00eancia Dom\u00e9stica e familiar contra a Mulher na Comarca de Crato, para garantir os direitos fundamentais das mulheres nas rela\u00e7\u00f5es dom\u00e9sticas e familiares.<\/p>\n<p style=\"text-align: justify;\"><em>\u201cBenigna nos anima a criar um ambiente familiar e social de cuidado, respeito e dignidade entre n\u00f3s. Hero\u00edna da castidade! Que a sua santa alma converta esta par\u00f3quia e seja a prote\u00e7\u00e3o das crian\u00e7as e das fam\u00edlias. Estes s\u00e3o os votos que fa\u00e7o \u00e0 nossa \u2018santinha\u2019\u201d<\/em> (Livro de batismo). S\u00e3o os votos que fazemos todos n\u00f3s!\u201d, concluiu o cardeal, citando por fim outra figura importante do Cear\u00e1, Padre C\u00edcero, cujo processo de beatifica\u00e7\u00e3o est\u00e1 em andamento:<\/p>\n<blockquote>\n<p style=\"text-align: justify;\"><em>\u201cComo foi perseverante a menina, Padre C\u00edcero nos ajude a ser perseverantes e n\u00e3o abandonemos a f\u00e9 em Jesus.\u201d<\/em><\/p>\n<div id='gallery-1' class='gallery galleryid-932524 gallery-columns-2 gallery-size-thumbnail'><figure class='gallery-item'>\n\t\t\t<div class='gallery-icon landscape'>\n\t\t\t\t<img width=\"150\" height=\"150\" src=\"https:\/\/www.cnbb.org.br\/wp-content\/uploads\/2022\/10\/Menina-Benigna-1-150x150.jpeg\" class=\"attachment-thumbnail size-thumbnail\" alt=\"\" decoding=\"async\" loading=\"lazy\" \/>\n\t\t\t<\/div><\/figure><figure class='gallery-item'>\n\t\t\t<div class='gallery-icon landscape'>\n\t\t\t\t<img width=\"150\" height=\"150\" src=\"https:\/\/www.cnbb.org.br\/wp-content\/uploads\/2022\/10\/Dom-leonardo-Diocese-de-Crato-150x150.jpeg\" class=\"attachment-thumbnail size-thumbnail\" alt=\"\" decoding=\"async\" loading=\"lazy\" \/>\n\t\t\t<\/div><\/figure><figure class='gallery-item'>\n\t\t\t<div class='gallery-icon landscape'>\n\t\t\t\t<img width=\"150\" height=\"150\" src=\"https:\/\/www.cnbb.org.br\/wp-content\/uploads\/2022\/10\/Dom-leonardo-Diocese-de-Crato1-150x150.jpeg\" class=\"attachment-thumbnail size-thumbnail\" alt=\"\" decoding=\"async\" loading=\"lazy\" \/>\n\t\t\t<\/div><\/figure><figure class='gallery-item'>\n\t\t\t<div class='gallery-icon landscape'>\n\t\t\t\t<img width=\"150\" height=\"150\" src=\"https:\/\/www.cnbb.org.br\/wp-content\/uploads\/2022\/10\/Missa-canonizacao-Benigna-150x150.jpeg\" class=\"attachment-thumbnail size-thumbnail\" alt=\"\" decoding=\"async\" loading=\"lazy\" \/>\n\t\t\t<\/div><\/figure>\n\t\t<\/div>\n<\/blockquote>\n<pre style=\"text-align: justify;\"><em>Com informa\u00e7\u00f5es e fotos de Bianca Fraccalvieri - Vatican News<\/em><\/pre>\n","protected":false},"excerpt":{"rendered":"<p>A missa foi realizada no dia do mart\u00edrio da Bem-aventurada, 24 de outubro, com a participa\u00e7\u00e3o de pelo menos 60 mil pessoas. Benigna \u00e9 invocada como defensora da dignidade da mulher e \u00edcone contra o abuso sexual de crian\u00e7as e adolescentes. O cardeal Leonardo Steiner, arcebispo de Manaus representou o Papa Francisco na cerim\u00f4nia <\/p>\n","protected":false},"author":83,"featured_media":932529,"comment_status":"open","ping_status":"open","sticky":false,"template":"","format":"standard","meta":{"site-sidebar-layout":"default","site-content-layout":"default","ast-global-header-display":"","ast-banner-title-visibility":"","ast-main-header-display":"","ast-hfb-above-header-display":"","ast-hfb-below-header-display":"","ast-hfb-mobile-header-display":"","site-post-title":"","ast-breadcrumbs-content":"","ast-featured-img":"","footer-sml-layout":"","theme-transparent-header-meta":"default","adv-header-id-meta":"","stick-header-meta":"","header-above-stick-meta":"","header-main-stick-meta":"","header-below-stick-meta":""},"categories":[1831,50],"tags":[4758,4759],"acf":[],"_links":{"self":[{"href":"https:\/\/www.cnbb.org.br\/cnbb-app\/wp\/v2\/posts\/932524"}],"collection":[{"href":"https:\/\/www.cnbb.org.br\/cnbb-app\/wp\/v2\/posts"}],"about":[{"href":"https:\/\/www.cnbb.org.br\/cnbb-app\/wp\/v2\/types\/post"}],"author":[{"embeddable":true,"href":"https:\/\/www.cnbb.org.br\/cnbb-app\/wp\/v2\/users\/83"}],"replies":[{"embeddable":true,"href":"https:\/\/www.cnbb.org.br\/cnbb-app\/wp\/v2\/comments?post=932524"}],"version-history":[{"count":6,"href":"https:\/\/www.cnbb.org.br\/cnbb-app\/wp\/v2\/posts\/932524\/revisions"}],"predecessor-version":[{"id":932576,"href":"https:\/\/www.cnbb.org.br\/cnbb-app\/wp\/v2\/posts\/932524\/revisions\/932576"}],"wp:featuredmedia":[{"embeddable":true,"href":"https:\/\/www.cnbb.org.br\/cnbb-app\/wp\/v2\/media\/932529"}],"wp:attachment":[{"href":"https:\/\/www.cnbb.org.br\/cnbb-app\/wp\/v2\/media?parent=932524"}],"wp:term":[{"taxonomy":"category","embeddable":true,"href":"https:\/\/www.cnbb.org.br\/cnbb-app\/wp\/v2\/categories?post=932524"},{"taxonomy":"post_tag","embeddable":true,"href":"https:\/\/www.cnbb.org.br\/cnbb-app\/wp\/v2\/tags?post=932524"}],"curies":[{"name":"wp","href":"https:\/\/api.w.org\/{rel}","templated":true}]}}