{"id":932640,"date":"2022-10-26T15:31:41","date_gmt":"2022-10-26T18:31:41","guid":{"rendered":"https:\/\/www.cnbb.org.br\/?p=932640"},"modified":"2022-10-26T15:32:00","modified_gmt":"2022-10-26T18:32:00","slug":"eleicoes-2022-reconciliar-esperancar-e-samaritanizar-o-pais","status":"publish","type":"post","link":"https:\/\/www.cnbb.org.br\/eleicoes-2022-reconciliar-esperancar-e-samaritanizar-o-pais\/","title":{"rendered":"Elei\u00e7\u00f5es 2022, reconciliar, esperan\u00e7ar e samaritanizar o pa\u00eds\u00a0"},"content":{"rendered":"<p style=\"text-align: right;\"><b><span data-contrast=\"auto\">Dom Roberto Francisco Ferreria Paz<\/span><\/b><span data-ccp-props=\"{&quot;201341983&quot;:0,&quot;335551550&quot;:2,&quot;335551620&quot;:2,&quot;335559739&quot;:0,&quot;335559740&quot;:259}\"><br \/>\n<\/span><b><span data-contrast=\"auto\">Bispo de Campos (RJ)<\/span><\/b><span data-ccp-props=\"{&quot;201341983&quot;:0,&quot;335551550&quot;:2,&quot;335551620&quot;:2,&quot;335559739&quot;:0,&quot;335559740&quot;:259}\">\u00a0<\/span><\/p>\n<p style=\"text-align: justify;\"><span data-ccp-props=\"{&quot;201341983&quot;:0,&quot;335551550&quot;:2,&quot;335551620&quot;:2,&quot;335559739&quot;:0,&quot;335559740&quot;:259}\">\u00a0<\/span><\/p>\n<p style=\"text-align: justify;\"><span data-contrast=\"auto\">Chegamos ao fim do segundo turno cansados, tensos e com muitas apreens\u00f5es e perplexidades. Independentemente dos resultados e do vencedor, haver\u00e1 dois lados que permanecer\u00e3o irredut\u00edveis por certo tempo; pelo qual tr\u00eas tarefas primordiais se exigir\u00e3o ao candidato triunfante, a primeira, reconciliar, superar as feridas, construir pontes e abrir portas conclamando para um grande pacto social e nacional. <\/span><span data-ccp-props=\"{&quot;201341983&quot;:0,&quot;335551550&quot;:6,&quot;335551620&quot;:6,&quot;335559739&quot;:160,&quot;335559740&quot;:259}\">\u00a0<\/span><\/p>\n<p style=\"text-align: justify;\"><span data-contrast=\"auto\">A segunda, igualmente importante, ser\u00e1 esperan\u00e7ar e mobilizar a popula\u00e7\u00e3o mostrando um caminho de sonhos poss\u00edveis e passos de inclus\u00e3o e integra\u00e7\u00e3o socioecon\u00f4micos e culturais. A terceira, <\/span><span data-contrast=\"auto\">\u00e9 uma das express\u00f5es recentes do Papa Francisco<\/span><span data-contrast=\"auto\">, samaritanizar, isto \u00e9, curar, soerguer, aproximar-se e, fundamentalmente, abrir um espa\u00e7o de escuta profunda que leve a repensar o Brasil desde a perspectiva do povo e das multid\u00f5es.\u00a0<\/span><span data-ccp-props=\"{&quot;201341983&quot;:0,&quot;335551550&quot;:6,&quot;335551620&quot;:6,&quot;335559739&quot;:160,&quot;335559740&quot;:259}\">\u00a0<\/span><\/p>\n<p style=\"text-align: justify;\"><span data-contrast=\"auto\">Para isso, quem assumir a presid\u00eancia ter\u00e1 que possuir a sabedoria de falar aos cora\u00e7\u00f5es e <\/span><span data-contrast=\"auto\">\u00e0<\/span><span data-contrast=\"auto\">s mentes, agregando e ampliando os canais, pontes e espa\u00e7os de partilha e di\u00e1logo. Empoderar o povo com um chamado <\/span><span data-contrast=\"auto\">\u00e0<\/span><span data-contrast=\"auto\"> participa\u00e7\u00e3o, ao exerc\u00edcio de uma cidadania ativa e criativa, que possa ser solu\u00e7\u00e3o e envolver-se no planejamento da reconstru\u00e7\u00e3o social do pa\u00eds.\u00a0<\/span><span data-ccp-props=\"{&quot;201341983&quot;:0,&quot;335551550&quot;:6,&quot;335551620&quot;:6,&quot;335559739&quot;:160,&quot;335559740&quot;:259}\">\u00a0<\/span><\/p>\n<p style=\"text-align: justify;\"><span data-contrast=\"auto\">Desconstruir os aparelhos de condicionamento e de dissemina\u00e7\u00e3o de <\/span><i><span data-contrast=\"auto\">fake news<\/span><\/i><span data-contrast=\"auto\">, criando confian\u00e7a e comunica\u00e7\u00e3o emp\u00e1tica, compassiva e n\u00e3o violenta. Contar com todos os saberes, parceria com as Universidades e criadores da cultura digital e midi\u00e1tica, sem perder as ra\u00edzes da cultura e piedade popular. Uma educa\u00e7\u00e3o e uma sa\u00fade fortalecidas n\u00e3o s\u00f3 por investimentos inteligentes, mas por tornarem-se prioridade para alavancar um desenvolvimento integral, solid\u00e1rio, sustent\u00e1vel e inclusivo.\u00a0<\/span><span data-ccp-props=\"{&quot;201341983&quot;:0,&quot;335551550&quot;:6,&quot;335551620&quot;:6,&quot;335559739&quot;:160,&quot;335559740&quot;:259}\">\u00a0<\/span><\/p>\n<p style=\"text-align: justify;\"><span data-contrast=\"auto\">Enfim, devolver ao povo e a todas as fam\u00edlias a alegria, a cordialidade e a beleza do bem viver e do bom conviver. Deus seja louvado, e unidos pela vida, democracia e pela paz!<\/span><span data-ccp-props=\"{&quot;201341983&quot;:0,&quot;335551550&quot;:6,&quot;335551620&quot;:6,&quot;335559739&quot;:160,&quot;335559740&quot;:259}\">\u00a0<\/span><\/p>\n","protected":false},"excerpt":{"rendered":"<p>Dom Roberto Francisco Ferreria Paz Bispo de Campos (RJ)\u00a0 \u00a0 Chegamos ao fim do segundo turno cansados, tensos e com muitas apreens\u00f5es e perplexidades. Independentemente dos resultados e do vencedor, haver\u00e1 dois lados que permanecer\u00e3o irredut\u00edveis por certo tempo; pelo qual tr\u00eas tarefas primordiais se exigir\u00e3o ao candidato triunfante, a primeira, reconciliar, superar as feridas, &hellip;<\/p>\n<p class=\"read-more\"> <a class=\"\" href=\"https:\/\/www.cnbb.org.br\/eleicoes-2022-reconciliar-esperancar-e-samaritanizar-o-pais\/\"> <span class=\"screen-reader-text\">Elei\u00e7\u00f5es 2022, reconciliar, esperan\u00e7ar e samaritanizar o pa\u00eds\u00a0<\/span> Leia mais &raquo;<\/a><\/p>\n","protected":false},"author":23,"featured_media":0,"comment_status":"open","ping_status":"open","sticky":false,"template":"","format":"standard","meta":{"site-sidebar-layout":"default","site-content-layout":"default","ast-global-header-display":"","ast-banner-title-visibility":"","ast-main-header-display":"","ast-hfb-above-header-display":"","ast-hfb-below-header-display":"","ast-hfb-mobile-header-display":"","site-post-title":"","ast-breadcrumbs-content":"","ast-featured-img":"","footer-sml-layout":"","theme-transparent-header-meta":"default","adv-header-id-meta":"","stick-header-meta":"","header-above-stick-meta":"","header-main-stick-meta":"","header-below-stick-meta":""},"categories":[758],"tags":[],"acf":[],"_links":{"self":[{"href":"https:\/\/www.cnbb.org.br\/cnbb-app\/wp\/v2\/posts\/932640"}],"collection":[{"href":"https:\/\/www.cnbb.org.br\/cnbb-app\/wp\/v2\/posts"}],"about":[{"href":"https:\/\/www.cnbb.org.br\/cnbb-app\/wp\/v2\/types\/post"}],"author":[{"embeddable":true,"href":"https:\/\/www.cnbb.org.br\/cnbb-app\/wp\/v2\/users\/23"}],"replies":[{"embeddable":true,"href":"https:\/\/www.cnbb.org.br\/cnbb-app\/wp\/v2\/comments?post=932640"}],"version-history":[{"count":2,"href":"https:\/\/www.cnbb.org.br\/cnbb-app\/wp\/v2\/posts\/932640\/revisions"}],"predecessor-version":[{"id":932642,"href":"https:\/\/www.cnbb.org.br\/cnbb-app\/wp\/v2\/posts\/932640\/revisions\/932642"}],"wp:attachment":[{"href":"https:\/\/www.cnbb.org.br\/cnbb-app\/wp\/v2\/media?parent=932640"}],"wp:term":[{"taxonomy":"category","embeddable":true,"href":"https:\/\/www.cnbb.org.br\/cnbb-app\/wp\/v2\/categories?post=932640"},{"taxonomy":"post_tag","embeddable":true,"href":"https:\/\/www.cnbb.org.br\/cnbb-app\/wp\/v2\/tags?post=932640"}],"curies":[{"name":"wp","href":"https:\/\/api.w.org\/{rel}","templated":true}]}}