{"id":932736,"date":"2022-10-28T10:50:54","date_gmt":"2022-10-28T13:50:54","guid":{"rendered":"https:\/\/www.cnbb.org.br\/?p=932736"},"modified":"2022-10-28T10:53:08","modified_gmt":"2022-10-28T13:53:08","slug":"a-finitude-da-vida-terrena","status":"publish","type":"post","link":"https:\/\/www.cnbb.org.br\/a-finitude-da-vida-terrena\/","title":{"rendered":"A finitude da vida terrena"},"content":{"rendered":"<div dir=\"auto\" style=\"text-align: right;\"><strong>Dom Carlos Jos\u00e9<\/strong><\/div>\n<div dir=\"auto\" style=\"text-align: right;\"><strong>Bispo da Diocese de Apucarana (PR)<\/strong><\/div>\n<div dir=\"auto\"><\/div>\n<div dir=\"auto\"><\/div>\n<div dir=\"auto\"><\/div>\n<div dir=\"auto\" style=\"text-align: justify;\">Portanto, santificai-vos, e sede santos, pois eu sou o Senhor vosso Deus. (Lev 20-7)<\/div>\n<div dir=\"auto\"><\/div>\n<div dir=\"auto\" style=\"text-align: justify;\">\u2018Senhor, para os que creem em V\u00f3s, a vida n\u00e3o \u00e9 tirada, mas transformada. E, desfeito nosso corpo mortal, nos \u00e9 dado, nos c\u00e9us, um corpo imperec\u00edvel\u201d. (Pref\u00e1cio do Missal Romano). Essa ora\u00e7\u00e3o forte e ao mesmo tempo consoladora, deve servir-nos como um despertar para uma realidade que desejamos que demore a acontecer, mas, \u00e9 a \u00fanica certeza que temos: nascemos, portanto, morreremos. Talvez se soub\u00e9ssemos quando, nos preparar\u00edamos melhor, ou, deixar\u00edamos para a \u00faltima hora, ou ainda, esperar\u00edamos pelo adiamento de fat\u00eddico momento. O fato \u00e9 que Deus, s\u00e1bio e conhecedor de nossas mis\u00e9rias, n\u00e3o nos revelou o quando justamente para que nos mantiv\u00e9ssemos vigilantes e preparados e, ainda assim, nunca o estamos! Pobre de n\u00f3s. Para al\u00e9m de tudo isso, gra\u00e7as a Cristo, a morte crist\u00e3 tem um sentido positivo. Em suas diversas cartas, o Ap\u00f3stolo Paulo, com toda sabedoria, declinava aos seus sobre essa realidade imut\u00e1vel e ao mesmo tempo misteriosa, a vida que seria transformada pela morte, numa vida nova, em Cristo Jesus. Segundo Paulo, a novidade essencial da morte crist\u00e3 consiste em que, pelo Batismo, todo crist\u00e3o est\u00e1 sacramentalmente \u201cmorto com Cristo\u201d e passa a ter uma vida nova, pois Cristo Ressuscitado faz nova todas as coisas, ent\u00e3o, quando chegar a nossa hora, se morrermos na gra\u00e7a de Cristo, completaremos nossa incorpora\u00e7\u00e3o no seu ato redentor. (CIC 1220).<\/div>\n<div dir=\"auto\"><\/div>\n<div dir=\"auto\" style=\"text-align: justify;\">A celebra\u00e7\u00e3o do Dia de Finados exalta a nossa f\u00e9 na ressurrei\u00e7\u00e3o e a firme esperan\u00e7a do feliz reencontro na morada eterna preparada por Jesus, no seio amoroso do Pai. Seria uma contradi\u00e7\u00e3o tremenda se nesse dia festej\u00e1ssemos os mortos. O dia de Finados \u00e9 um momento de reflex\u00e3o sobre a vida, a que vivemos e a que teremos depois da morte. A morte \u00e9 uma passagem, a P\u00e1scoa definitiva para uma nova vida. Ao celebrarmos os \u2018finados\u2019, ou seja, os que partiram antes de n\u00f3s, devemos rezar por eles de forma toda especial, trazendo \u00e0 lembran\u00e7a a import\u00e2ncia que suas vidas tiveram na constru\u00e7\u00e3o de nossa hist\u00f3ria, agradecer em ora\u00e7\u00e3o pelos ensinamentos recebidos, demonstrar nossa gratid\u00e3o com flores e preces, oferecer a santa Missa em sufr\u00e1gio de suas almas, acender velas que simbolizam nosso desejo de que suas almas encontrem a Luz eterna emanada por Cristo Jesus e, se necess\u00e1rio, numa prece muito sincera, expressar nosso perd\u00e3o ou pedir que Deus nos perdoe das faltas que cometemos contra aqueles que j\u00e1 se foram, afinal, a miseric\u00f3rdia do Alt\u00edssimo alcan\u00e7a onde n\u00f3s n\u00e3o podemos chegar.<\/div>\n<div dir=\"auto\"><\/div>\n<div dir=\"auto\" style=\"text-align: justify;\">Muitos dos que nos precederam foram nossos primeiros educadores na f\u00e9 e nos valores crist\u00e3os, deixando-nos bons exemplos de virtudes que formaram ra\u00edzes que hoje produzem frutos em nossos descendentes e isso \u00e9 sinal de que la\u00e7os de amor n\u00e3o se quebram quando s\u00e3o formados em Cristo. Ao recordamos a vida dos que j\u00e1 partiram, deparamos com nossas pr\u00f3prias limita\u00e7\u00f5es e fraquezas. O tempo da gra\u00e7a \u00e9 hoje, a raz\u00e3o da nossa f\u00e9 \u00e9 a Ressurrei\u00e7\u00e3o de Jesus Cristo, que viveu apenas uma \u00fanica vida humana, iniciada no momento de sua concep\u00e7\u00e3o no seio virginal da Virgem Maria e consumada na Cruz, quando exausto e sem for\u00e7as, entrega sua vida nas m\u00e3os do Pai.<\/div>\n<div dir=\"auto\"><\/div>\n<div dir=\"auto\" style=\"text-align: justify;\">Nossa f\u00e9 crist\u00e3 \u00e9 a f\u00e9 no Ressuscitado. Esta certeza de f\u00e9 elimina de n\u00f3s toda e qualquer ideia de renascimento ou reencarna\u00e7\u00e3o. Temos uma \u00fanica oportunidade de viver nesse mundo e nos prepararmos para vivermos a vida eterna com Cristo, uma \u00fanica chance. Somos \u00fanicos desde a concep\u00e7\u00e3o, durante a vida e ap\u00f3s a morte, n\u00e3o teremos outra vida, outra chance de nos redimir, s\u00f3 se vive uma vez aqui neste mundo, portanto o chamado \u00e0 santidade deve ser vivido agora, a convers\u00e3o n\u00e3o pode esperar.<\/div>\n<div dir=\"auto\"><\/div>\n<div dir=\"auto\" style=\"text-align: justify;\">Caso queiramos que nossa vida seja comemorada tamb\u00e9m no dia anterior ao dia de finados, que \u00e9 o Dia de Todos os Santos, devemos nos converter enquanto h\u00e1 tempo. A raz\u00e3o de nossa f\u00e9 na Ressurrei\u00e7\u00e3o \u00e9 a experi\u00eancia radical de Jesus. Ressuscitado pelo Pai (At 2, 22s), Ele tem seu Corpo f\u00edsico transformado em um Corpo glorioso e est\u00e1 Vivo, em meio a n\u00f3s, pobres pecadores, se doando a cada Eucaristia que recebemos. \u00c9 S\u00e3o Paulo que diz: \u2018Se Cristo n\u00e3o tivesse ressuscitado, v\u00e3 seria a nossa f\u00e9, e n\u00f3s ainda estar\u00edamos em nossos pecados\u2019 (1Cor 15, 17). Permitamos que a Virgem Maria, M\u00e3e de Deus e da Igreja guie nossos passos no caminho da santidade e nos abra as portas dos c\u00e9us, para juntos a Ela, contemplarmos Jesus Ressuscitado. Am\u00e9m.<\/div>\n<div dir=\"auto\"><\/div>\n","protected":false},"excerpt":{"rendered":"<p>Dom Carlos Jos\u00e9 Bispo da Diocese de Apucarana (PR) Portanto, santificai-vos, e sede santos, pois eu sou o Senhor vosso Deus. (Lev 20-7) \u2018Senhor, para os que creem em V\u00f3s, a vida n\u00e3o \u00e9 tirada, mas transformada. E, desfeito nosso corpo mortal, nos \u00e9 dado, nos c\u00e9us, um corpo imperec\u00edvel\u201d. (Pref\u00e1cio do Missal Romano). Essa &hellip;<\/p>\n<p class=\"read-more\"> <a class=\"\" href=\"https:\/\/www.cnbb.org.br\/a-finitude-da-vida-terrena\/\"> <span class=\"screen-reader-text\">A finitude da vida terrena<\/span> Leia mais &raquo;<\/a><\/p>\n","protected":false},"author":101,"featured_media":0,"comment_status":"open","ping_status":"open","sticky":false,"template":"","format":"standard","meta":{"site-sidebar-layout":"default","site-content-layout":"default","ast-global-header-display":"","ast-banner-title-visibility":"","ast-main-header-display":"","ast-hfb-above-header-display":"","ast-hfb-below-header-display":"","ast-hfb-mobile-header-display":"","site-post-title":"","ast-breadcrumbs-content":"","ast-featured-img":"","footer-sml-layout":"","theme-transparent-header-meta":"default","adv-header-id-meta":"","stick-header-meta":"","header-above-stick-meta":"","header-main-stick-meta":"","header-below-stick-meta":""},"categories":[758],"tags":[],"acf":[],"_links":{"self":[{"href":"https:\/\/www.cnbb.org.br\/cnbb-app\/wp\/v2\/posts\/932736"}],"collection":[{"href":"https:\/\/www.cnbb.org.br\/cnbb-app\/wp\/v2\/posts"}],"about":[{"href":"https:\/\/www.cnbb.org.br\/cnbb-app\/wp\/v2\/types\/post"}],"author":[{"embeddable":true,"href":"https:\/\/www.cnbb.org.br\/cnbb-app\/wp\/v2\/users\/101"}],"replies":[{"embeddable":true,"href":"https:\/\/www.cnbb.org.br\/cnbb-app\/wp\/v2\/comments?post=932736"}],"version-history":[{"count":1,"href":"https:\/\/www.cnbb.org.br\/cnbb-app\/wp\/v2\/posts\/932736\/revisions"}],"predecessor-version":[{"id":932737,"href":"https:\/\/www.cnbb.org.br\/cnbb-app\/wp\/v2\/posts\/932736\/revisions\/932737"}],"wp:attachment":[{"href":"https:\/\/www.cnbb.org.br\/cnbb-app\/wp\/v2\/media?parent=932736"}],"wp:term":[{"taxonomy":"category","embeddable":true,"href":"https:\/\/www.cnbb.org.br\/cnbb-app\/wp\/v2\/categories?post=932736"},{"taxonomy":"post_tag","embeddable":true,"href":"https:\/\/www.cnbb.org.br\/cnbb-app\/wp\/v2\/tags?post=932736"}],"curies":[{"name":"wp","href":"https:\/\/api.w.org\/{rel}","templated":true}]}}