{"id":932745,"date":"2022-10-28T11:01:42","date_gmt":"2022-10-28T14:01:42","guid":{"rendered":"https:\/\/www.cnbb.org.br\/?p=932745"},"modified":"2022-10-28T11:02:05","modified_gmt":"2022-10-28T14:02:05","slug":"politica-e-participacao","status":"publish","type":"post","link":"https:\/\/www.cnbb.org.br\/politica-e-participacao\/","title":{"rendered":"Pol\u00edtica e participa\u00e7\u00e3o"},"content":{"rendered":"<p style=\"text-align: right;\"><strong>Dom Pedro Cipollini<\/strong><br \/>\n<strong> Bispo de Santo Andr\u00e9 (SP)<\/strong><\/p>\n<p style=\"text-align: justify;\"><span data-ccp-props=\"{}\">\u00a0<\/span><\/p>\n<p style=\"text-align: justify;\"><span data-contrast=\"auto\">A vida de f\u00e9 n\u00e3o dispensa o crist\u00e3o cat\u00f3lico da participa\u00e7\u00e3o pol\u00edtica. Embora a miss\u00e3o da Igreja n\u00e3o seja fazer pol\u00edtica partid\u00e1ria e sim evangelizar, nenhum crist\u00e3o est\u00e1 isento de participar da realidade da vida no dia a dia. Por que? Porque o maior mandamento \u00e9 o mandamento do Amor ( cf. Mt 22,38). E amor implica em rela\u00e7\u00f5es com as outras pessoas. A sociedade \u00e9 feita de relacionamentos e a pol\u00edtica \u00e9 a arte de buscar sempre o bem comum, que se d\u00e1 neste relacionamento, para que todos possam estar bem dentro do conjunto da sociedade.<\/span><span data-ccp-props=\"{&quot;335551550&quot;:6,&quot;335551620&quot;:6,&quot;335559731&quot;:708}\">\u00a0<\/span><\/p>\n<p style=\"text-align: justify;\"><span data-contrast=\"auto\">Pol\u00edtica \u00e9 uma realidade cheia de contrastes. \u00c9 o conjunto de a\u00e7\u00f5es pelas quais se busca uma forma de conviv\u00eancia construtiva, dado que o ser humano vive de relacionamentos. Eles s\u00e3o vitais. Atrav\u00e9s deles pode-se construir uma sociedade feliz ou infeliz, sadia ou doente.<\/span><span data-ccp-props=\"{&quot;335551550&quot;:6,&quot;335551620&quot;:6,&quot;335559731&quot;:708}\">\u00a0<\/span><\/p>\n<p style=\"text-align: justify;\"><span data-contrast=\"auto\">O Comp\u00eandio da Doutrina Social da Igreja, aprovado pelo Papa Jo\u00e3o Paulo II, prop\u00f5e aos crist\u00e3os cat\u00f3licos, o empenho por um humanismo integral e solid\u00e1rio, no qual a pessoa humana \u00e9 fundamento e fim da conviv\u00eancia pol\u00edtica. A prega\u00e7\u00e3o do Evangelho deve ser acompanhada pela promo\u00e7\u00e3o da dignidade humana. A ora\u00e7\u00e3o do crist\u00e3o n\u00e3o pode ser alienada daquilo que se passa ao seu redor. Por isso a maior ora\u00e7\u00e3o que temos fala do <\/span><i><span data-contrast=\"auto\">Pai nosso<\/span><\/i><span data-contrast=\"auto\"> e do <\/span><i><span data-contrast=\"auto\">p\u00e3o nosso<\/span><\/i><span data-contrast=\"auto\"> de cada dia.<\/span><span data-ccp-props=\"{&quot;335551550&quot;:6,&quot;335551620&quot;:6,&quot;335559731&quot;:708}\">\u00a0<\/span><\/p>\n<p style=\"text-align: justify;\"><span data-contrast=\"auto\">A falta de consci\u00eancia pol\u00edtica torna imprescind\u00edvel a a\u00e7\u00e3o educadora da Igreja, com base na sua Doutrina Social, com o objetivo de que os crist\u00e3os considerem sua participa\u00e7\u00e3o na vida pol\u00edtica da Na\u00e7\u00e3o, como um dever de consci\u00eancia e como o exerc\u00edcio da caridade, em seu sentido mais nobre e eficaz. Por isso nossa Diocese distribuiu entre os fi\u00e9is que aceitaram, a \u201cCartilha sobre conscientiza\u00e7\u00e3o pol\u00edtica\u201d em vista destas elei\u00e7\u00f5es que agora est\u00e1 no seu segundo turno em nosso Estado.<\/span><span data-ccp-props=\"{&quot;335551550&quot;:6,&quot;335551620&quot;:6,&quot;335559731&quot;:708}\">\u00a0<\/span><\/p>\n<p style=\"text-align: justify;\"><span data-contrast=\"auto\">Segundo a Doutrina Social da Igreja, a pessoa humana tem a primazia na pol\u00edtica pois o homem vale pelo que \u00e9, e n\u00e3o pelo que tem ou pelo que faz ou produz. A dignidade do ser humano deriva de do fato de ser pessoa \u201c<\/span><i><span data-contrast=\"auto\">imago Dei<\/span><\/i><span data-contrast=\"auto\">\u201d (imagem de Deus). Da\u00ed ent\u00e3o a necessidade de uma pol\u00edtica que promova a dignidade integral da pessoa, e tenha o compromisso de defender os direitos humanos. Por isso nada mais contr\u00e1rio \u00e0 pol\u00edtica do que o ego\u00edsmo que destr\u00f3i a amizade social.<\/span><span data-ccp-props=\"{&quot;335551550&quot;:6,&quot;335551620&quot;:6,&quot;335559731&quot;:708}\">\u00a0<\/span><\/p>\n<p style=\"text-align: justify;\"><span data-contrast=\"auto\">Infelizmente, a pol\u00edtica \u00e9 a \u00fanica profiss\u00e3o para a qual ningu\u00e9m julga necess\u00e1rio o preparo. Com raz\u00e3o exclamava o Padre J\u00falio Maria, fil\u00f3sofo e escritor: \u201cTodo o mal do Brasil \u00e9 que a pol\u00edtica \u00e9 uma profiss\u00e3o: mas os pol\u00edticos n\u00e3o s\u00e3o profissionais\u201d.<\/span><span data-ccp-props=\"{&quot;335551550&quot;:6,&quot;335551620&quot;:6,&quot;335559731&quot;:708}\">\u00a0<\/span><\/p>\n<p style=\"text-align: justify;\"><span data-contrast=\"auto\">No entanto, mesmo assim, por mais dif\u00edcil que seja decidir entre um e outro candidato, a popula\u00e7\u00e3o deve votar e escolher os pol\u00edticos. Nem sempre \u00e9 f\u00e1cil pois, muitas vezes, o bem poss\u00edvel \u00e9 o mal menor. Mesmo assim, n\u00e3o se deve omitir de escolher e participar atrav\u00e9s do voto livre e consciente.<\/span><span data-ccp-props=\"{&quot;335551550&quot;:6,&quot;335551620&quot;:6,&quot;335559731&quot;:708}\">\u00a0<\/span><\/p>\n<p style=\"text-align: justify;\"><span data-contrast=\"auto\">Quando a popula\u00e7\u00e3o bem orientada faz justi\u00e7a pela \u201carma\u201d do voto, diminue a viol\u00eancia na sociedade, dado que n\u00e3o se torna necess\u00e1rio pegar em armas.<\/span><span data-ccp-props=\"{&quot;335551550&quot;:6,&quot;335551620&quot;:6,&quot;335559731&quot;:708}\">\u00a0<\/span><\/p>\n<p><span data-ccp-props=\"{&quot;335551550&quot;:6,&quot;335551620&quot;:6,&quot;335559731&quot;:708}\">\u00a0<\/span><\/p>\n","protected":false},"excerpt":{"rendered":"<p>Dom Pedro Cipollini Bispo de Santo Andr\u00e9 (SP) \u00a0 A vida de f\u00e9 n\u00e3o dispensa o crist\u00e3o cat\u00f3lico da participa\u00e7\u00e3o pol\u00edtica. Embora a miss\u00e3o da Igreja n\u00e3o seja fazer pol\u00edtica partid\u00e1ria e sim evangelizar, nenhum crist\u00e3o est\u00e1 isento de participar da realidade da vida no dia a dia. Por que? Porque o maior mandamento \u00e9 &hellip;<\/p>\n<p class=\"read-more\"> <a class=\"\" href=\"https:\/\/www.cnbb.org.br\/politica-e-participacao\/\"> <span class=\"screen-reader-text\">Pol\u00edtica e participa\u00e7\u00e3o<\/span> Leia mais &raquo;<\/a><\/p>\n","protected":false},"author":28,"featured_media":0,"comment_status":"open","ping_status":"open","sticky":false,"template":"","format":"standard","meta":{"site-sidebar-layout":"default","site-content-layout":"default","ast-global-header-display":"","ast-banner-title-visibility":"","ast-main-header-display":"","ast-hfb-above-header-display":"","ast-hfb-below-header-display":"","ast-hfb-mobile-header-display":"","site-post-title":"","ast-breadcrumbs-content":"","ast-featured-img":"","footer-sml-layout":"","theme-transparent-header-meta":"default","adv-header-id-meta":"","stick-header-meta":"","header-above-stick-meta":"","header-main-stick-meta":"","header-below-stick-meta":""},"categories":[758],"tags":[],"acf":[],"_links":{"self":[{"href":"https:\/\/www.cnbb.org.br\/cnbb-app\/wp\/v2\/posts\/932745"}],"collection":[{"href":"https:\/\/www.cnbb.org.br\/cnbb-app\/wp\/v2\/posts"}],"about":[{"href":"https:\/\/www.cnbb.org.br\/cnbb-app\/wp\/v2\/types\/post"}],"author":[{"embeddable":true,"href":"https:\/\/www.cnbb.org.br\/cnbb-app\/wp\/v2\/users\/28"}],"replies":[{"embeddable":true,"href":"https:\/\/www.cnbb.org.br\/cnbb-app\/wp\/v2\/comments?post=932745"}],"version-history":[{"count":1,"href":"https:\/\/www.cnbb.org.br\/cnbb-app\/wp\/v2\/posts\/932745\/revisions"}],"predecessor-version":[{"id":932746,"href":"https:\/\/www.cnbb.org.br\/cnbb-app\/wp\/v2\/posts\/932745\/revisions\/932746"}],"wp:attachment":[{"href":"https:\/\/www.cnbb.org.br\/cnbb-app\/wp\/v2\/media?parent=932745"}],"wp:term":[{"taxonomy":"category","embeddable":true,"href":"https:\/\/www.cnbb.org.br\/cnbb-app\/wp\/v2\/categories?post=932745"},{"taxonomy":"post_tag","embeddable":true,"href":"https:\/\/www.cnbb.org.br\/cnbb-app\/wp\/v2\/tags?post=932745"}],"curies":[{"name":"wp","href":"https:\/\/api.w.org\/{rel}","templated":true}]}}