{"id":932786,"date":"2022-10-31T10:57:47","date_gmt":"2022-10-31T13:57:47","guid":{"rendered":"https:\/\/www.cnbb.org.br\/?p=932786"},"modified":"2022-10-31T10:58:47","modified_gmt":"2022-10-31T13:58:47","slug":"pedro-e-simao-conflito-e-alegria","status":"publish","type":"post","link":"https:\/\/www.cnbb.org.br\/pedro-e-simao-conflito-e-alegria\/","title":{"rendered":"Pedro e Sim\u00e3o: conflito e alegria"},"content":{"rendered":"<p class=\"x_MsoNormal\" style=\"text-align: right;\" align=\"center\"><b>Dom Adelar Baruffi<br \/>\n<\/b><b>Arcebispo de Cascavel (PR)<br \/>\n<\/b><\/p>\n<p class=\"x_MsoNormal\" align=\"center\"><b>\u00a0<\/b><\/p>\n<p class=\"x_MsoNormal\" style=\"text-align: justify;\">Neste momento, tomo algo que me tocou, no livro de Fulton Sheen,\u00a0<i>O Sacerdote n\u00e3o se pertence<\/i>, S\u00e3o Paulo, Molokai, 2020. Trata-se da rela\u00e7\u00e3o entre Pedro e Sim\u00e3o e, ao mesmo tempo, com Judas. Aqui ele trata de Pedro, o Sim\u00e3o na sua origem, para compreender a ele como o mist\u00e9rio humilde e ao mesmo tempo orgulhoso. Ele \u00e9 t\u00e3o sobrenatural, mas t\u00e3o fraco e natural. \u00c9 significativo que o primeiro escolhido para ser um sacerdote crist\u00e3o, tenha sido dado um nome novo: \u201cPedro\u201d \u00e9 o seu nome vocacional e Sim\u00e3o o seu nome natural. \u00c0s vezes quem governa \u00e9 Sim\u00e3o, outras vezes \u00e9 Pedro. O pecador e o sem pecado, o velho e o novo, o humano e o divino, tudo carregamos conosco para o altar. Cada presb\u00edtero carrega consigo o Sim\u00e3o Pedro. Pedro foi aos poucos ganhando o dom\u00ednio sobre Sim\u00e3o. Pedro estava disposto a confessar Cristo, o Filho de Deus, mas n\u00e3o o Cristo, v\u00edtima inconfund\u00edvel. O nosso conciliador \u00e9 a pr\u00f3pria raz\u00e3o humana, com a companhia do Senhor. \u00c9 Ele quem vai fazer o poss\u00edvel para conjecturar e salvar a pessoa humana, tornando-a cada vez mais uma s\u00f3.<\/p>\n<p class=\"x_MsoNormal\" style=\"text-align: justify;\">Muito t\u00eanue \u00e9 a luz que divide entre o bom e o mau. Vamos agora comparar Pedro e Judas. De fato, todo mau presb\u00edtero est\u00e1 perto de ser um bom presb\u00edtero. E todo o bom presb\u00edtero est\u00e1 bem pr\u00f3ximo de ser um mau presb\u00edtero. Precisa se cultivar para isso, com decis\u00e3o, sem medo, com ren\u00fancia, com a ora\u00e7\u00e3o cotidiana e a Eucaristia, sobretudo, e a Liturgia das Horas. A\u00ed sim, faremos uma vida somente, aquela de Deus em n\u00f3s e a de n\u00f3s em Deus. Um com o outro. \u201cO Senhor se voltou e olhou para Pedro\u201d (Lc 22,61). \u201cE Pedro saiu e chorou amargamente\u201d (Lc 22,62). Os dois foram chamados a serem presb\u00edteros. Um foi escolhido como o primeiro, o mais importante, e o outro tirou sua vida. Isto porque Pedro se arrependeu profundamente diante do Senhor e Judas diante de si mesmo. \u00c9 a mesma entre a refer\u00eancia \u00e0 cruz e a refer\u00eancia a si mesmo. Judas teve vergonha de si mesmo, enquanto Pedro, chorou amargamente diante do \u201colhar\u201d do Senhor.<\/p>\n<p class=\"x_MsoNormal\" style=\"text-align: justify;\">Neste momento, gostaria de elencar algumas atitudes pr\u00f3prias de quem tem uma divis\u00e3o entre o ser natural e o ser sobrenatural, a vida humana e a vida da voca\u00e7\u00e3o. Nossa vida \u00e9 \u00fanica, ela nos pede uma s\u00f3 orienta\u00e7\u00e3o. Acostumamo-nos com a ora\u00e7\u00e3o de cada dia, todos os dias. A \u201cneglig\u00eancia na ora\u00e7\u00e3o\u201d \u00e9 o primeiro sinal de que algo n\u00e3o est\u00e1 bem. Existe uma constante entrega de si ao outro, aquele de cima, de quem olha a vida e a f\u00e9. Segundo lugar, a \u201csubstitui\u00e7\u00e3o da ora\u00e7\u00e3o pela a\u00e7\u00e3o\u201d. Est\u00e1 ocupado demais para rezar, n\u00e3o tem tempo para isso. Terceiro lugar, \u201cabrir m\u00e3o da mortifica\u00e7\u00e3o: tepidez\u201d. Preparar-se bem para as homilias do domingo, dia do Senhor. Quarto lugar: \u201csatisfa\u00e7\u00e3o das car\u00eancias, emo\u00e7\u00f5es e confortos da criatura\u201d. Pedro sim, sempre, Sim\u00e3o, nunca mais.<b><\/b><\/p>\n","protected":false},"excerpt":{"rendered":"<p>Dom Adelar Baruffi Arcebispo de Cascavel (PR) \u00a0 Neste momento, tomo algo que me tocou, no livro de Fulton Sheen,\u00a0O Sacerdote n\u00e3o se pertence, S\u00e3o Paulo, Molokai, 2020. Trata-se da rela\u00e7\u00e3o entre Pedro e Sim\u00e3o e, ao mesmo tempo, com Judas. Aqui ele trata de Pedro, o Sim\u00e3o na sua origem, para compreender a ele &hellip;<\/p>\n<p class=\"read-more\"> <a class=\"\" href=\"https:\/\/www.cnbb.org.br\/pedro-e-simao-conflito-e-alegria\/\"> <span class=\"screen-reader-text\">Pedro e Sim\u00e3o: conflito e alegria<\/span> Leia mais &raquo;<\/a><\/p>\n","protected":false},"author":26,"featured_media":0,"comment_status":"open","ping_status":"open","sticky":false,"template":"","format":"standard","meta":{"site-sidebar-layout":"default","site-content-layout":"default","ast-global-header-display":"","ast-banner-title-visibility":"","ast-main-header-display":"","ast-hfb-above-header-display":"","ast-hfb-below-header-display":"","ast-hfb-mobile-header-display":"","site-post-title":"","ast-breadcrumbs-content":"","ast-featured-img":"","footer-sml-layout":"","theme-transparent-header-meta":"default","adv-header-id-meta":"","stick-header-meta":"","header-above-stick-meta":"","header-main-stick-meta":"","header-below-stick-meta":""},"categories":[758],"tags":[],"acf":[],"_links":{"self":[{"href":"https:\/\/www.cnbb.org.br\/cnbb-app\/wp\/v2\/posts\/932786"}],"collection":[{"href":"https:\/\/www.cnbb.org.br\/cnbb-app\/wp\/v2\/posts"}],"about":[{"href":"https:\/\/www.cnbb.org.br\/cnbb-app\/wp\/v2\/types\/post"}],"author":[{"embeddable":true,"href":"https:\/\/www.cnbb.org.br\/cnbb-app\/wp\/v2\/users\/26"}],"replies":[{"embeddable":true,"href":"https:\/\/www.cnbb.org.br\/cnbb-app\/wp\/v2\/comments?post=932786"}],"version-history":[{"count":1,"href":"https:\/\/www.cnbb.org.br\/cnbb-app\/wp\/v2\/posts\/932786\/revisions"}],"predecessor-version":[{"id":932788,"href":"https:\/\/www.cnbb.org.br\/cnbb-app\/wp\/v2\/posts\/932786\/revisions\/932788"}],"wp:attachment":[{"href":"https:\/\/www.cnbb.org.br\/cnbb-app\/wp\/v2\/media?parent=932786"}],"wp:term":[{"taxonomy":"category","embeddable":true,"href":"https:\/\/www.cnbb.org.br\/cnbb-app\/wp\/v2\/categories?post=932786"},{"taxonomy":"post_tag","embeddable":true,"href":"https:\/\/www.cnbb.org.br\/cnbb-app\/wp\/v2\/tags?post=932786"}],"curies":[{"name":"wp","href":"https:\/\/api.w.org\/{rel}","templated":true}]}}