{"id":932914,"date":"2022-11-01T09:39:59","date_gmt":"2022-11-01T12:39:59","guid":{"rendered":"https:\/\/www.cnbb.org.br\/?p=932914"},"modified":"2022-11-01T19:33:21","modified_gmt":"2022-11-01T22:33:21","slug":"bispo-emerito-de-sinop-mt-dom-gentil-delazari-morre-aos-82-anos","status":"publish","type":"post","link":"https:\/\/www.cnbb.org.br\/bispo-emerito-de-sinop-mt-dom-gentil-delazari-morre-aos-82-anos\/","title":{"rendered":"Bispo em\u00e9rito de Sinop (MT), dom Gentil Delazari, morre aos 82 anos"},"content":{"rendered":"<p style=\"text-align: justify;\">Faleceu na noite desta segunda-feira, 31 de outubro, dom Gentil Delazari, bispo em\u00e9rito de Sinop (MT). Ele ser\u00e1 enterrado nessa ter\u00e7a-feira, 1\u00ba de novembro, na cripta da Catedral Sagrado Cora\u00e7\u00e3o de Jesus, logo depois da missa de Ex\u00e9quias, \u00e0s 17h. O vel\u00f3rio ocorre desde as 5h da manh\u00e3 e \u00e0s 10h haver\u00e1 uma missa de corpo presente.<\/p>\n<h3>Hist\u00f3rico<\/h3>\n<p style=\"text-align: justify;\">Dom Gentil Delazari nasceu em 09 de setembro de 1940, em Encantado (RS), ordenou padre em 13 de julho de 1968, na cidade de Relvado (RS). Como padre foi formador e vice-reitor do Semin\u00e1rio Sagrado Cora\u00e7\u00e3o de Jesus; Vig\u00e1rio Paroquial da Par\u00f3quia Nossa Senhora do Perp\u00e9tuo Socorro-Arroio do Meio(RS); Respons\u00e1vel pela forma\u00e7\u00e3o dos seminaristas maiores de Santa Cruz do Sul; Vice-Reitor do Semin\u00e1rio de Viam\u00e3o; Reitor do Semin\u00e1rio S\u00e3o Jo\u00e3o Batista; Membro do Col\u00e9gio dos Consultores; Vig\u00e1rio Paroquial da Catedral S\u00e3o Jo\u00e3o Batista; P\u00e1roco de Santo In\u00e1cio de Lajeado; Reitor do Semin\u00e1rio Proped\u00eautico; Diretor do Centro Diocesano de Voca\u00e7\u00f5es; Coordenador da C\u00faria; Ec\u00f4nomo da Diocese; Diretor Espiritual do Cursilho de Cristandade; Diretor da A\u00e7\u00e3o Social Diocesana; Presb\u00edtero respons\u00e1vel pela Igreja S\u00e3o Jos\u00e9; Professor na PUC, UNIC, FAFIC; Orientador de retiros.<\/p>\n<p style=\"text-align: justify;\">Foi ordenado bispo em 27 de mar\u00e7o de 1994, na cidade de Lajeado &#8211; RS. Tomou posse como bispo coadjutor na diocese de Sinop (MT), em 23 de junho de 1994, e, em 1995 assumiu como bispo titular, onde pastoreou a diocese at\u00e9 20 de janeiro de 2016. Durante seu episcopado foi presidente do Regional Oeste 2 da CNBB.<\/p>\n<blockquote>\n<p style=\"text-align: justify;\"><strong>Nota de Condol\u00eancias da CNBB pelo falecimento de Dom Gentil Delazari<\/strong><\/p>\n<p style=\"text-align: justify;\">Bras\u00edlia-DF, 1\u00ba de novembro de 2022<\/p>\n<p style=\"text-align: justify;\">Prezado dom Can\u00edsio Klaus, bispo de Sinop (MT)<\/p>\n<p style=\"text-align: justify;\">A Confer\u00eancia Nacional dos Bispos do Brasil (CNBB) manifesta seu pesar pelo falecimento de dom Gentil Delazari, bispo em\u00e9rito da diocese de Sinop, nesta segunda, 31 de outubro.<\/p>\n<p style=\"text-align: justify;\">Ao senhor, aos familiares e a todo o povo de Deus desta Igreja Particular, queremos nos unir em ora\u00e7\u00e3o e em solidariedade, fazendo mem\u00f3ria deste nosso irm\u00e3o.<\/p>\n<p style=\"text-align: justify;\">Enviamos nossa fraterna sauda\u00e7\u00e3o e asseguramos as nossas ora\u00e7\u00f5es pelo descanso eterno deste bispo que dedicou 28 anos ao episcopado brasileiro.<\/p>\n<p style=\"text-align: center;\">Em Cristo,<\/p>\n<p style=\"text-align: center;\"><strong>Dom Walmor Oliveira de Azevedo<\/strong><br \/>\nArcebispo de Belo Horizonte (MG)<br \/>\nPresidente da CNBB<\/p>\n<p style=\"text-align: center;\"><strong>Dom Jaime Spengler<\/strong><br \/>\nArcebispo de Porto Alegre (RS)<br \/>\nPrimeiro Vice-Presidente da CNBB<\/p>\n<p style=\"text-align: center;\"><strong>Dom M\u00e1rio Ant\u00f4nio da Silva<\/strong><br \/>\nArcebispo de Cuiab\u00e1 (MT)<br \/>\nSegundo Vice-Presidente da CNBB<\/p>\n<p style=\"text-align: center;\"><strong>Dom Joel Portella Amado<\/strong><br \/>\nBispo auxiliar da arquidiocese de S\u00e3o Sebasti\u00e3o do Rio de Janeiro (RJ)<br \/>\nSecret\u00e1rio-geral da CNBB<\/p>\n<\/blockquote>\n","protected":false},"excerpt":{"rendered":"<p>Faleceu na noite desta segunda-feira, 31 de outubro, dom Gentil Delazari, bispo em\u00e9rito de Sinop (MT). Ele ser\u00e1 enterrado nessa ter\u00e7a-feira, 1\u00ba de novembro, na cripta da Catedral Sagrado Cora\u00e7\u00e3o de Jesus, logo depois da missa de Ex\u00e9quias, \u00e0s 17h. O vel\u00f3rio ocorre desde as 5h da manh\u00e3 e \u00e0s 10h haver\u00e1 uma missa de &hellip;<\/p>\n<p class=\"read-more\"> <a class=\"\" href=\"https:\/\/www.cnbb.org.br\/bispo-emerito-de-sinop-mt-dom-gentil-delazari-morre-aos-82-anos\/\"> <span class=\"screen-reader-text\">Bispo em\u00e9rito de Sinop (MT), dom Gentil Delazari, morre aos 82 anos<\/span> Leia mais &raquo;<\/a><\/p>\n","protected":false},"author":83,"featured_media":932915,"comment_status":"open","ping_status":"open","sticky":false,"template":"","format":"standard","meta":{"site-sidebar-layout":"default","site-content-layout":"default","ast-global-header-display":"","ast-banner-title-visibility":"","ast-main-header-display":"","ast-hfb-above-header-display":"","ast-hfb-below-header-display":"","ast-hfb-mobile-header-display":"","site-post-title":"","ast-breadcrumbs-content":"","ast-featured-img":"","footer-sml-layout":"","theme-transparent-header-meta":"default","adv-header-id-meta":"","stick-header-meta":"","header-above-stick-meta":"","header-main-stick-meta":"","header-below-stick-meta":""},"categories":[1840,1358],"tags":[],"acf":[],"_links":{"self":[{"href":"https:\/\/www.cnbb.org.br\/cnbb-app\/wp\/v2\/posts\/932914"}],"collection":[{"href":"https:\/\/www.cnbb.org.br\/cnbb-app\/wp\/v2\/posts"}],"about":[{"href":"https:\/\/www.cnbb.org.br\/cnbb-app\/wp\/v2\/types\/post"}],"author":[{"embeddable":true,"href":"https:\/\/www.cnbb.org.br\/cnbb-app\/wp\/v2\/users\/83"}],"replies":[{"embeddable":true,"href":"https:\/\/www.cnbb.org.br\/cnbb-app\/wp\/v2\/comments?post=932914"}],"version-history":[{"count":5,"href":"https:\/\/www.cnbb.org.br\/cnbb-app\/wp\/v2\/posts\/932914\/revisions"}],"predecessor-version":[{"id":932952,"href":"https:\/\/www.cnbb.org.br\/cnbb-app\/wp\/v2\/posts\/932914\/revisions\/932952"}],"wp:featuredmedia":[{"embeddable":true,"href":"https:\/\/www.cnbb.org.br\/cnbb-app\/wp\/v2\/media\/932915"}],"wp:attachment":[{"href":"https:\/\/www.cnbb.org.br\/cnbb-app\/wp\/v2\/media?parent=932914"}],"wp:term":[{"taxonomy":"category","embeddable":true,"href":"https:\/\/www.cnbb.org.br\/cnbb-app\/wp\/v2\/categories?post=932914"},{"taxonomy":"post_tag","embeddable":true,"href":"https:\/\/www.cnbb.org.br\/cnbb-app\/wp\/v2\/tags?post=932914"}],"curies":[{"name":"wp","href":"https:\/\/api.w.org\/{rel}","templated":true}]}}