{"id":933054,"date":"2022-11-04T11:21:10","date_gmt":"2022-11-04T14:21:10","guid":{"rendered":"https:\/\/www.cnbb.org.br\/?p=933054"},"modified":"2022-11-04T13:38:46","modified_gmt":"2022-11-04T16:38:46","slug":"expressoes-laicais-se-encontram-no-congresso-nacional-para-novas-comunidades-em-cachoeira-paulista-sp","status":"publish","type":"post","link":"https:\/\/www.cnbb.org.br\/expressoes-laicais-se-encontram-no-congresso-nacional-para-novas-comunidades-em-cachoeira-paulista-sp\/","title":{"rendered":"Express\u00f5es laicais se encontram no Congresso Nacional para Novas Comunidades, em Cachoeira Paulista (SP)"},"content":{"rendered":"<p style=\"text-align: justify;\">Acontece na sede da Can\u00e7\u00e3o Nova, em Cachoeira Paulista (SP), neste fim de semana, de 4 a 6 de novembro de 2022, o Congresso Nacional para Novas Comunidades. Na programa\u00e7\u00e3o para esses tr\u00eas dias, haver\u00e1 palestras, adora\u00e7\u00e3o ao Sant\u00edssimo Sacramento e momentos de ora\u00e7\u00e3o, no Rinc\u00e3o do Meu Senhor. As missas ser\u00e3o celebradas no Santu\u00e1rio do Pai das Miseric\u00f3rdias.<\/p>\n<p style=\"text-align: justify;\">O encontro deste ano, com o tema: \u201c\u00c9 preciso renovar a mesma novidade \u2013 Eis que eu renovo todas as coisas\u201d (Ap 21,5), ter\u00e1 a participa\u00e7\u00e3o de K\u00e1tia Roldi Zavaris, coordenadora Nacional do CHARIS \u2013 Servi\u00e7o da Renova\u00e7\u00e3o Carism\u00e1tica Cat\u00f3lica (RCC), organiza\u00e7\u00e3o que articula as novas comunidades. Tamb\u00e9m participam, al\u00e9m de fundadores de diversas comunidades, representantes da Comiss\u00e3o Episcopal para o Laicato da Confer\u00eancia Nacional dos Bispos do Brasil (CNBB).<\/p>\n<p style=\"text-align: justify;\">O bispo de Campos dos Goytacazes (RJ), dom Roberto Ferreria Paz, participa do encontro na condi\u00e7\u00e3o de bispo referencial para as Novas Comunidades e o bispo de Paranava\u00ed (PR), dom M\u00e1rio Spaki, na condi\u00e7\u00e3o de bispo referencial para o CHARIS. O padre Wagner Ferreira, vice-reitor do Santu\u00e1rio do Pai das Miseric\u00f3rdias, preside a missa de abertura, na sexta-feira (04), \u00e0s 20h, e a missa de encerramento, no domingo (06), \u00e0s 15h.<\/p>\n<div class=\"entry-content\">\n<div class=\"edicao-description description-open\">\n<h3 dir=\"ltr\">Sobre as Novas Comunidades<\/h3>\n<p dir=\"ltr\" style=\"text-align: justify;\"><img decoding=\"async\" loading=\"lazy\" class=\"size-medium wp-image-933055 alignleft\" src=\"https:\/\/www.cnbb.org.br\/wp-content\/uploads\/2022\/11\/Novas-Comunidades-300x175.png\" alt=\"\" width=\"300\" height=\"175\" srcset=\"https:\/\/www.cnbb.org.br\/wp-content\/uploads\/2022\/11\/Novas-Comunidades-300x175.png 300w, https:\/\/www.cnbb.org.br\/wp-content\/uploads\/2022\/11\/Novas-Comunidades-500x292.png 500w, https:\/\/www.cnbb.org.br\/wp-content\/uploads\/2022\/11\/Novas-Comunidades.png 558w\" sizes=\"(max-width: 300px) 100vw, 300px\" \/>No decurso dos s\u00e9culos, o Esp\u00edrito sempre suscitou, na Igreja, realidades novas que servem como uma resposta aos desafios da Igreja no seu tempo. Na modernidade, os ares do Conc\u00edlio Vaticano II (1962-1965) favoreceram o surgimento de \u201cnovas formas de vida evang\u00e9lica\u201d, dentre elas, os Movimentos Eclesiais e as Comunidades Novas, ou podemos cham\u00e1-las de Novas Comunidades.<\/p>\n<p dir=\"ltr\" style=\"text-align: justify;\">Na d\u00e9cada de 1970, as Novas Comunidades come\u00e7aram a surgir na Fran\u00e7a e nos EUA, tornando-se um fen\u00f4meno mundial. No Brasil, as primeiras Comunidades surgiram na d\u00e9cada de 80. J\u00e1, na d\u00e9cada de 90, viu-se o surgimento de in\u00fameras Novas Comunidades, as quais, hoje, superam o n\u00famero de 500 no Brasil.<\/p>\n<p dir=\"ltr\" style=\"text-align: justify;\">O Conc\u00edlio do Vaticano II pedia uma Igreja inserida no mundo, capaz de atra\u00ed-lo para Cristo e dar respostas aos desafios de seu tempo. Papa Jo\u00e3o Paulo II, na memor\u00e1vel Vig\u00edlia de Pentecostes, de 1998, chamou os Movimentos Eclesiais e as Novas Comunidades de \u201cprovidencial resposta do Esp\u00edrito\u201d. Isso porque, por meio das Novas Comunidades e Movimentos Eclesiais, leigos que se consagram a Deus, a partir de um carisma e sob o dom e a radicalidade dele, vivem o seu batismo de forma aut\u00eantica num mundo dilacerado pelo secularismo.<\/p>\n<p dir=\"ltr\"><strong>Conhe\u00e7a a programa\u00e7\u00e3o<\/strong> (<a href=\"https:\/\/eventos.cancaonova.com\/edicao\/acampamento-novas-comunidades-4\/\" target=\"_blank\" rel=\"noopener\">aqui<\/a>).<\/p>\n<\/div>\n<\/div>\n<p style=\"text-align: justify;\"><strong>Servi\u00e7o:<\/strong><br \/>\nEvento: Congresso Nacional para Novas Comunidades \u2013 Tema: \u201c\u00c9 preciso renovar a mesma novidade \u2013 Eis que eu renovo todas as coisas\u201d (Ap 21,5).<br \/>\nData: 04 a 06 de novembro de 2022<br \/>\nLocal: Can\u00e7\u00e3o Nova<br \/>\nEndere\u00e7o: Av. Jo\u00e3o Paulo II, s\/n, Alto Bela Vista, Cachoeira Paulista (SP)<br \/>\nEntrada: Gratuita<\/p>\n<p>O encontro \u00e9 gratuito e n\u00e3o h\u00e1 limite de idade para participar. Voc\u00ea pode se hospedar na <a href=\"https:\/\/eventos.cancaonova.com\/hospedagem\/\" target=\"_blank\" rel=\"noopener\">Pousada S\u00e9rgio Abib<\/a> ou no <a href=\"https:\/\/www.sympla.com.br\/evento\/camping-2022\/1417158\" target=\"_blank\" rel=\"noopener\">Camping<\/a> Can\u00e7\u00e3o Nova.<\/p>\n<p>&nbsp;<\/p>\n<p>&nbsp;<\/p>\n","protected":false},"excerpt":{"rendered":"<p>O encontro deste ano, com o tema: \u201c\u00c9 preciso renovar a mesma novidade \u2013 Eis que eu renovo todas as coisas\u201d (Ap 21,5), ter\u00e1 a participa\u00e7\u00e3o de diversas comunidades e tamb\u00e9m de representantes da Comiss\u00e3o Episcopal para o Laicato da Confer\u00eancia Nacional dos Bispos do Brasil (CNBB). Conhe\u00e7a a programa\u00e7\u00e3o<\/p>\n","protected":false},"author":142,"featured_media":933057,"comment_status":"open","ping_status":"open","sticky":false,"template":"","format":"standard","meta":{"site-sidebar-layout":"default","site-content-layout":"default","ast-global-header-display":"","ast-banner-title-visibility":"","ast-main-header-display":"","ast-hfb-above-header-display":"","ast-hfb-below-header-display":"","ast-hfb-mobile-header-display":"","site-post-title":"","ast-breadcrumbs-content":"","ast-featured-img":"","footer-sml-layout":"","theme-transparent-header-meta":"default","adv-header-id-meta":"","stick-header-meta":"","header-above-stick-meta":"","header-main-stick-meta":"","header-below-stick-meta":""},"categories":[50,776],"tags":[4770],"acf":[],"_links":{"self":[{"href":"https:\/\/www.cnbb.org.br\/cnbb-app\/wp\/v2\/posts\/933054"}],"collection":[{"href":"https:\/\/www.cnbb.org.br\/cnbb-app\/wp\/v2\/posts"}],"about":[{"href":"https:\/\/www.cnbb.org.br\/cnbb-app\/wp\/v2\/types\/post"}],"author":[{"embeddable":true,"href":"https:\/\/www.cnbb.org.br\/cnbb-app\/wp\/v2\/users\/142"}],"replies":[{"embeddable":true,"href":"https:\/\/www.cnbb.org.br\/cnbb-app\/wp\/v2\/comments?post=933054"}],"version-history":[{"count":5,"href":"https:\/\/www.cnbb.org.br\/cnbb-app\/wp\/v2\/posts\/933054\/revisions"}],"predecessor-version":[{"id":933098,"href":"https:\/\/www.cnbb.org.br\/cnbb-app\/wp\/v2\/posts\/933054\/revisions\/933098"}],"wp:featuredmedia":[{"embeddable":true,"href":"https:\/\/www.cnbb.org.br\/cnbb-app\/wp\/v2\/media\/933057"}],"wp:attachment":[{"href":"https:\/\/www.cnbb.org.br\/cnbb-app\/wp\/v2\/media?parent=933054"}],"wp:term":[{"taxonomy":"category","embeddable":true,"href":"https:\/\/www.cnbb.org.br\/cnbb-app\/wp\/v2\/categories?post=933054"},{"taxonomy":"post_tag","embeddable":true,"href":"https:\/\/www.cnbb.org.br\/cnbb-app\/wp\/v2\/tags?post=933054"}],"curies":[{"name":"wp","href":"https:\/\/api.w.org\/{rel}","templated":true}]}}