{"id":933252,"date":"2022-11-09T11:25:15","date_gmt":"2022-11-09T14:25:15","guid":{"rendered":"https:\/\/www.cnbb.org.br\/?p=933252"},"modified":"2022-11-09T11:26:21","modified_gmt":"2022-11-09T14:26:21","slug":"mensagem-do-papa-para-o-vi-dia-mundial-dos-pobres","status":"publish","type":"post","link":"https:\/\/www.cnbb.org.br\/mensagem-do-papa-para-o-vi-dia-mundial-dos-pobres\/","title":{"rendered":"Mensagem do Papa para o VI Dia Mundial dos Pobres"},"content":{"rendered":"<p style=\"text-align: right;\"><b><span data-contrast=\"auto\">Dom Antonio de Assis Ribeiro<br \/>\nBispo Auxiliar de Bel\u00e9m (PA)<\/span><\/b><\/p>\n<p style=\"text-align: right;\"><b><span data-contrast=\"auto\"><br \/>\n\u201cJesus Cristo se fez pobre por v\u00f3s\u201d<\/span><\/b><span data-ccp-props=\"{&quot;201341983&quot;:0,&quot;335551550&quot;:2,&quot;335551620&quot;:2,&quot;335559739&quot;:0,&quot;335559740&quot;:240}\">\u00a0<\/span><\/p>\n<p style=\"text-align: justify;\"><span data-ccp-props=\"{&quot;201341983&quot;:0,&quot;335551550&quot;:2,&quot;335551620&quot;:2,&quot;335559739&quot;:0,&quot;335559740&quot;:240}\">\u00a0<\/span><span data-contrast=\"auto\">A Igreja Cat\u00f3lica celebra no dia 13, terceiro Domingo de novembro, o VI dia mundial dos pobres. Como todos os anos, temos em 2022 mais um tema estimulante proposto pelo Papa Francisco: \u00abJesus Cristo se fez pobre por v\u00f3s\u00bb (2Cor 8,9). Esse vers\u00edculo est\u00e1 dentro do contexto das motiva\u00e7\u00f5es e fundamentos da pr\u00e1tica da virtude da solidariedade quando S\u00e3o Paulo mobiliza uma grande coleta em prol da Comunidade de Jerusal\u00e9m que se encontrava numa situa\u00e7\u00e3o de muitas car\u00eancias. O texto se encontra na Segunda Carta aos Cor\u00edntios (cf. 2Cor 8-9).\u00a0<\/span><span data-ccp-props=\"{&quot;201341983&quot;:0,&quot;335551550&quot;:6,&quot;335551620&quot;:6,&quot;335559739&quot;:0,&quot;335559740&quot;:240}\">\u00a0<\/span><\/p>\n<p style=\"text-align: justify;\"><span data-contrast=\"auto\">A mensagem do Papa tem dez par\u00e1grafos; apresentamos aqui um breve resumos das principais ideias para estimul\u00e1-lo <\/span><span data-contrast=\"auto\">\u00e0<\/span><span data-contrast=\"auto\"> leitura do texto integral e refletir sobre a import\u00e2ncia da pr\u00e1tica da solidariedade.\u00a0\u00a0<\/span><span data-ccp-props=\"{&quot;201341983&quot;:0,&quot;335551550&quot;:6,&quot;335551620&quot;:6,&quot;335559739&quot;:0,&quot;335559740&quot;:240}\">\u00a0<\/span><\/p>\n<p style=\"text-align: justify;\"><b><span data-contrast=\"auto\">RESUMO DA MENSAGEM DO PAPA FRANCISCO:<\/span><\/b><span data-ccp-props=\"{&quot;201341983&quot;:0,&quot;335551550&quot;:2,&quot;335551620&quot;:2,&quot;335559739&quot;:0,&quot;335559740&quot;:240}\">\u00a0<\/span><\/p>\n<ol style=\"text-align: justify;\">\n<li data-leveltext=\"%1.\" data-font=\"Tahoma\" data-listid=\"2\" data-list-defn-props=\"{&quot;335552541&quot;:0,&quot;335559684&quot;:-1,&quot;335559685&quot;:360,&quot;335559991&quot;:360,&quot;469769242&quot;:[65533,0],&quot;469777803&quot;:&quot;left&quot;,&quot;469777804&quot;:&quot;%1.&quot;,&quot;469777815&quot;:&quot;hybridMultilevel&quot;}\" aria-setsize=\"-1\" data-aria-posinset=\"1\" data-aria-level=\"1\"><b><span data-contrast=\"auto\">O fundamento da nossa Solidariedade:<\/span><\/b><span data-contrast=\"auto\"> Jesus Cristo que se fez pobre por v<\/span><span data-contrast=\"auto\">\u00f3s<\/span><span data-contrast=\"auto\"> (cf. 2Cor 8,9)<\/span><span data-contrast=\"auto\"> \u00e9 o fundamento <\/span><span data-contrast=\"auto\">do nosso compromisso de solidariedade para com os irm\u00e3os necessitados. O mundo atual, na p\u00f3s-pandemia, est\u00e1 marcado por muitas formas de pobreza, isso deve nos levar a refletir sobre o nosso estilo de vida. A solidariedade traz al\u00edvio para quem sofre. N\u00e3o podemos esquecer os sofrimentos pelos quais passamos. Todavia, ap\u00f3s a pandemia veio a guerra entre a R\u00fassia e Ucr\u00e2nia.\u00a0<\/span><span data-ccp-props=\"{&quot;201341983&quot;:0,&quot;335551550&quot;:6,&quot;335551620&quot;:6,&quot;335559739&quot;:0,&quot;335559740&quot;:240}\">\u00a0<\/span><\/li>\n<\/ol>\n<ol style=\"text-align: justify;\" start=\"2\">\n<li><b><span data-contrast=\"auto\"> A insensatez da guerra <\/span><\/b><span data-contrast=\"auto\">gera muitas formas de pobreza, viol\u00eancia e sofrimento de crian\u00e7as, jovens, adultos e idosos. \u201cComo dar uma resposta adequada que leve al\u00edvio e paz a tantas pessoas, deixadas \u00e0 merc\u00ea da incerteza e da precariedade?\u201d<\/span><\/li>\n<li><b><span data-contrast=\"auto\"> Imitar Jesus:<\/span><\/b><span data-contrast=\"auto\"> Somos convidados a manter o olhar fixo em Jesus, que, \u00absendo rico, Se fez pobre por v\u00f3s, para vos enriquecer com a sua pobreza\u00bb (2Cor 8,9). Na sua visita a Jerusal\u00e9m, Paulo encontrara Pedro, Tiago e Jo\u00e3o, que lhe tinham pedido para n\u00e3o esquecer os pobres\u201d. Diante da car\u00eancia da comunidade de Jerusal\u00e9m, o Ap\u00f3stolo preocupou-se imediatamente em organizar uma grande coleta a favor daqueles pobres. Os crist\u00e3os de Corinto mostraram-se muito sens\u00edveis e dispon\u00edveis.\u00a0<\/span><\/li>\n<li><b><span data-contrast=\"auto\"> Oportunidades para sermos solid<\/span><\/b><b><span data-contrast=\"auto\">\u00e1rios<\/span><\/b><b><span data-contrast=\"auto\">:<\/span><\/b><span data-contrast=\"auto\"> atualmente o mundo se encontra diante de muitas possibilidades de exerc\u00edcio da solidariedade: milh\u00f5es de refugiados das guerras no M\u00e9dio Oriente, na \u00c1frica Central e, agora, na Ucr\u00e2nia. \u201cOs povos que acolhem t\u00eam cada vez mais dificuldade em dar continuidade \u00e0 ajuda; as fam\u00edlias e as comunidades come\u00e7am a sentir o peso duma situa\u00e7\u00e3o que vai al\u00e9m da emerg\u00eancia. Este \u00e9 o momento de n\u00e3o ceder, mas de renovar a motiva\u00e7\u00e3o inicial.<\/span><\/li>\n<li><b><span data-contrast=\"auto\"> Comunh\u00e3o e Solidariedade:<\/span><\/b><span data-contrast=\"auto\"> \u201cA solidariedade \u00e9 precisamente partilhar o pouco que temos com quantos nada t\u00eam, para que ningu\u00e9m sofra. Quanto mais cresce o sentido de comunidade e comunh\u00e3o como estilo de vida, tanto mais se desenvolve a solidariedade\u201d. \u201cComo membros da sociedade civil, mantenhamos vivo o apelo aos valores da liberdade, responsabilidade, fraternidade e solidariedade; e, como crist\u00e3os, encontremos sempre na caridade, na f\u00e9 e na esperan\u00e7a o fundamento do nosso ser e da nossa atividade\u201d.<\/span><\/li>\n<li><b><span data-contrast=\"auto\"> A sinceridade do Amor est\u00e1 nas a\u00e7\u00f5es:<\/span><\/b><span data-contrast=\"auto\"> o Ap\u00f3stolo Paulo obriga os crist\u00e3os a darem a pr\u00f3pria contribui\u00e7\u00e3o, for\u00e7ando-os a uma obra de caridade; mas os motiva a \u00abp\u00f4r \u00e0 prova a sinceridade do amor\u00bb, atrav\u00e9s da aten\u00e7\u00e3o e solicitude pelos pobres (cf. 2 Cor 8,8). A \u201cgenerosidade para com os pobres encontra a sua motiva\u00e7\u00e3o mais forte na op\u00e7\u00e3o do Filho de Deus que quis se fazer pobre para nos enriquecer. Isso requer despojamento. N\u00e3o basta ouvir a Palavra, \u00e9 preciso pratic\u00e1-la (cf. Tg 1,22-25).\u00a0<\/span><\/li>\n<li><b><span data-contrast=\"auto\"> O mal da indiferen\u00e7a:<\/span><\/b><span data-contrast=\"auto\"> diante dos pobres n\u00e3o servem os discursos, mas \u00e9 preciso fazer um esfor\u00e7o e p\u00f4r em pr\u00e1tica a f\u00e9 atrav\u00e9s dum envolvimento direto, que n\u00e3o pode ser delegado a ningu\u00e9m. Devemos evitar a indiferen\u00e7a em rela\u00e7\u00e3o aos pobres, por causa do apego excessivo ao dinheiro. Devemos refletir sobre o valor que o dinheiro tem para n\u00f3s, mas sem absolutiz\u00e1-lo. Nada de mais nocivo poderia acontecer a um crist\u00e3o e a uma comunidade do que ser ofuscados pelo \u00eddolo da riqueza, que acaba por acorrentar a uma vis\u00e3o ef\u00e9mera e falhada da vida. Ningu\u00e9m pode sentir-se exonerado da preocupa\u00e7\u00e3o pelos pobres e pela justi\u00e7a social\u00bb (EG, 201). O ap\u00f3stolo Paulo ainda escreve fundamentando o dever da solidariedade dizendo que n<\/span><span data-contrast=\"auto\">\u00e3o se trata de<\/span><span data-contrast=\"auto\"> aliviar quem sofre, mas sim que haja igualdade (cf. 2Cor 8,13).<\/span><\/li>\n<li><b><\/b> <b><span data-contrast=\"auto\">A pobreza que mata e pobreza libertadora:<\/span><\/b><span data-contrast=\"auto\"> segundo Jesus Cristo, a verdadeira riqueza n\u00e3o consiste em acumular \u00abtesouros na terra\u201d (Mt 6,19), mas no amor rec\u00edproco que nos faz carregar os fardos uns dos outros, para que ningu\u00e9m seja abandonado ou exclu\u00eddo. N<\/span><span data-contrast=\"auto\">\u00e3o estamos no mundo para sobreviver, mas para que, a todos, seja consentida uma vida digna e feliz<\/span><span data-contrast=\"auto\">, todavia existe uma pobreza que humilha e mata, e h\u00e1 outra pobreza \u2013 aquela de Jesus \u2013 que liberta e nos d\u00e1 serenidade. \u201cA pobreza que mata \u00e9 a mis\u00e9ria, filha da injusti\u00e7a, da explora\u00e7\u00e3o, da viol\u00eancia e da in\u00edqua distribui\u00e7\u00e3o dos recursos. \u00c9 a pobreza desesperada, sem futuro, porque \u00e9 imposta pela cultura do descarte que n\u00e3o oferece perspectivas nem vias de sa\u00edda&#8230;\u201d. \u201cAo contr\u00e1rio, pobreza libertadora \u00e9 aquela que se nos apresenta como uma op\u00e7\u00e3o respons\u00e1vel para alijar da estiva quanto h\u00e1 de sup\u00e9rfluo e apostar no essencial. \u201cOs pobres, antes de ser objeto da nossa esmola, s\u00e3o sujeitos que ajudam a libertar-nos das armadilhas da inquieta\u00e7\u00e3o e da superficialidade\u201d.<\/span><\/li>\n<li><b><span data-contrast=\"auto\"> F\u00e9, pobreza e riqueza:<\/span><\/b><span data-contrast=\"auto\"> a pobreza de Cristo torna-nos ricos. Isso \u00e9 um paradoxo! Jesus Cristo se fez pobre por n\u00f3s, ent\u00e3o a nossa pr\u00f3pria vida se ilumina e se transforma, adquirindo um valor que o mundo n\u00e3o conhece nem pode dar. A riqueza de Jesus \u00e9 o seu amor! Se quisermos que a vida ven\u00e7a a morte e que a dignidade seja resgatada da injusti\u00e7a, o caminho a seguir \u00e9 o d\u2019Ele: \u00e9 seguir a pobreza de Jesus Cristo, partilhando a vida por amor, repartindo o p\u00e3o da pr\u00f3pria exist\u00eancia com os irm\u00e3os e irm\u00e3s, a come\u00e7ar pelos \u00faltimos, por aqueles que carecem do necess\u00e1rio, para que se crie a igualdade, os pobres sejam libertos da mis\u00e9ria e os ricos da vaidade, ambos sem esperan\u00e7a.<\/span><\/li>\n<li><b><span data-contrast=\"auto\">10<\/span><\/b><span data-contrast=\"auto\">. <\/span><b><span data-contrast=\"auto\">N\u00e3o desprezar os pobres:<\/span><\/b><span data-contrast=\"auto\"> Carlos de Foucauld <\/span><span data-contrast=\"auto\">\u00e9 um exemplo <\/span><span data-contrast=\"auto\">de algu\u00e9m que tendo nascido rico, renunciou a tudo para seguir Jesus e com Ele tornar-se pobre e irm\u00e3o de todos vivendo como eremita em Nazar\u00e9 e depois no deserto do Saara. Com sua vida e palavras ele nos ajuda na medita\u00e7\u00e3o sobre a pobreza: \u00abN\u00e3o desprezemos os pobres, os humildes, os oper\u00e1rios; s\u00e3o n\u00e3o s\u00f3 nossos irm\u00e3os em Deus, mas tamb\u00e9m os que mais perfeitamente imitam a Jesus na sua vida exterior. Eles nos apresentam perfeitamente Jesus, o Oper\u00e1rio de Nazar\u00e9. S\u00e3o primog\u00e9nitos entre os eleitos, os primeiros chamados ao ber\u00e7o do Salvador&#8230; Nunca deixemos de ser, em tudo, pobres, irm\u00e3os dos pobres, companheiros dos pobres; sejamos os mais pobres dos pobres, como Jesus, e como Ele amemos os pobres e rodeemo-nos deles\u00bb.<\/span><\/li>\n<\/ol>\n<p style=\"text-align: justify;\"><b><span data-contrast=\"auto\">PARA A REFLEX\u00c3O PESSOAL:<\/span><\/b><span data-ccp-props=\"{&quot;201341983&quot;:0,&quot;335551550&quot;:6,&quot;335551620&quot;:6,&quot;335559739&quot;:0,&quot;335559740&quot;:240}\">\u00a0<\/span><\/p>\n<p style=\"text-align: justify;\"><span data-contrast=\"auto\">Qual \u00e9 o fundamento do nosso dever de Solidariedade?<\/span><span data-ccp-props=\"{&quot;201341983&quot;:0,&quot;335551550&quot;:6,&quot;335551620&quot;:6,&quot;335559739&quot;:0,&quot;335559740&quot;:240}\">\u00a0<\/span><\/p>\n<p style=\"text-align: justify;\"><span data-contrast=\"auto\">Quando a pobreza e a riqueza s\u00e3o positivas e negativas?<\/span><span data-ccp-props=\"{&quot;201341983&quot;:0,&quot;335551550&quot;:6,&quot;335551620&quot;:6,&quot;335559739&quot;:0,&quot;335559740&quot;:240}\">\u00a0<\/span><\/p>\n<p style=\"text-align: justify;\"><span data-contrast=\"auto\">O que concretamente nas nossas fam\u00edlias e comunidades podemos fazer para promo\u00e7\u00e3o da cultura da Solidariedade?<\/span><span data-ccp-props=\"{&quot;201341983&quot;:0,&quot;335551550&quot;:6,&quot;335551620&quot;:6,&quot;335559739&quot;:0,&quot;335559740&quot;:240}\">\u00a0<\/span><\/p>\n","protected":false},"excerpt":{"rendered":"<p>Dom Antonio de Assis Ribeiro Bispo Auxiliar de Bel\u00e9m (PA) \u201cJesus Cristo se fez pobre por v\u00f3s\u201d\u00a0 \u00a0A Igreja Cat\u00f3lica celebra no dia 13, terceiro Domingo de novembro, o VI dia mundial dos pobres. Como todos os anos, temos em 2022 mais um tema estimulante proposto pelo Papa Francisco: \u00abJesus Cristo se fez pobre por &hellip;<\/p>\n<p class=\"read-more\"> <a class=\"\" href=\"https:\/\/www.cnbb.org.br\/mensagem-do-papa-para-o-vi-dia-mundial-dos-pobres\/\"> <span class=\"screen-reader-text\">Mensagem do Papa para o VI Dia Mundial dos Pobres<\/span> Leia mais &raquo;<\/a><\/p>\n","protected":false},"author":79,"featured_media":0,"comment_status":"open","ping_status":"open","sticky":false,"template":"","format":"standard","meta":{"site-sidebar-layout":"default","site-content-layout":"default","ast-global-header-display":"","ast-banner-title-visibility":"","ast-main-header-display":"","ast-hfb-above-header-display":"","ast-hfb-below-header-display":"","ast-hfb-mobile-header-display":"","site-post-title":"","ast-breadcrumbs-content":"","ast-featured-img":"","footer-sml-layout":"","theme-transparent-header-meta":"default","adv-header-id-meta":"","stick-header-meta":"","header-above-stick-meta":"","header-main-stick-meta":"","header-below-stick-meta":""},"categories":[758],"tags":[],"acf":[],"_links":{"self":[{"href":"https:\/\/www.cnbb.org.br\/cnbb-app\/wp\/v2\/posts\/933252"}],"collection":[{"href":"https:\/\/www.cnbb.org.br\/cnbb-app\/wp\/v2\/posts"}],"about":[{"href":"https:\/\/www.cnbb.org.br\/cnbb-app\/wp\/v2\/types\/post"}],"author":[{"embeddable":true,"href":"https:\/\/www.cnbb.org.br\/cnbb-app\/wp\/v2\/users\/79"}],"replies":[{"embeddable":true,"href":"https:\/\/www.cnbb.org.br\/cnbb-app\/wp\/v2\/comments?post=933252"}],"version-history":[{"count":2,"href":"https:\/\/www.cnbb.org.br\/cnbb-app\/wp\/v2\/posts\/933252\/revisions"}],"predecessor-version":[{"id":933255,"href":"https:\/\/www.cnbb.org.br\/cnbb-app\/wp\/v2\/posts\/933252\/revisions\/933255"}],"wp:attachment":[{"href":"https:\/\/www.cnbb.org.br\/cnbb-app\/wp\/v2\/media?parent=933252"}],"wp:term":[{"taxonomy":"category","embeddable":true,"href":"https:\/\/www.cnbb.org.br\/cnbb-app\/wp\/v2\/categories?post=933252"},{"taxonomy":"post_tag","embeddable":true,"href":"https:\/\/www.cnbb.org.br\/cnbb-app\/wp\/v2\/tags?post=933252"}],"curies":[{"name":"wp","href":"https:\/\/api.w.org\/{rel}","templated":true}]}}