{"id":933257,"date":"2022-11-09T11:30:42","date_gmt":"2022-11-09T14:30:42","guid":{"rendered":"https:\/\/www.cnbb.org.br\/?p=933257"},"modified":"2022-11-09T11:31:20","modified_gmt":"2022-11-09T14:31:20","slug":"mae-da-apresentacao-mulher-eucaristica-sinal-de-comunhao-e-de-vida-plena","status":"publish","type":"post","link":"https:\/\/www.cnbb.org.br\/mae-da-apresentacao-mulher-eucaristica-sinal-de-comunhao-e-de-vida-plena\/","title":{"rendered":"\u201cM\u00e3e da Apresenta\u00e7\u00e3o, Mulher eucar\u00edstica, sinal de comunh\u00e3o e de vida plena\u201d\u00a0"},"content":{"rendered":"<p style=\"text-align: right;\"><strong>Dom Jaime Vieira Rocha\u00a0<\/strong><br \/>\n<strong>Arcebispo de Natal (RN)<\/strong><\/p>\n<p style=\"text-align: justify;\">\n<p style=\"text-align: justify;\"><span data-contrast=\"auto\">O Senhor, nosso bom Deus e Pai, proporciona a todos n\u00f3s, disc\u00edpulos e disc<\/span><span data-contrast=\"auto\">\u00ed<\/span><span data-contrast=\"auto\">pulas, mission\u00e1rios e mission\u00e1rias de Jesus Cristo, viver a experi<\/span><span data-contrast=\"auto\">\u00ea<\/span><span data-contrast=\"auto\">ncia, cheia de gra\u00e7a e de fervor, da 269\u00aa Festa de Nossa Senhora da Apresenta\u00e7\u00e3o, padroeira da Arquidiocese de Natal e da capital potiguar. Este ano o tema geral \u00e9 <\/span><i><span data-contrast=\"auto\">M\u00e3e da Apresenta\u00e7\u00e3o, Mulher eucar\u00edstica, sinal de comunh\u00e3o e de vida plena<\/span><\/i><span data-contrast=\"auto\">, iluminado pela realiza\u00e7\u00e3o do XVIII Congresso Eucar\u00edstico Nacional, que acontecer\u00e1 nos 11 a 15 de novembro, em Recife (PE), como tamb\u00e9m do sentido t\u00e3o importante e necess\u00e1rio para a vida da Igreja que \u00e9 a Sinodalidade, em vista desse tempo especial, querido por Papa Francisco, em que estamos vivendo em prepara\u00e7\u00e3o para o S\u00ednodo dos Bispos que ser\u00e1 realizado em Roma, no ano que vem.\u00a0<\/span><span data-ccp-props=\"{&quot;201341983&quot;:0,&quot;335551550&quot;:6,&quot;335551620&quot;:6,&quot;335559739&quot;:160,&quot;335559740&quot;:259}\">\u00a0<\/span><\/p>\n<p style=\"text-align: justify;\"><span data-contrast=\"auto\">Sim, n\u00f3s proclamamos a Virgem Maria como Mulher eucar\u00edstica. Essa \u00e9 uma caracter\u00edstica da vida da M\u00e3e de Jesus que nos lembra a centralidade da vida crist\u00e3, a qual se encontra na Eucaristia. Foi o Papa S\u00e3o Jo\u00e3o Paulo II que, em 2003, na sua \u00faltima Carta Enc\u00edclica, <\/span><i><span data-contrast=\"auto\">Ecclesia de Eucharistia<\/span><\/i><span data-contrast=\"auto\">, sobre a Eucaristia na sua rela\u00e7\u00e3o com a Igreja, afirma: <\/span><i><span data-contrast=\"none\">Maria \u00e9 mulher \u201ceucar\u00edstica\u201d na totalidade da sua vida <\/span><\/i><span data-contrast=\"none\">(n. 53). A M\u00e3e de Jesus praticou a sua f\u00e9 eucar\u00edstica quando ofereceu o seu ventre virginal para a Encarna\u00e7\u00e3o do Verbo de Deus, viveu a dimens\u00e3o sacrificial da Eucaristia e no Magnificat podemos ver a sua a\u00e7\u00e3o de gra\u00e7as e o seu louvor ao Deus que \u00e9 fiel \u00e0s suas promessas (cf. nn. 56-58). O santo Papa polon\u00eas ressaltou essa rela\u00e7\u00e3o da Eucaristia com a Virgem Maria, tamb\u00e9m quando incluiu nos mist\u00e9rios do Ros\u00e1rio a institui\u00e7\u00e3o da Eucaristia no conjunto dos mist\u00e9rios luminosos, na Carta Apost\u00f3lica <\/span><i><span data-contrast=\"none\">Rosarium Virginis Mariae<\/span><\/i><span data-contrast=\"none\">, publicado no dia 16 de outubro de 2002.<\/span><span data-ccp-props=\"{&quot;201341983&quot;:0,&quot;335551550&quot;:6,&quot;335551620&quot;:6,&quot;335559739&quot;:160,&quot;335559740&quot;:259}\">\u00a0<\/span><\/p>\n<p style=\"text-align: justify;\"><span data-contrast=\"none\">Por ser Mulher eucar\u00edstica, a Virgem Maria \u00e9 tamb\u00e9m sinal de comunh\u00e3o. Esse \u00e9 o sentido real e pleno da Eucaristia. Quando dela participamos, n\u00f3s entramos em comunh\u00e3o com Jesus Cristo, o Crucificado-Ressuscitado, que nos introduz na comunh\u00e3o com o Pai no Esp\u00edrito Santo (cf. Jo 14,23). E essa comunh\u00e3o nos leva \u00e0 comunh\u00e3o com os irm\u00e3os e irm\u00e3s (cf. 1Jo 1,3). A comunh\u00e3o com os irm\u00e3os e irm\u00e3s se d\u00e1, sobretudo, no cuidado e na aten\u00e7\u00e3o aos mais fragilizados, aos pobres, aos enfermos, aos pequenos, como foi a pr\u00e1xis de Jesus. Ela tamb\u00e9m nos ensina que na caminhada de f\u00e9 \u00e0 qual somos chamados, \u00e9 preciso seguir como comunidade, como assembleia, como casa de muitos irm\u00e3os. A comunh\u00e3o \u00e9 um sinal prof\u00e9tico, isto \u00e9, instiga a que n\u00e3o deixemos que o individualismo, a auto referencialidade e o ego\u00edsmo estejam presentes em nossas comunidades eclesiais. De fato, se compreendemos bem o que significa \u201cIgreja\u201d sabemos que ela j\u00e1 \u00e9 uma realidade sinodal \u2013 feita de homens e mulheres, de pessoas com diferentes hist\u00f3rias, de jeito e modos diferentes, mas, todos unidos pelo la\u00e7o da fraternidade, proveniente do selo do Esp\u00edrito Santo, Esp\u00edrito de Unidade, v\u00ednculo de amor do Pai e do Filho e deles em n\u00f3s. A Virgem Maria viveu essa comunh\u00e3o na sua pr\u00f3pria miss\u00e3o (cf. Lc 1,35). E essa comunh\u00e3o \u00e9 fecunda, gera filhos e filhas, porque existem para a vida plena, a vida com sentido, cheia de amor e de gra\u00e7a, na escuta e na viv\u00eancia da Palavra.<\/span><span data-ccp-props=\"{&quot;201341983&quot;:0,&quot;335551550&quot;:6,&quot;335551620&quot;:6,&quot;335559739&quot;:160,&quot;335559740&quot;:259}\">\u00a0<\/span><\/p>\n<p style=\"text-align: justify;\"><span data-contrast=\"none\">Desejo a todos uma boa e aben\u00e7oada Festa. Que tudo seja bem-aventurado e o exemplo e a intercess\u00e3o da Virgem M\u00e3e, Senhora da Apresenta\u00e7\u00e3o, fortale\u00e7a a nossa f\u00e9 e nos fa\u00e7a homens e mulheres construtores de uma sociedade de paz, de alegria e de solidariedade.<\/span><span data-ccp-props=\"{&quot;201341983&quot;:0,&quot;335551550&quot;:6,&quot;335551620&quot;:6,&quot;335559739&quot;:160,&quot;335559740&quot;:259}\">\u00a0<\/span><\/p>\n","protected":false},"excerpt":{"rendered":"<p>Dom Jaime Vieira Rocha\u00a0 Arcebispo de Natal (RN) O Senhor, nosso bom Deus e Pai, proporciona a todos n\u00f3s, disc\u00edpulos e disc\u00edpulas, mission\u00e1rios e mission\u00e1rias de Jesus Cristo, viver a experi\u00eancia, cheia de gra\u00e7a e de fervor, da 269\u00aa Festa de Nossa Senhora da Apresenta\u00e7\u00e3o, padroeira da Arquidiocese de Natal e da capital potiguar. Este &hellip;<\/p>\n<p class=\"read-more\"> <a class=\"\" href=\"https:\/\/www.cnbb.org.br\/mae-da-apresentacao-mulher-eucaristica-sinal-de-comunhao-e-de-vida-plena\/\"> <span class=\"screen-reader-text\">\u201cM\u00e3e da Apresenta\u00e7\u00e3o, Mulher eucar\u00edstica, sinal de comunh\u00e3o e de vida plena\u201d\u00a0<\/span> Leia mais &raquo;<\/a><\/p>\n","protected":false},"author":19,"featured_media":0,"comment_status":"open","ping_status":"open","sticky":false,"template":"","format":"standard","meta":{"site-sidebar-layout":"default","site-content-layout":"default","ast-global-header-display":"","ast-banner-title-visibility":"","ast-main-header-display":"","ast-hfb-above-header-display":"","ast-hfb-below-header-display":"","ast-hfb-mobile-header-display":"","site-post-title":"","ast-breadcrumbs-content":"","ast-featured-img":"","footer-sml-layout":"","theme-transparent-header-meta":"default","adv-header-id-meta":"","stick-header-meta":"","header-above-stick-meta":"","header-main-stick-meta":"","header-below-stick-meta":""},"categories":[758],"tags":[],"acf":[],"_links":{"self":[{"href":"https:\/\/www.cnbb.org.br\/cnbb-app\/wp\/v2\/posts\/933257"}],"collection":[{"href":"https:\/\/www.cnbb.org.br\/cnbb-app\/wp\/v2\/posts"}],"about":[{"href":"https:\/\/www.cnbb.org.br\/cnbb-app\/wp\/v2\/types\/post"}],"author":[{"embeddable":true,"href":"https:\/\/www.cnbb.org.br\/cnbb-app\/wp\/v2\/users\/19"}],"replies":[{"embeddable":true,"href":"https:\/\/www.cnbb.org.br\/cnbb-app\/wp\/v2\/comments?post=933257"}],"version-history":[{"count":1,"href":"https:\/\/www.cnbb.org.br\/cnbb-app\/wp\/v2\/posts\/933257\/revisions"}],"predecessor-version":[{"id":933258,"href":"https:\/\/www.cnbb.org.br\/cnbb-app\/wp\/v2\/posts\/933257\/revisions\/933258"}],"wp:attachment":[{"href":"https:\/\/www.cnbb.org.br\/cnbb-app\/wp\/v2\/media?parent=933257"}],"wp:term":[{"taxonomy":"category","embeddable":true,"href":"https:\/\/www.cnbb.org.br\/cnbb-app\/wp\/v2\/categories?post=933257"},{"taxonomy":"post_tag","embeddable":true,"href":"https:\/\/www.cnbb.org.br\/cnbb-app\/wp\/v2\/tags?post=933257"}],"curies":[{"name":"wp","href":"https:\/\/api.w.org\/{rel}","templated":true}]}}