{"id":933264,"date":"2022-11-09T11:42:08","date_gmt":"2022-11-09T14:42:08","guid":{"rendered":"https:\/\/www.cnbb.org.br\/?p=933264"},"modified":"2022-11-09T11:43:02","modified_gmt":"2022-11-09T14:43:02","slug":"33o-domingo-do-tempo-comum","status":"publish","type":"post","link":"https:\/\/www.cnbb.org.br\/33o-domingo-do-tempo-comum\/","title":{"rendered":"33\u00ba Domingo do Tempo Comum\u00a0"},"content":{"rendered":"<p style=\"text-align: right;\"><b><span data-contrast=\"auto\">Cardeal Orani Jo\u00e3o Tempesta<br \/>\n<\/span><\/b><b><span data-contrast=\"auto\">Arcebispo do Rio de Janeiro (RJ)<\/span><\/b><span data-ccp-props=\"{&quot;201341983&quot;:0,&quot;335551550&quot;:3,&quot;335551620&quot;:3,&quot;335559731&quot;:708,&quot;335559739&quot;:160,&quot;335559740&quot;:360}\">\u00a0<\/span><b><\/b><\/p>\n<p style=\"text-align: justify;\"><span data-ccp-props=\"{&quot;201341983&quot;:0,&quot;335551550&quot;:2,&quot;335551620&quot;:2,&quot;335559739&quot;:160,&quot;335559740&quot;:259}\">\u00a0<\/span><\/p>\n<p style=\"text-align: justify;\"><span data-contrast=\"none\">Queridos irm\u00e3os e irm\u00e3s, estamos celebrando o Trig\u00e9simo Terceiro domingo do Tempo Comum. <\/span><span data-contrast=\"none\">\u00c9 tamb\u00e9m o 6\u00ba Dia Mundial dos Pobres, evento criado pelo Papa Francisco. Celebramos o 18\u00ba Congresso Eucar\u00edstico Nacional em Olinda e Recife. <\/span><span data-contrast=\"none\">Estamos quase encerrando o ano lit\u00fargico. Celebramos o pen\u00faltimo domingo deste ano C. <\/span><span data-contrast=\"auto\">A Palavra de Deus convida-nos a meditar no fim \u00faltimo do homem, no seu destino al\u00e9m da morte. A meta final, para onde Deus nos conduz, faz nascer em n\u00f3s a esperan\u00e7a e a coragem para enfrentar as adversidades e lutar pelo Advento do Reino.<\/span><span data-ccp-props=\"{&quot;201341983&quot;:0,&quot;335551550&quot;:6,&quot;335551620&quot;:6,&quot;335559739&quot;:160,&quot;335559740&quot;:360}\">\u00a0<\/span><\/p>\n<p style=\"text-align: justify;\"><span data-contrast=\"auto\">Na primeira leitura \u2013 Ml 3,19-20 a \u2013\u00a0 o Profeta Malaquias fala do ju\u00edzo final, com acentos fortes: \u201cEis que vir\u00e1 o dia, abrasador como fornalha\u201d (Ml 3, 19). O texto n\u00e3o pretende incutir medo, falando do \u201cfim do mundo\u201d, mas fortalecer a esperan\u00e7a em Deus para enfrentar os dramas da vida e da hist\u00f3ria; esperan\u00e7a que devemos ter ainda hoje, apesar do que vemos.<\/span><span data-ccp-props=\"{&quot;134233117&quot;:true,&quot;134233118&quot;:true,&quot;201341983&quot;:0,&quot;335551550&quot;:6,&quot;335551620&quot;:6,&quot;335559740&quot;:360}\">\u00a0<\/span><\/p>\n<p style=\"text-align: justify;\"><span data-contrast=\"auto\">Na segunda leitura S\u00e3o Paulo \u2013 (2Ts 3, 7-12) \u2013 fala da comunidade de Tessal\u00f4nica, perturbada por fan\u00e1ticos que pregavam estar pr\u00f3ximo o fim do mundo. Por isso n\u00e3o valia a pena continuar trabalhando. Paulo diz: \u201cQuem n\u00e3o quer trabalhar, tamb\u00e9m n\u00e3o deve come\u201d (2Ts 3, 10).<\/span><span data-ccp-props=\"{&quot;134233117&quot;:true,&quot;134233118&quot;:true,&quot;201341983&quot;:0,&quot;335551550&quot;:6,&quot;335551620&quot;:6,&quot;335559740&quot;:360}\">\u00a0<\/span><\/p>\n<p style=\"text-align: justify;\"><span data-contrast=\"auto\">O trabalho \u00e9 o meio ordin\u00e1rio de subsist\u00eancia e o campo privilegiado para o desenvolvimento das virtudes humanas: a rijeza, a const\u00e2ncia, o otimismo por cima das dificuldades. A f\u00e9 crist\u00e3 impele-nos al\u00e9m disso a comporta-nos como filhos de Deus com os filhos de Deus, a viver um esp\u00edrito de caridade, de conviv\u00eancia, de compreens\u00e3o, a tirar da vida o apego \u00e0 nossa comodidade, a tenta\u00e7\u00e3o do ego\u00edsmo, a tend\u00eancia para a exalta\u00e7\u00e3o pessoal, a mostrar a caridade de Cristo e os seus resultados concretos de amizade, de compreens\u00e3o, de afeto humano, de paz. Pelo contr\u00e1rio, a pregui\u00e7a, a ociosidade, o trabalho mal-acabado trazem graves consequ\u00eancias. \u201cA ociosidade ensina muitas maldades\u201d (Eclo 33, 29), pois impede a perfei\u00e7\u00e3o humana e sobrenatural do homem, debilita lhe o car\u00e1ter e abre as portas \u00e0 concupisc\u00eancia e a muitas tenta\u00e7\u00f5es.<\/span><span data-ccp-props=\"{&quot;201341983&quot;:0,&quot;335551550&quot;:6,&quot;335551620&quot;:6,&quot;335559739&quot;:160,&quot;335559740&quot;:360}\">\u00a0<\/span><\/p>\n<p style=\"text-align: justify;\"><span data-contrast=\"none\">No Evangelho Jesus \u2013 Lc, 21, 5-19<\/span><span data-contrast=\"auto\"> \u2013 alerta sobre os falsos profetas: \u201cCuidado para n\u00e3o serdes enganados\u2026\u201d (Lc 21, 8). Diante das cat\u00e1strofes Jesus exorta \u00e0 esperan\u00e7a: n\u00e3o ter medo\u2026 Esses sinais de desagrega\u00e7\u00e3o do mundo velho n\u00e3o devem assustar, pelo contr\u00e1rio s\u00e3o an\u00fancio de alegria e esperan\u00e7a, de que um mundo novo est\u00e1 por surgir. \u201cQuando essas coisas come\u00e7arem a acontecer, levantem-se, ergam a cabe\u00e7a, porque a liberta\u00e7\u00e3o est\u00e1 pr\u00f3xima\u201d (Lc 21, 28).<\/span><span data-ccp-props=\"{&quot;201341983&quot;:0,&quot;335551550&quot;:6,&quot;335551620&quot;:6,&quot;335559739&quot;:160,&quot;335559740&quot;:360}\">\u00a0<\/span><\/p>\n<p style=\"text-align: justify;\"><span data-contrast=\"auto\">Jesus nos recorda que nossa exist\u00eancia \u00e9 breve, t\u00e3o fugaz. \u00c0queles que se encantavam com o aspecto majestoso do Templo, o Senhor recordou que tudo passa. Isso vale ainda hoje: para a nossa casa bonita, para o nosso carro, para o nosso dinheiro, nossa profiss\u00e3o, as pessoas \u00e0s quais amamos, os projetos que temos, a nossa pr\u00f3pria vida:\u202f<\/span><span data-contrast=\"auto\">\u201cV\u00f3s admirais estas coisas? Dias vir\u00e3o em que n\u00e3o ficar\u00e1 pedra sobre pedra. Tudo ser\u00e1 destru\u00eddo!\u201d<\/span> <span data-contrast=\"auto\">Aqui, o Senhor n\u00e3o deseja ser um desmancha-prazeres, n\u00e3o nos quer arrancar o gosto de viver; deseja t\u00e3o somente recordar que nossa vida deve ser vivida na perspectivada eternidade, daquilo que \u00e9 definitivo. Haver\u00e1 um momento final, haver\u00e1 um ju\u00edzo do Senhor sobre a hist\u00f3ria humana e sobre a hist\u00f3ria de cada um de n\u00f3s, quando, ent\u00e3o, ficar\u00e1 claro o que serviu e o que n\u00e3o serviu, o que teve valor ante os olhos de Deus e o que n\u00e3o passou de ilus\u00e3o e falsidade. Nunca esque\u00e7amos disso: nossa vida caminha para esse momento final, o mais importante de todo nosso caminho existencial. Haver\u00e1, sim, um ju\u00edzo de Deus:\u202f<\/span><span data-contrast=\"auto\">\u201cEis que vir\u00e1 o dia, abrasador como fornalha em que todos os soberbos e \u00edmpios ser\u00e3o como palha; e esse dia vindouro haver\u00e1 de queim\u00e1-los. Para v\u00f3s, que temeis o meu nome, nascer\u00e1 o sol da justi\u00e7a, trazendo salva\u00e7\u00e3o em suas asas<\/span><i><span data-contrast=\"auto\">\u201d.<\/span><\/i><span data-contrast=\"auto\"> Este ju\u00edzo, portanto, ser\u00e1 discriminat\u00f3rio: pode significar vida ou morte, salva\u00e7\u00e3o ou condena\u00e7\u00e3o!<\/span><span data-ccp-props=\"{&quot;201341983&quot;:0,&quot;335551550&quot;:6,&quot;335551620&quot;:6,&quot;335559739&quot;:160,&quot;335559740&quot;:360}\">\u00a0<\/span><\/p>\n<p style=\"text-align: justify;\"><span data-contrast=\"auto\">Num mundo como o atual, que nos quer fazer perder de vista o essencial e nos quer fazer esquecer que caminhamos para o encontro com Cristo como um rio corre para o mar. Vale-nos, ent\u00e3o, o conselho de S\u00e3o Paulo, a que vivamos decentemente, trabalhando pelo p\u00e3o cotidiano, sem viver \u00e0 toa, mas construindo a vida com a dignidade de crist\u00e3os.<\/span><span data-ccp-props=\"{&quot;201341983&quot;:0,&quot;335551550&quot;:6,&quot;335551620&quot;:6,&quot;335559739&quot;:160,&quot;335559740&quot;:360}\">\u00a0<\/span><\/p>\n<p style=\"text-align: justify;\"><span data-contrast=\"auto\">O Senhor nos previne que n\u00e3o \u00e9 f\u00e1cil: o mundo n\u00e3o nos amar\u00e1, porque seus pensamentos n\u00e3o s\u00e3o os do Cristo \u2013 e isto mais que nunca \u00e9 claro hoje, numa sociedade consumista, paganizada, amante do conforto e da imoralidade, onde cada um vive do seu modo, como se Deus n\u00e3o existisse. Ou\u00e7amos a advert\u00eancia t\u00e3o sincera e franca de Cristo:\u202f<\/span><span data-contrast=\"auto\">\u201cSereis entregues at\u00e9 mesmo pelos pr\u00f3prios pais, irm\u00e3os, parentes e amigos. E eles matar\u00e3o alguns de v\u00f3s. Todos vos odiar\u00e3o (= vos amar\u00e3o menos, n\u00e3o vos ter\u00e3o entre seus amigos) por causa do meu nome. \u00c9 permanecendo firmes que ireis ganhar a vida!\u201d.<\/span><span data-ccp-props=\"{&quot;201341983&quot;:0,&quot;335551550&quot;:6,&quot;335551620&quot;:6,&quot;335559731&quot;:708,&quot;335559739&quot;:160,&quot;335559740&quot;:360}\">\u00a0<\/span><\/p>\n<p><span data-ccp-props=\"{&quot;201341983&quot;:0,&quot;335551550&quot;:3,&quot;335551620&quot;:3,&quot;335559731&quot;:708,&quot;335559739&quot;:160,&quot;335559740&quot;:360}\">\u00a0<\/span><\/p>\n<p>&nbsp;<\/p>\n","protected":false},"excerpt":{"rendered":"<p>Cardeal Orani Jo\u00e3o Tempesta Arcebispo do Rio de Janeiro (RJ)\u00a0 \u00a0 Queridos irm\u00e3os e irm\u00e3s, estamos celebrando o Trig\u00e9simo Terceiro domingo do Tempo Comum. \u00c9 tamb\u00e9m o 6\u00ba Dia Mundial dos Pobres, evento criado pelo Papa Francisco. Celebramos o 18\u00ba Congresso Eucar\u00edstico Nacional em Olinda e Recife. Estamos quase encerrando o ano lit\u00fargico. Celebramos o &hellip;<\/p>\n<p class=\"read-more\"> <a class=\"\" href=\"https:\/\/www.cnbb.org.br\/33o-domingo-do-tempo-comum\/\"> <span class=\"screen-reader-text\">33\u00ba Domingo do Tempo Comum\u00a0<\/span> Leia mais &raquo;<\/a><\/p>\n","protected":false},"author":31,"featured_media":0,"comment_status":"open","ping_status":"open","sticky":false,"template":"","format":"standard","meta":{"site-sidebar-layout":"default","site-content-layout":"default","ast-global-header-display":"","ast-banner-title-visibility":"","ast-main-header-display":"","ast-hfb-above-header-display":"","ast-hfb-below-header-display":"","ast-hfb-mobile-header-display":"","site-post-title":"","ast-breadcrumbs-content":"","ast-featured-img":"","footer-sml-layout":"","theme-transparent-header-meta":"default","adv-header-id-meta":"","stick-header-meta":"","header-above-stick-meta":"","header-main-stick-meta":"","header-below-stick-meta":""},"categories":[758],"tags":[],"acf":[],"_links":{"self":[{"href":"https:\/\/www.cnbb.org.br\/cnbb-app\/wp\/v2\/posts\/933264"}],"collection":[{"href":"https:\/\/www.cnbb.org.br\/cnbb-app\/wp\/v2\/posts"}],"about":[{"href":"https:\/\/www.cnbb.org.br\/cnbb-app\/wp\/v2\/types\/post"}],"author":[{"embeddable":true,"href":"https:\/\/www.cnbb.org.br\/cnbb-app\/wp\/v2\/users\/31"}],"replies":[{"embeddable":true,"href":"https:\/\/www.cnbb.org.br\/cnbb-app\/wp\/v2\/comments?post=933264"}],"version-history":[{"count":1,"href":"https:\/\/www.cnbb.org.br\/cnbb-app\/wp\/v2\/posts\/933264\/revisions"}],"predecessor-version":[{"id":933266,"href":"https:\/\/www.cnbb.org.br\/cnbb-app\/wp\/v2\/posts\/933264\/revisions\/933266"}],"wp:attachment":[{"href":"https:\/\/www.cnbb.org.br\/cnbb-app\/wp\/v2\/media?parent=933264"}],"wp:term":[{"taxonomy":"category","embeddable":true,"href":"https:\/\/www.cnbb.org.br\/cnbb-app\/wp\/v2\/categories?post=933264"},{"taxonomy":"post_tag","embeddable":true,"href":"https:\/\/www.cnbb.org.br\/cnbb-app\/wp\/v2\/tags?post=933264"}],"curies":[{"name":"wp","href":"https:\/\/api.w.org\/{rel}","templated":true}]}}