{"id":933278,"date":"2022-11-09T14:40:17","date_gmt":"2022-11-09T17:40:17","guid":{"rendered":"https:\/\/www.cnbb.org.br\/?p=933278"},"modified":"2022-11-09T14:40:45","modified_gmt":"2022-11-09T17:40:45","slug":"a-pobreza-riqueza-dos-pobres","status":"publish","type":"post","link":"https:\/\/www.cnbb.org.br\/a-pobreza-riqueza-dos-pobres\/","title":{"rendered":"A pobreza, riqueza dos pobres\u00a0"},"content":{"rendered":"<p style=\"text-align: right;\"><strong>Dom Roberto Francisco Ferreria Paz\u00a0<\/strong><br \/>\n<strong>Bispo de Campos (RJ)<\/strong><\/p>\n<p style=\"text-align: justify;\"><span data-ccp-props=\"{&quot;201341983&quot;:0,&quot;335551550&quot;:2,&quot;335551620&quot;:2,&quot;335559739&quot;:160,&quot;335559740&quot;:259}\">\u00a0<\/span><\/p>\n<p style=\"text-align: justify;\"><span data-contrast=\"auto\">A sexta jornada mundial dos pobres tem como texto b\u00edblico inspirador: \u201cJesus Cristo fez-se pobre por v\u00f3s\u201d (2 Cor 8,9). O tema convida a refletir, como faz o Papa Francisco, em duas \u00f3ticas sobre a pobreza. A primeira, que mostra o aspecto desagregador e desumano da pobreza que exclui e mata. E pensando nesta realidade, que o tema escolhido para animar esta VI jornada no Brasil foi: \u201cDai-lhes v\u00f3s mesmos de comer!\u201d, em perfeita sintonia com o tema da CF 2023, que focaliza a fraternidade e a fome, uma vez que a Rede de Pesquisa em soberania e Seguran\u00e7a alimentar e Nutricional (Rede Penssan) revelou que 33,1 milh\u00f5es de pessoas no Brasil n\u00e3o t<\/span><span data-contrast=\"auto\">\u00ea<\/span><span data-contrast=\"auto\">m o que comer.\u00a0<\/span><span data-ccp-props=\"{&quot;201341983&quot;:0,&quot;335551550&quot;:6,&quot;335551620&quot;:6,&quot;335559739&quot;:160,&quot;335559740&quot;:259}\">\u00a0<\/span><\/p>\n<p style=\"text-align: justify;\"><span data-contrast=\"auto\">A pobreza que mata \u00e9 a mis\u00e9ria, filha da injusti\u00e7a, da explora\u00e7\u00e3o da viol\u00eancia e da in\u00edqua distribui\u00e7\u00e3o dos recursos, afirma o Papa Francisco na sua mensagem. Mas, este ensinamento pontif\u00edcio revela, mais adiante, que a pobreza, como atitude comportamental evang\u00e9lica,<\/span><span data-contrast=\"auto\"> \u00e9<\/span><span data-contrast=\"auto\">, tamb\u00e9m, caminho de convers\u00e3o de vida e leva a assumir um estilo de ser e conviver centrado na austeridade e sobriedade. O pensador africano Albert T\u00e9vo\u00e9djr\u00e8, no livro <\/span><i><span data-contrast=\"auto\">A pobreza, riqueza dos povos,<\/span><\/i><span data-contrast=\"auto\"> salienta o poder da pobreza como for\u00e7a de transforma\u00e7\u00e3o da realidade pela solidariedade.\u00a0<\/span><span data-ccp-props=\"{&quot;201341983&quot;:0,&quot;335551550&quot;:6,&quot;335551620&quot;:6,&quot;335559739&quot;:160,&quot;335559740&quot;:259}\">\u00a0<\/span><\/p>\n<p style=\"text-align: justify;\"><span data-contrast=\"auto\">O Papa S\u00e3o Paulo VI j\u00e1 afirmava, na <\/span><i><span data-contrast=\"auto\">Populorum Progressio<\/span><\/i><span data-contrast=\"auto\">, que a solidariedade \u00e9 o novo nome da paz. S\u00f3 haver\u00e1 um desenvolvimento integral, solid\u00e1rio, sustent\u00e1vel e inclusivo, com uma economia de partilha e da comunh\u00e3o, obra dos pequenos e humildes. Sendo justamente isto que chamamos hoje de economia de Francisco e de Clara, ao propor uma escala mais humana, circular e colaborativa na produ\u00e7\u00e3o, distribui\u00e7\u00e3o e consumo dos bens.\u00a0<\/span><span data-ccp-props=\"{&quot;201341983&quot;:0,&quot;335551550&quot;:6,&quot;335551620&quot;:6,&quot;335559739&quot;:160,&quot;335559740&quot;:259}\">\u00a0<\/span><\/p>\n<p style=\"text-align: justify;\"><span data-contrast=\"auto\">Os pobres, por sua experi\u00eancia cotidiana de sobreviv\u00eancia e resist\u00eancia, voltam-se naturalmente <\/span><span data-contrast=\"auto\">\u00e0<\/span><span data-contrast=\"auto\"> economia popular solid\u00e1ria, buscando trocas e relacionamentos ison\u00f4micos e equitativos. Os pobres s\u00e3o convidados a ser mensageiros e profetas da civiliza\u00e7\u00e3o da ternura, da partilha e do dom de si mesmos. Que o Deus, que protege e defende a vida dos pobres, nos ensine, sempre, a ter e testemunhar um cora\u00e7\u00e3o fraterno e solid\u00e1rio para com todas as pessoas e criaturas da Terra. Deus seja louvado!<\/span><span data-ccp-props=\"{&quot;201341983&quot;:0,&quot;335551550&quot;:6,&quot;335551620&quot;:6,&quot;335559739&quot;:160,&quot;335559740&quot;:259}\">\u00a0<\/span><\/p>\n","protected":false},"excerpt":{"rendered":"<p>Dom Roberto Francisco Ferreria Paz\u00a0 Bispo de Campos (RJ) \u00a0 A sexta jornada mundial dos pobres tem como texto b\u00edblico inspirador: \u201cJesus Cristo fez-se pobre por v\u00f3s\u201d (2 Cor 8,9). O tema convida a refletir, como faz o Papa Francisco, em duas \u00f3ticas sobre a pobreza. A primeira, que mostra o aspecto desagregador e desumano &hellip;<\/p>\n<p class=\"read-more\"> <a class=\"\" href=\"https:\/\/www.cnbb.org.br\/a-pobreza-riqueza-dos-pobres\/\"> <span class=\"screen-reader-text\">A pobreza, riqueza dos pobres\u00a0<\/span> Leia mais &raquo;<\/a><\/p>\n","protected":false},"author":23,"featured_media":0,"comment_status":"open","ping_status":"open","sticky":false,"template":"","format":"standard","meta":{"site-sidebar-layout":"default","site-content-layout":"default","ast-global-header-display":"","ast-banner-title-visibility":"","ast-main-header-display":"","ast-hfb-above-header-display":"","ast-hfb-below-header-display":"","ast-hfb-mobile-header-display":"","site-post-title":"","ast-breadcrumbs-content":"","ast-featured-img":"","footer-sml-layout":"","theme-transparent-header-meta":"default","adv-header-id-meta":"","stick-header-meta":"","header-above-stick-meta":"","header-main-stick-meta":"","header-below-stick-meta":""},"categories":[758],"tags":[],"acf":[],"_links":{"self":[{"href":"https:\/\/www.cnbb.org.br\/cnbb-app\/wp\/v2\/posts\/933278"}],"collection":[{"href":"https:\/\/www.cnbb.org.br\/cnbb-app\/wp\/v2\/posts"}],"about":[{"href":"https:\/\/www.cnbb.org.br\/cnbb-app\/wp\/v2\/types\/post"}],"author":[{"embeddable":true,"href":"https:\/\/www.cnbb.org.br\/cnbb-app\/wp\/v2\/users\/23"}],"replies":[{"embeddable":true,"href":"https:\/\/www.cnbb.org.br\/cnbb-app\/wp\/v2\/comments?post=933278"}],"version-history":[{"count":1,"href":"https:\/\/www.cnbb.org.br\/cnbb-app\/wp\/v2\/posts\/933278\/revisions"}],"predecessor-version":[{"id":933279,"href":"https:\/\/www.cnbb.org.br\/cnbb-app\/wp\/v2\/posts\/933278\/revisions\/933279"}],"wp:attachment":[{"href":"https:\/\/www.cnbb.org.br\/cnbb-app\/wp\/v2\/media?parent=933278"}],"wp:term":[{"taxonomy":"category","embeddable":true,"href":"https:\/\/www.cnbb.org.br\/cnbb-app\/wp\/v2\/categories?post=933278"},{"taxonomy":"post_tag","embeddable":true,"href":"https:\/\/www.cnbb.org.br\/cnbb-app\/wp\/v2\/tags?post=933278"}],"curies":[{"name":"wp","href":"https:\/\/api.w.org\/{rel}","templated":true}]}}